{"id":43334,"date":"2025-02-05T07:45:55","date_gmt":"2025-02-05T06:45:55","guid":{"rendered":"https:\/\/blogs.diariosur.es\/tormentas-y-rayos\/?p=43334"},"modified":"2025-10-08T07:50:41","modified_gmt":"2025-10-08T05:50:41","slug":"sabeis-en-que-zona-de-malaga-cerca-del-mar-nevo-tambien-mucho-el-lunes-fotos-y-video-de-juan-serrano-perez","status":"publish","type":"post","link":"https:\/\/blogs.diariosur.es\/tormentas-y-rayos\/2025\/02\/05\/sabeis-en-que-zona-de-malaga-cerca-del-mar-nevo-tambien-mucho-el-lunes-fotos-y-video-de-juan-serrano-perez\/","title":{"rendered":"\u00bf Sab\u00e9is en que zona de la provincia de M\u00e1laga, cerca del mar, nev\u00f3 tambi\u00e9n mucho el lunes? Fotos y v\u00eddeo de Juan Serrano P\u00e9rez"},"content":{"rendered":"<p><a href=\"https:\/\/static-blogs.diariosur.es\/wp-content\/uploads\/sites\/12\/2025\/01\/474591997_10231480374091459_5977821584942016476_n-1.jpg\"><img loading=\"lazy\" class=\"aligncenter size-thumbnail wp-image-43211\" src=\"https:\/\/static-blogs.diariosur.es\/wp-content\/uploads\/sites\/12\/2025\/01\/474591997_10231480374091459_5977821584942016476_n-1-150x150.jpg\" alt=\"\" width=\"150\" height=\"150\" srcset=\"https:\/\/static-blogs.diariosur.es\/wp-content\/uploads\/sites\/12\/2025\/01\/474591997_10231480374091459_5977821584942016476_n-1-150x150.jpg 150w, https:\/\/static-blogs.diariosur.es\/wp-content\/uploads\/sites\/12\/2025\/01\/474591997_10231480374091459_5977821584942016476_n-1-400x400.jpg 400w, https:\/\/static-blogs.diariosur.es\/wp-content\/uploads\/sites\/12\/2025\/01\/474591997_10231480374091459_5977821584942016476_n-1-408x408.jpg 408w, https:\/\/static-blogs.diariosur.es\/wp-content\/uploads\/sites\/12\/2025\/01\/474591997_10231480374091459_5977821584942016476_n-1-768x768.jpg 768w, https:\/\/static-blogs.diariosur.es\/wp-content\/uploads\/sites\/12\/2025\/01\/474591997_10231480374091459_5977821584942016476_n-1.jpg 1000w\" sizes=\"(max-width: 150px) 100vw, 150px\" \/><\/a><\/p>\n<div dir=\"auto\">\n<p data-pm-slice=\"1 1 []\">Buenos d\u00edas, amigos de la meteo. Cuando son las siete y cuarto de la ma\u00f1ana en M\u00e1laga capital, el Aeropuerto registra 5,7 \u00baC, Antequera 1,2 \u00baC y Ronda 2,9 \u00baC y Archidona Huertas del R\u00edo -0,1 grado bajo cero. La m\u00e1xima hoy mi\u00e9rcoles rondar\u00e1 en la capital los 18 \u00baC. En estos momentos podemos tener bancos de niebla por el interior de la provincia; precauci\u00f3n.<\/p>\n<p>Ayer martes la temperatura m\u00e1xima se registr\u00f3 en el Centro Meteorol\u00f3gico con 18,6 \u00baC, Antequera 13,9 \u00baC y Ronda 13,2 \u00baC.<\/p>\n<p>&nbsp;<\/p>\n<h3><strong>\u00bfSab\u00e9is en qu\u00e9 zona de M\u00e1laga nev\u00f3 tambi\u00e9n mucho el lunes? Fotos y v\u00eddeo de Juan Serrano.<\/strong><\/h3>\n<p>La magia de la nieve tambi\u00e9n se produjo en Sierra Bermeja, Pico de los Reales. Os dejo con mi amigo Juan Serrano P\u00e9rez, experto monta\u00f1ero.<\/p>\n<p><em>Una nueva ocasi\u00f3n, la de hoy 3 de febrero, de poder disfrutar en las cotas m\u00e1s altas de Sierra Bermeja, en las proximidades de los Reales, de paisajes blancos y estampas nevadas entre pinsapos y peridotitas.<\/em><\/p>\n<p><em>Siempre prudentes, dejando el coche en Pe\u00f1as Blancas y ascendiendo los 6,5km y 525 m de desnivel positivo hasta llegar al Pico; es una imprudencia con el tiempo as\u00ed subir con el coche hasta arriba, y de hecho subieron un par de coches y en las cotas con nieve m\u00e1s altas se vieron algunas derrapadas y deslices de ruedas de coches sobre nieve e hielo peligrosas.<\/em><\/p>\n<p><em>Much\u00edsimo fr\u00edo all\u00ed arriba a las 18:15, cuando hicimos cima, con sensaciones t\u00e9rmicas muy por debajo de los cero grados.\u00a0<\/em><\/p>\n<p><em>Junto con el v\u00eddeo que he compartido, como siempre, algunas im\u00e1genes.<\/em><\/p>\n<\/div>\n<div dir=\"auto\"><\/div>\n<p><iframe loading=\"lazy\" title=\"YouTube video player\" src=\"https:\/\/www.youtube.com\/embed\/m0oJRxt3gOg?si=nli0QXXaOHh1v134\" width=\"560\" height=\"315\" frameborder=\"0\" allowfullscreen=\"allowfullscreen\"><\/iframe><\/p>\n<p>&nbsp;<\/p>\n<p><a href=\"https:\/\/static-blogs.diariosur.es\/wp-content\/uploads\/sites\/12\/2025\/02\/475594260_10231515292124388_2125896873483837952_n-e1738737198716.jpg\"><img loading=\"lazy\" class=\"aligncenter size-full wp-image-43337\" src=\"https:\/\/static-blogs.diariosur.es\/wp-content\/uploads\/sites\/12\/2025\/02\/475594260_10231515292124388_2125896873483837952_n-e1738737198716.jpg\" alt=\"\" width=\"1000\" height=\"562\" \/><\/a><\/p>\n<p>&nbsp;<\/p>\n<p><a href=\"https:\/\/static-blogs.diariosur.es\/wp-content\/uploads\/sites\/12\/2025\/02\/475905275_10231515293564424_6260674543362598609_n-e1738737234208.jpg\"><img loading=\"lazy\" class=\"aligncenter size-full wp-image-43338\" src=\"https:\/\/static-blogs.diariosur.es\/wp-content\/uploads\/sites\/12\/2025\/02\/475905275_10231515293564424_6260674543362598609_n-e1738737234208.jpg\" alt=\"\" width=\"1000\" height=\"562\" \/><\/a><\/p>\n<p>&nbsp;<\/p>\n<p><a href=\"https:\/\/static-blogs.diariosur.es\/wp-content\/uploads\/sites\/12\/2025\/02\/475969209_10231515293204415_4340896299600477295_n-e1738737263271.jpg\"><img loading=\"lazy\" class=\"aligncenter size-full wp-image-43339\" src=\"https:\/\/static-blogs.diariosur.es\/wp-content\/uploads\/sites\/12\/2025\/02\/475969209_10231515293204415_4340896299600477295_n-e1738737263271.jpg\" alt=\"\" width=\"1000\" height=\"562\" \/><\/a><\/p>\n<p>&nbsp;<\/p>\n<p><a href=\"https:\/\/static-blogs.diariosur.es\/wp-content\/uploads\/sites\/12\/2025\/02\/475995101_10231515294244441_5439071801795005674_n-e1738737307972.jpg\"><img loading=\"lazy\" class=\"aligncenter size-full wp-image-43340\" src=\"https:\/\/static-blogs.diariosur.es\/wp-content\/uploads\/sites\/12\/2025\/02\/475995101_10231515294244441_5439071801795005674_n-e1738737307972.jpg\" alt=\"\" width=\"1000\" height=\"562\" \/><\/a><\/p>\n<p>&nbsp;<\/p>\n<p><a href=\"https:\/\/static-blogs.diariosur.es\/wp-content\/uploads\/sites\/12\/2025\/02\/475982150_10231515293924433_4899375793965279513_n-e1738737341978.jpg\"><img loading=\"lazy\" class=\"aligncenter size-full wp-image-43341\" src=\"https:\/\/static-blogs.diariosur.es\/wp-content\/uploads\/sites\/12\/2025\/02\/475982150_10231515293924433_4899375793965279513_n-e1738737341978.jpg\" alt=\"\" width=\"1000\" height=\"562\" \/><\/a><\/p>\n<p>&nbsp;<\/p>\n<p><a href=\"https:\/\/static-blogs.diariosur.es\/wp-content\/uploads\/sites\/12\/2025\/02\/476156619_10231515298164539_7587068381836984115_n-e1738737378320.jpg\"><img loading=\"lazy\" class=\"aligncenter size-full wp-image-43342\" src=\"https:\/\/static-blogs.diariosur.es\/wp-content\/uploads\/sites\/12\/2025\/02\/476156619_10231515298164539_7587068381836984115_n-e1738737378320.jpg\" alt=\"\" width=\"1000\" height=\"563\" \/><\/a><\/p>\n<p>&nbsp;<\/p>\n<p><a href=\"https:\/\/static-blogs.diariosur.es\/wp-content\/uploads\/sites\/12\/2025\/02\/475999131_10231515294524448_3688052873505087842_n-e1738737445438.jpg\"><img loading=\"lazy\" class=\"aligncenter size-full wp-image-43343\" src=\"https:\/\/static-blogs.diariosur.es\/wp-content\/uploads\/sites\/12\/2025\/02\/475999131_10231515294524448_3688052873505087842_n-e1738737445438.jpg\" alt=\"\" width=\"1000\" height=\"562\" \/><\/a><\/p>\n<p>&nbsp;<\/p>\n<p><a href=\"https:\/\/static-blogs.diariosur.es\/wp-content\/uploads\/sites\/12\/2025\/02\/476154961_10231515296724503_1487973353031048532_n-e1738737481377.jpg\"><img loading=\"lazy\" class=\"aligncenter size-full wp-image-43344\" src=\"https:\/\/static-blogs.diariosur.es\/wp-content\/uploads\/sites\/12\/2025\/02\/476154961_10231515296724503_1487973353031048532_n-e1738737481377.jpg\" alt=\"\" width=\"1000\" height=\"563\" \/><\/a><\/p>\n<p>&nbsp;<\/p>\n<p><a href=\"https:\/\/static-blogs.diariosur.es\/wp-content\/uploads\/sites\/12\/2025\/02\/475881171_10229737592158302_4122428678201311931_n-e1738737506949.jpg\"><img loading=\"lazy\" class=\"aligncenter size-full wp-image-43345\" src=\"https:\/\/static-blogs.diariosur.es\/wp-content\/uploads\/sites\/12\/2025\/02\/475881171_10229737592158302_4122428678201311931_n-e1738737506949.jpg\" alt=\"\" width=\"1000\" height=\"563\" \/><\/a><\/p>\n<p>&nbsp;<\/p>\n<p><a href=\"https:\/\/static-blogs.diariosur.es\/wp-content\/uploads\/sites\/12\/2025\/02\/476238215_10229737593158327_5783263189274798585_n-e1738737591745.jpg\"><img loading=\"lazy\" class=\"aligncenter size-full wp-image-43346\" src=\"https:\/\/static-blogs.diariosur.es\/wp-content\/uploads\/sites\/12\/2025\/02\/476238215_10229737593158327_5783263189274798585_n-e1738737591745.jpg\" alt=\"\" width=\"1000\" height=\"563\" \/><\/a><\/p>\n<p>&nbsp;<\/p>\n<p>Muchas gracias amigo, seguimos en contacto.<\/p>\n","protected":false},"excerpt":{"rendered":"<p>Buenos d\u00edas, amigos de la meteo. Cuando son las siete y cuarto de la ma\u00f1ana en M\u00e1laga capital, el Aeropuerto registra 5,7 \u00baC, Antequera 1,2 \u00baC y Ronda 2,9 \u00baC y Archidona Huertas del R\u00edo -0,1 grado bajo cero. La m\u00e1xima hoy mi\u00e9rcoles rondar\u00e1 en la capital los 18 \u00baC. En estos momentos podemos tener [&hellip;]<\/p>\n","protected":false},"author":16,"featured_media":43342,"comment_status":"open","ping_status":"open","sticky":false,"template":"","format":"standard","meta":[],"categories":[2],"tags":[1627,387,1990,689,701,1989],"_links":{"self":[{"href":"https:\/\/blogs.diariosur.es\/tormentas-y-rayos\/wp-json\/wp\/v2\/posts\/43334"}],"collection":[{"href":"https:\/\/blogs.diariosur.es\/tormentas-y-rayos\/wp-json\/wp\/v2\/posts"}],"about":[{"href":"https:\/\/blogs.diariosur.es\/tormentas-y-rayos\/wp-json\/wp\/v2\/types\/post"}],"author":[{"embeddable":true,"href":"https:\/\/blogs.diariosur.es\/tormentas-y-rayos\/wp-json\/wp\/v2\/users\/16"}],"replies":[{"embeddable":true,"href":"https:\/\/blogs.diariosur.es\/tormentas-y-rayos\/wp-json\/wp\/v2\/comments?post=43334"}],"version-history":[{"count":5,"href":"https:\/\/blogs.diariosur.es\/tormentas-y-rayos\/wp-json\/wp\/v2\/posts\/43334\/revisions"}],"predecessor-version":[{"id":46773,"href":"https:\/\/blogs.diariosur.es\/tormentas-y-rayos\/wp-json\/wp\/v2\/posts\/43334\/revisions\/46773"}],"wp:featuredmedia":[{"embeddable":true,"href":"https:\/\/blogs.diariosur.es\/tormentas-y-rayos\/wp-json\/wp\/v2\/media\/43342"}],"wp:attachment":[{"href":"https:\/\/blogs.diariosur.es\/tormentas-y-rayos\/wp-json\/wp\/v2\/media?parent=43334"}],"wp:term":[{"taxonomy":"category","embeddable":true,"href":"https:\/\/blogs.diariosur.es\/tormentas-y-rayos\/wp-json\/wp\/v2\/categories?post=43334"},{"taxonomy":"post_tag","embeddable":true,"href":"https:\/\/blogs.diariosur.es\/tormentas-y-rayos\/wp-json\/wp\/v2\/tags?post=43334"}],"curies":[{"name":"wp","href":"https:\/\/api.w.org\/{rel}","templated":true}]}}