{"id":43353,"date":"2025-02-06T18:58:21","date_gmt":"2025-02-06T17:58:21","guid":{"rendered":"https:\/\/blogs.diariosur.es\/tormentas-y-rayos\/?p=43353"},"modified":"2025-10-08T07:48:52","modified_gmt":"2025-10-08T05:48:52","slug":"llovera-este-fin-de-semana-y-hara-frio-en-la-provincia-de-malaga","status":"publish","type":"post","link":"https:\/\/blogs.diariosur.es\/tormentas-y-rayos\/2025\/02\/06\/llovera-este-fin-de-semana-y-hara-frio-en-la-provincia-de-malaga\/","title":{"rendered":"\u00bfLlover\u00e1 este fin de semana y har\u00e1 fr\u00edo en la provincia de M\u00e1laga?"},"content":{"rendered":"<p><a href=\"https:\/\/static-blogs.diariosur.es\/wp-content\/uploads\/sites\/12\/2025\/01\/474591997_10231480374091459_5977821584942016476_n-1.jpg\"><img loading=\"lazy\" class=\"aligncenter size-thumbnail wp-image-43211\" src=\"https:\/\/static-blogs.diariosur.es\/wp-content\/uploads\/sites\/12\/2025\/01\/474591997_10231480374091459_5977821584942016476_n-1-150x150.jpg\" alt=\"\" width=\"150\" height=\"150\" srcset=\"https:\/\/static-blogs.diariosur.es\/wp-content\/uploads\/sites\/12\/2025\/01\/474591997_10231480374091459_5977821584942016476_n-1-150x150.jpg 150w, https:\/\/static-blogs.diariosur.es\/wp-content\/uploads\/sites\/12\/2025\/01\/474591997_10231480374091459_5977821584942016476_n-1-400x400.jpg 400w, https:\/\/static-blogs.diariosur.es\/wp-content\/uploads\/sites\/12\/2025\/01\/474591997_10231480374091459_5977821584942016476_n-1-408x408.jpg 408w, https:\/\/static-blogs.diariosur.es\/wp-content\/uploads\/sites\/12\/2025\/01\/474591997_10231480374091459_5977821584942016476_n-1-768x768.jpg 768w, https:\/\/static-blogs.diariosur.es\/wp-content\/uploads\/sites\/12\/2025\/01\/474591997_10231480374091459_5977821584942016476_n-1.jpg 1000w\" sizes=\"(max-width: 150px) 100vw, 150px\" \/><\/a><\/p>\n<p data-pm-slice=\"1 1 []\">Buenas tardes noches, amigos de la meteo.\u00a0 La temperatura m\u00e1xima hoy en M\u00e1laga capital ha sido de 18,5 \u00baC en el Puerto; el viento ha soplado flojo de direcci\u00f3n variable y los cielos han estado despejados.<\/p>\n<p>Antes de daros la predicci\u00f3n, os quiero comentar una cosilla: cuando pongo las efem\u00e9rides todos los meses en el blog, no me resulta muy trabajoso porque copio y pego de la AEMET; de todas formas, gracias por los comentarios. Otra cosa distinta es cuando todos los meses pongo los litros acumulados de las 100 estaciones malague\u00f1as; entonces dedico muchas horas, como cuando quiero dar una predicci\u00f3n m\u00e1s larga.<\/p>\n<h3><strong>\u00bfLlover\u00e1 este fin de semana y har\u00e1 fr\u00edo en la provincia de M\u00e1laga?<\/strong><\/h3>\n<p>Os cuento: ma\u00f1ana viernes a \u00faltima hora de la noche, o primera hora de la madrugada del s\u00e1bado, hay probabilidad de algunos chubascos por el interior occidental de la provincia de M\u00e1laga y comarca de Antequera; esto se deber\u00e1 al paso de un frente. Ma\u00f1ana las m\u00e1ximas estar\u00e1n por encima de la media.<\/p>\n<p>&nbsp;<\/p>\n<p><a href=\"https:\/\/static-blogs.diariosur.es\/wp-content\/uploads\/sites\/12\/2025\/02\/viernes.jpg\"><img loading=\"lazy\" class=\"aligncenter size-full wp-image-43354\" src=\"https:\/\/static-blogs.diariosur.es\/wp-content\/uploads\/sites\/12\/2025\/02\/viernes.jpg\" alt=\"\" width=\"1047\" height=\"823\" srcset=\"https:\/\/static-blogs.diariosur.es\/wp-content\/uploads\/sites\/12\/2025\/02\/viernes.jpg 1047w, https:\/\/static-blogs.diariosur.es\/wp-content\/uploads\/sites\/12\/2025\/02\/viernes-509x400.jpg 509w, https:\/\/static-blogs.diariosur.es\/wp-content\/uploads\/sites\/12\/2025\/02\/viernes-519x408.jpg 519w, https:\/\/static-blogs.diariosur.es\/wp-content\/uploads\/sites\/12\/2025\/02\/viernes-768x604.jpg 768w\" sizes=\"(max-width: 1047px) 100vw, 1047px\" \/><\/a><\/p>\n<p>&nbsp;<\/p>\n<p><strong>El s\u00e1bado<\/strong> baja la probabilidad de precipitaciones a partir de primeras horas de la ma\u00f1ana en toda la provincia. Tendremos rachas moderadas de terral de invierno y poniente en toda la costa malague\u00f1a.<\/p>\n<p>La Aemet prev\u00e9 estas temperaturas m\u00e1ximas y m\u00ednimas. Si os fij\u00e1is, por encima de la media.<\/p>\n<p>&nbsp;<\/p>\n<p><a href=\"https:\/\/static-blogs.diariosur.es\/wp-content\/uploads\/sites\/12\/2025\/02\/sabado.jpg\"><img loading=\"lazy\" class=\"aligncenter size-full wp-image-43355\" src=\"https:\/\/static-blogs.diariosur.es\/wp-content\/uploads\/sites\/12\/2025\/02\/sabado.jpg\" alt=\"\" width=\"1035\" height=\"819\" srcset=\"https:\/\/static-blogs.diariosur.es\/wp-content\/uploads\/sites\/12\/2025\/02\/sabado.jpg 1035w, https:\/\/static-blogs.diariosur.es\/wp-content\/uploads\/sites\/12\/2025\/02\/sabado-505x400.jpg 505w, https:\/\/static-blogs.diariosur.es\/wp-content\/uploads\/sites\/12\/2025\/02\/sabado-516x408.jpg 516w, https:\/\/static-blogs.diariosur.es\/wp-content\/uploads\/sites\/12\/2025\/02\/sabado-768x608.jpg 768w\" sizes=\"(max-width: 1035px) 100vw, 1035px\" \/><\/a><\/p>\n<p>&nbsp;<\/p>\n<p><strong>El domingo<\/strong> la probabilidad de precipitaciones es muy baja. A primera hora de la ma\u00f1ana el viento cambiar\u00e1 a levante, durante el cambio de terral a levante pueden darse alguna racha moderada en alg\u00fan punto de la costa.<\/p>\n<p>Os paso las temperaturas m\u00e1ximas y m\u00ednimas que prev\u00e9 la Aemet. Nuevamente por encima de la media.<\/p>\n<p>&nbsp;<\/p>\n<p><a href=\"https:\/\/static-blogs.diariosur.es\/wp-content\/uploads\/sites\/12\/2025\/02\/domingo.jpg\"><img loading=\"lazy\" class=\"aligncenter size-full wp-image-43356\" src=\"https:\/\/static-blogs.diariosur.es\/wp-content\/uploads\/sites\/12\/2025\/02\/domingo.jpg\" alt=\"\" width=\"1036\" height=\"811\" srcset=\"https:\/\/static-blogs.diariosur.es\/wp-content\/uploads\/sites\/12\/2025\/02\/domingo.jpg 1036w, https:\/\/static-blogs.diariosur.es\/wp-content\/uploads\/sites\/12\/2025\/02\/domingo-511x400.jpg 511w, https:\/\/static-blogs.diariosur.es\/wp-content\/uploads\/sites\/12\/2025\/02\/domingo-521x408.jpg 521w, https:\/\/static-blogs.diariosur.es\/wp-content\/uploads\/sites\/12\/2025\/02\/domingo-768x601.jpg 768w\" sizes=\"(max-width: 1036px) 100vw, 1036px\" \/><\/a><\/p>\n<p>&nbsp;<\/p>\n<p>Os dejo con este fot\u00f3n de la Sierra de las Nieves, de mi amiga Nany Lavado. No es IA.<\/p>\n<p>&nbsp;<\/p>\n<p><a href=\"https:\/\/static-blogs.diariosur.es\/wp-content\/uploads\/sites\/12\/2025\/02\/476160528_10231522169016306_4334827934028283384_n-e1738864563517.jpg\"><img loading=\"lazy\" class=\"aligncenter size-full wp-image-43357\" src=\"https:\/\/static-blogs.diariosur.es\/wp-content\/uploads\/sites\/12\/2025\/02\/476160528_10231522169016306_4334827934028283384_n-e1738864563517.jpg\" alt=\"\" width=\"1000\" height=\"667\" \/><\/a><\/p>\n","protected":false},"excerpt":{"rendered":"<p>Buenas tardes noches, amigos de la meteo.\u00a0 La temperatura m\u00e1xima hoy en M\u00e1laga capital ha sido de 18,5 \u00baC en el Puerto; el viento ha soplado flojo de direcci\u00f3n variable y los cielos han estado despejados. Antes de daros la predicci\u00f3n, os quiero comentar una cosilla: cuando pongo las efem\u00e9rides todos los meses en el [&hellip;]<\/p>\n","protected":false},"author":16,"featured_media":43357,"comment_status":"open","ping_status":"open","sticky":false,"template":"","format":"standard","meta":[],"categories":[2],"tags":[358,432,587,800,915],"_links":{"self":[{"href":"https:\/\/blogs.diariosur.es\/tormentas-y-rayos\/wp-json\/wp\/v2\/posts\/43353"}],"collection":[{"href":"https:\/\/blogs.diariosur.es\/tormentas-y-rayos\/wp-json\/wp\/v2\/posts"}],"about":[{"href":"https:\/\/blogs.diariosur.es\/tormentas-y-rayos\/wp-json\/wp\/v2\/types\/post"}],"author":[{"embeddable":true,"href":"https:\/\/blogs.diariosur.es\/tormentas-y-rayos\/wp-json\/wp\/v2\/users\/16"}],"replies":[{"embeddable":true,"href":"https:\/\/blogs.diariosur.es\/tormentas-y-rayos\/wp-json\/wp\/v2\/comments?post=43353"}],"version-history":[{"count":3,"href":"https:\/\/blogs.diariosur.es\/tormentas-y-rayos\/wp-json\/wp\/v2\/posts\/43353\/revisions"}],"predecessor-version":[{"id":46772,"href":"https:\/\/blogs.diariosur.es\/tormentas-y-rayos\/wp-json\/wp\/v2\/posts\/43353\/revisions\/46772"}],"wp:featuredmedia":[{"embeddable":true,"href":"https:\/\/blogs.diariosur.es\/tormentas-y-rayos\/wp-json\/wp\/v2\/media\/43357"}],"wp:attachment":[{"href":"https:\/\/blogs.diariosur.es\/tormentas-y-rayos\/wp-json\/wp\/v2\/media?parent=43353"}],"wp:term":[{"taxonomy":"category","embeddable":true,"href":"https:\/\/blogs.diariosur.es\/tormentas-y-rayos\/wp-json\/wp\/v2\/categories?post=43353"},{"taxonomy":"post_tag","embeddable":true,"href":"https:\/\/blogs.diariosur.es\/tormentas-y-rayos\/wp-json\/wp\/v2\/tags?post=43353"}],"curies":[{"name":"wp","href":"https:\/\/api.w.org\/{rel}","templated":true}]}}