{"id":43362,"date":"2025-02-08T08:44:38","date_gmt":"2025-02-08T07:44:38","guid":{"rendered":"https:\/\/blogs.diariosur.es\/tormentas-y-rayos\/?p=43362"},"modified":"2025-10-08T07:43:59","modified_gmt":"2025-10-08T05:43:59","slug":"cuantas-veces-pensais-que-han-caido-en-malaga-capital-mas-de1000-litros-por-metro-cuadrado-acumulados-en-un-ano-y-menos-de-180","status":"publish","type":"post","link":"https:\/\/blogs.diariosur.es\/tormentas-y-rayos\/2025\/02\/08\/cuantas-veces-pensais-que-han-caido-en-malaga-capital-mas-de1000-litros-por-metro-cuadrado-acumulados-en-un-ano-y-menos-de-180\/","title":{"rendered":"\u00bfCu\u00e1ntas veces pens\u00e1is que han ca\u00eddo en M\u00e1laga capital mas de 1000 litros acumulados en un a\u00f1o y cuando menos de 180?"},"content":{"rendered":"<p><a href=\"https:\/\/static-blogs.diariosur.es\/wp-content\/uploads\/sites\/12\/2025\/01\/474591997_10231480374091459_5977821584942016476_n-1.jpg\"><img loading=\"lazy\" class=\"aligncenter size-thumbnail wp-image-43211\" src=\"https:\/\/static-blogs.diariosur.es\/wp-content\/uploads\/sites\/12\/2025\/01\/474591997_10231480374091459_5977821584942016476_n-1-150x150.jpg\" alt=\"\" width=\"150\" height=\"150\" srcset=\"https:\/\/static-blogs.diariosur.es\/wp-content\/uploads\/sites\/12\/2025\/01\/474591997_10231480374091459_5977821584942016476_n-1-150x150.jpg 150w, https:\/\/static-blogs.diariosur.es\/wp-content\/uploads\/sites\/12\/2025\/01\/474591997_10231480374091459_5977821584942016476_n-1-400x400.jpg 400w, https:\/\/static-blogs.diariosur.es\/wp-content\/uploads\/sites\/12\/2025\/01\/474591997_10231480374091459_5977821584942016476_n-1-408x408.jpg 408w, https:\/\/static-blogs.diariosur.es\/wp-content\/uploads\/sites\/12\/2025\/01\/474591997_10231480374091459_5977821584942016476_n-1-768x768.jpg 768w, https:\/\/static-blogs.diariosur.es\/wp-content\/uploads\/sites\/12\/2025\/01\/474591997_10231480374091459_5977821584942016476_n-1.jpg 1000w\" sizes=\"(max-width: 150px) 100vw, 150px\" \/><\/a><\/p>\n<p data-pm-slice=\"1 1 []\">Buenos d\u00edas, amigos de la meteo. Al final, esta pasada madrugada hemos tenido una peque\u00f1a sorpresa; ha llovido en <strong>algunos portales<\/strong> de M\u00e1laga capital, muy poco, lo s\u00e9. Mi portal se ha mojado y, sinceramente, no lo esperaba.<\/p>\n<p>En otras zonas de la provincia malague\u00f1a han rondado entre los dos y cinco litros, como es el caso de la comarca de Antequera e interior m\u00e1s occidental. En la Axarqu\u00eda apenas nada e incluso 0 mm.<\/p>\n<h3><strong>\u00bfCu\u00e1ntas veces pens\u00e1is que han ca\u00eddo en M\u00e1laga capital m\u00e1s de 1000 litros acumulados en un a\u00f1o y cu\u00e1ndo menos de 180?<\/strong><\/h3>\n<p>Los datos que os pongo son de la estaci\u00f3n de la AEMET del Aeropuerto de M\u00e1laga, que, como todos sab\u00e9is, es la que se toma por referencia. Los datos son desde el a\u00f1o 1943.<\/p>\n<p>En M\u00e1laga capital hemos sobrepasado los <strong>1000 mm<\/strong> en cinco ocasiones que os pongo a continuaci\u00f3n. Siendo el a\u00f1o 2010 el m\u00e1s lluvioso desde que se tienen registros. Destacar que en los a\u00f1os 1969 y 1970 se acumularon un total de 2325 litros por metro cuadrado; esto nos har\u00eda falta ahora.<\/p>\n<p><strong>A\u00f1o 2010, se acumularon 1207 litros por metro cuadrado.<\/strong><\/p>\n<p><strong>A\u00f1o 1969, se acumularon 1172 litros por metro cuadrado.<\/strong><\/p>\n<p><strong>A\u00f1o 1970, se acumularon 1153 litros por metro cuadrado.<\/strong><\/p>\n<p><strong>A\u00f1o 1996, se acumularon 1154 litros por metro cuadrado.<\/strong><\/p>\n<p><strong>A\u00f1o 1989, se acumularon 1092 litros por metro cuadrado.<\/strong><\/p>\n<p>En cuanto a los a\u00f1os que menos ha llovido en M\u00e1laga capital, han sido el 2023 con tan solo 179,2 mm y el 2019 con 204 mm.<\/p>\n<p>Os paso la gr\u00e1fica. Fuente Aemet Aeropuerto.<\/p>\n<p>Muchas gracias, Jos\u00e9 Mar\u00eda S\u00e1nchez-Laulh\u00e9, por tus explicaciones y datos.<\/p>\n<p>&nbsp;<\/p>\n<p>&nbsp;<\/p>\n<p>&nbsp;<\/p>\n<p><a href=\"https:\/\/static-blogs.diariosur.es\/wp-content\/uploads\/sites\/12\/2025\/02\/IMG-20250207-WA0054-scaled-e1738996773374.jpg\"><img loading=\"lazy\" class=\"aligncenter size-full wp-image-43368\" src=\"https:\/\/static-blogs.diariosur.es\/wp-content\/uploads\/sites\/12\/2025\/02\/IMG-20250207-WA0054-scaled-e1738996773374.jpg\" alt=\"\" width=\"1200\" height=\"657\" \/><\/a><\/p>\n<p>&nbsp;<\/p>\n<p>&nbsp;<\/p>\n","protected":false},"excerpt":{"rendered":"<p>Buenos d\u00edas, amigos de la meteo. Al final, esta pasada madrugada hemos tenido una peque\u00f1a sorpresa; ha llovido en algunos portales de M\u00e1laga capital, muy poco, lo s\u00e9. Mi portal se ha mojado y, sinceramente, no lo esperaba. En otras zonas de la provincia malague\u00f1a han rondado entre los dos y cinco litros, como es [&hellip;]<\/p>\n","protected":false},"author":16,"featured_media":43369,"comment_status":"open","ping_status":"open","sticky":false,"template":"","format":"standard","meta":[],"categories":[2],"tags":[1994,45,307,1114,587],"_links":{"self":[{"href":"https:\/\/blogs.diariosur.es\/tormentas-y-rayos\/wp-json\/wp\/v2\/posts\/43362"}],"collection":[{"href":"https:\/\/blogs.diariosur.es\/tormentas-y-rayos\/wp-json\/wp\/v2\/posts"}],"about":[{"href":"https:\/\/blogs.diariosur.es\/tormentas-y-rayos\/wp-json\/wp\/v2\/types\/post"}],"author":[{"embeddable":true,"href":"https:\/\/blogs.diariosur.es\/tormentas-y-rayos\/wp-json\/wp\/v2\/users\/16"}],"replies":[{"embeddable":true,"href":"https:\/\/blogs.diariosur.es\/tormentas-y-rayos\/wp-json\/wp\/v2\/comments?post=43362"}],"version-history":[{"count":13,"href":"https:\/\/blogs.diariosur.es\/tormentas-y-rayos\/wp-json\/wp\/v2\/posts\/43362\/revisions"}],"predecessor-version":[{"id":46769,"href":"https:\/\/blogs.diariosur.es\/tormentas-y-rayos\/wp-json\/wp\/v2\/posts\/43362\/revisions\/46769"}],"wp:featuredmedia":[{"embeddable":true,"href":"https:\/\/blogs.diariosur.es\/tormentas-y-rayos\/wp-json\/wp\/v2\/media\/43369"}],"wp:attachment":[{"href":"https:\/\/blogs.diariosur.es\/tormentas-y-rayos\/wp-json\/wp\/v2\/media?parent=43362"}],"wp:term":[{"taxonomy":"category","embeddable":true,"href":"https:\/\/blogs.diariosur.es\/tormentas-y-rayos\/wp-json\/wp\/v2\/categories?post=43362"},{"taxonomy":"post_tag","embeddable":true,"href":"https:\/\/blogs.diariosur.es\/tormentas-y-rayos\/wp-json\/wp\/v2\/tags?post=43362"}],"curies":[{"name":"wp","href":"https:\/\/api.w.org\/{rel}","templated":true}]}}