{"id":43377,"date":"2025-02-08T19:52:28","date_gmt":"2025-02-08T18:52:28","guid":{"rendered":"https:\/\/blogs.diariosur.es\/tormentas-y-rayos\/?p=43377"},"modified":"2025-10-08T07:45:01","modified_gmt":"2025-10-08T05:45:01","slug":"se-quitara-manana-domingo-el-terral-de-invierno-y-el-poniente-en-la-provincia-malaguena","status":"publish","type":"post","link":"https:\/\/blogs.diariosur.es\/tormentas-y-rayos\/2025\/02\/08\/se-quitara-manana-domingo-el-terral-de-invierno-y-el-poniente-en-la-provincia-malaguena\/","title":{"rendered":"\u00bfSe quitar\u00e1 ma\u00f1ana domingo el terral de invierno y el poniente en la provincia malague\u00f1a?"},"content":{"rendered":"<p><a href=\"https:\/\/static-blogs.diariosur.es\/wp-content\/uploads\/sites\/12\/2025\/01\/474591997_10231480374091459_5977821584942016476_n-1.jpg\"><img loading=\"lazy\" class=\"aligncenter size-thumbnail wp-image-43211\" src=\"https:\/\/static-blogs.diariosur.es\/wp-content\/uploads\/sites\/12\/2025\/01\/474591997_10231480374091459_5977821584942016476_n-1-150x150.jpg\" alt=\"\" width=\"150\" height=\"150\" srcset=\"https:\/\/static-blogs.diariosur.es\/wp-content\/uploads\/sites\/12\/2025\/01\/474591997_10231480374091459_5977821584942016476_n-1-150x150.jpg 150w, https:\/\/static-blogs.diariosur.es\/wp-content\/uploads\/sites\/12\/2025\/01\/474591997_10231480374091459_5977821584942016476_n-1-400x400.jpg 400w, https:\/\/static-blogs.diariosur.es\/wp-content\/uploads\/sites\/12\/2025\/01\/474591997_10231480374091459_5977821584942016476_n-1-408x408.jpg 408w, https:\/\/static-blogs.diariosur.es\/wp-content\/uploads\/sites\/12\/2025\/01\/474591997_10231480374091459_5977821584942016476_n-1-768x768.jpg 768w, https:\/\/static-blogs.diariosur.es\/wp-content\/uploads\/sites\/12\/2025\/01\/474591997_10231480374091459_5977821584942016476_n-1.jpg 1000w\" sizes=\"(max-width: 150px) 100vw, 150px\" \/><\/a><\/p>\n<p data-pm-slice=\"1 1 []\">Buenas noches, amigos de la meteo. La temperatura m\u00e1xima hoy s\u00e1bado 8 de febrero en M\u00e1laga capital ha sido de 18,8 \u00b0C; destacar Algarrobo con 20,5, Estepona\u00a020,2, Frigiliana 20,1 y Nerja 19,9. Fuentes: AEMET, Meteoclimatic y Wunderground.<\/p>\n<p>Las rachas m\u00e1s fuertes de viento se han registrado en el litoral; han rondado entre los 40 y 54 km\/h.<\/p>\n<h3><strong>\u00bfSe quitar\u00e1 ma\u00f1ana domingo el terral y el poniente en la provincia malague\u00f1a?<\/strong><\/h3>\n<p>Ma\u00f1ana domingo a primera hora de la ma\u00f1ana, se quitar\u00e1 el terral y el poniente, empezando por la costa oriental. Durante el cambio de viento a levante hay probabilidad de rachas moderadas y nubes bajas. Las temperaturas m\u00e1ximas bajar\u00e1n un poco donde hoy se han acercado a los 20 \u00b0C.<\/p>\n<p>Ma\u00f1ana por la tarde, os dar\u00e9 un avance del tiempo para los primeros d\u00edas de la semana.<\/p>\n<p>&nbsp;<\/p>\n<p>&nbsp;<\/p>\n<p>&nbsp;<\/p>\n","protected":false},"excerpt":{"rendered":"<p>Buenas noches, amigos de la meteo. La temperatura m\u00e1xima hoy s\u00e1bado 8 de febrero en M\u00e1laga capital ha sido de 18,8 \u00b0C; destacar Algarrobo con 20,5, Estepona\u00a020,2, Frigiliana 20,1 y Nerja 19,9. Fuentes: AEMET, Meteoclimatic y Wunderground. Las rachas m\u00e1s fuertes de viento se han registrado en el litoral; han rondado entre los 40 y [&hellip;]<\/p>\n","protected":false},"author":16,"featured_media":43381,"comment_status":"open","ping_status":"open","sticky":false,"template":"","format":"standard","meta":[],"categories":[2],"tags":[340,358,553,800,975],"_links":{"self":[{"href":"https:\/\/blogs.diariosur.es\/tormentas-y-rayos\/wp-json\/wp\/v2\/posts\/43377"}],"collection":[{"href":"https:\/\/blogs.diariosur.es\/tormentas-y-rayos\/wp-json\/wp\/v2\/posts"}],"about":[{"href":"https:\/\/blogs.diariosur.es\/tormentas-y-rayos\/wp-json\/wp\/v2\/types\/post"}],"author":[{"embeddable":true,"href":"https:\/\/blogs.diariosur.es\/tormentas-y-rayos\/wp-json\/wp\/v2\/users\/16"}],"replies":[{"embeddable":true,"href":"https:\/\/blogs.diariosur.es\/tormentas-y-rayos\/wp-json\/wp\/v2\/comments?post=43377"}],"version-history":[{"count":5,"href":"https:\/\/blogs.diariosur.es\/tormentas-y-rayos\/wp-json\/wp\/v2\/posts\/43377\/revisions"}],"predecessor-version":[{"id":46770,"href":"https:\/\/blogs.diariosur.es\/tormentas-y-rayos\/wp-json\/wp\/v2\/posts\/43377\/revisions\/46770"}],"wp:featuredmedia":[{"embeddable":true,"href":"https:\/\/blogs.diariosur.es\/tormentas-y-rayos\/wp-json\/wp\/v2\/media\/43381"}],"wp:attachment":[{"href":"https:\/\/blogs.diariosur.es\/tormentas-y-rayos\/wp-json\/wp\/v2\/media?parent=43377"}],"wp:term":[{"taxonomy":"category","embeddable":true,"href":"https:\/\/blogs.diariosur.es\/tormentas-y-rayos\/wp-json\/wp\/v2\/categories?post=43377"},{"taxonomy":"post_tag","embeddable":true,"href":"https:\/\/blogs.diariosur.es\/tormentas-y-rayos\/wp-json\/wp\/v2\/tags?post=43377"}],"curies":[{"name":"wp","href":"https:\/\/api.w.org\/{rel}","templated":true}]}}