{"id":43399,"date":"2025-02-11T07:35:50","date_gmt":"2025-02-11T06:35:50","guid":{"rendered":"https:\/\/blogs.diariosur.es\/tormentas-y-rayos\/?p=43399"},"modified":"2025-12-15T18:23:47","modified_gmt":"2025-12-15T17:23:47","slug":"la-meteorologia-llega-al-ies-concha-mendez-cuesta-de-torremolinos","status":"publish","type":"post","link":"https:\/\/blogs.diariosur.es\/tormentas-y-rayos\/2025\/02\/11\/la-meteorologia-llega-al-ies-concha-mendez-cuesta-de-torremolinos\/","title":{"rendered":"La meteorolog\u00eda llega al IES Concha M\u00e9ndez Cuesta de Torremolinos"},"content":{"rendered":"<p><a href=\"https:\/\/static-blogs.diariosur.es\/wp-content\/uploads\/sites\/12\/2025\/01\/474591997_10231480374091459_5977821584942016476_n-1.jpg\"><img loading=\"lazy\" class=\"aligncenter size-thumbnail wp-image-43211\" src=\"https:\/\/static-blogs.diariosur.es\/wp-content\/uploads\/sites\/12\/2025\/01\/474591997_10231480374091459_5977821584942016476_n-1-150x150.jpg\" alt=\"\" width=\"150\" height=\"150\" srcset=\"https:\/\/static-blogs.diariosur.es\/wp-content\/uploads\/sites\/12\/2025\/01\/474591997_10231480374091459_5977821584942016476_n-1-150x150.jpg 150w, https:\/\/static-blogs.diariosur.es\/wp-content\/uploads\/sites\/12\/2025\/01\/474591997_10231480374091459_5977821584942016476_n-1-400x400.jpg 400w, https:\/\/static-blogs.diariosur.es\/wp-content\/uploads\/sites\/12\/2025\/01\/474591997_10231480374091459_5977821584942016476_n-1-408x408.jpg 408w, https:\/\/static-blogs.diariosur.es\/wp-content\/uploads\/sites\/12\/2025\/01\/474591997_10231480374091459_5977821584942016476_n-1-768x768.jpg 768w, https:\/\/static-blogs.diariosur.es\/wp-content\/uploads\/sites\/12\/2025\/01\/474591997_10231480374091459_5977821584942016476_n-1.jpg 1000w\" sizes=\"(max-width: 150px) 100vw, 150px\" \/><\/a><\/p>\n<p>Buenos d\u00edas, amigos de la meteo. Esta tarde os dar\u00e9 la ultima hora de la previsi\u00f3n de ma\u00f1ana mi\u00e9rcoles, de momento hoy llover\u00e1 en Huelva y Sevilla.<\/p>\n<p>&nbsp;<\/p>\n<h3><span style=\"color: #0000ff;\"><strong>La meteorolog\u00eda llega al IES Concha M\u00e9ndez Cuesta de Torremolinos<\/strong><\/span><\/h3>\n<p><em>Hoy lunes 10 de febrero en el CMC hemos tenido una interesante ponencia: \u201cEl terral malague\u00f1o, mitos y realidades\u201d, a cargo del divulgador y comunicador del tiempo Jos\u00e9 Luis Escudero. Esta charla ha sido organizada en el marco del Programa CIMA (coordinadora Teresa Olmo) y su \u00e1mbito ALDEA, (coordinador Rub\u00e9n Gonz\u00e1lez).<\/em><\/p>\n<p><em>La charla ha consistido en una presentaci\u00f3n sobre dicho viento conocido por todos, sus or\u00edgenes, y mitos\/ realidades en torno al terral. Adem\u00e1s, ha hecho menci\u00f3n a fen\u00f3menos curiosos, como cuando llovi\u00f3 barro por la cantidad de calima acumulada; ha mostrado fotograf\u00edas de las caracter\u00edsticas orogr\u00e1ficas de M\u00e1laga; gr\u00e1ficas\u00a0de subida de temperaturas, diferencias de rangos, as\u00ed como interpretado muchos datos cient\u00edficos en un lenguaje t\u00e9cnico pero accesible, basado en evidencias emp\u00edricas y muchos a\u00f1os de observaci\u00f3n de los cielos de M\u00e1laga. Asimismo, ha mostrado que el aumento de temperaturas en los \u00faltimos cincuenta a\u00f1os no s\u00f3lo se debe al terral sino al cambio clim\u00e1tico, con un aumento de +2,5 grados de media en la temperatura.\u00a0<\/em><\/p>\n<p>Muchas gracias Teresa Olmo por invitarme.<\/p>\n<p>Dar las gracias tambi\u00e9n al Director Sergio D\u00edaz, a los profesores \u00c1ngel Isa\u00edas Gonz\u00e1lez y Mari Paz Ferrer por asistir a la ponencia.<\/p>\n<p>Muchas gracias a todos los alumnos y alumnas por asistir, lo he pasado genial. Que teng\u00e1is mucha suerte con las pruebas de la EVAU.<\/p>\n<p>&nbsp;<\/p>\n<div class=\"x11i5rnm xat24cr x1mh8g0r x1vvkbs xtlvy1s x126k92a\">\n<div dir=\"auto\">\n<p>&nbsp;<\/p>\n<\/div>\n<p><a href=\"https:\/\/static-blogs.diariosur.es\/wp-content\/uploads\/sites\/12\/2025\/02\/476462550_10231543209862314_7885581865073786543_n-e1739216229297.jpg\"><img loading=\"lazy\" class=\"aligncenter size-full wp-image-43402\" src=\"https:\/\/static-blogs.diariosur.es\/wp-content\/uploads\/sites\/12\/2025\/02\/476462550_10231543209862314_7885581865073786543_n-e1739216229297.jpg\" alt=\"\" width=\"1000\" height=\"750\" \/><\/a><\/p>\n<\/div>\n<p>&nbsp;<\/p>\n<div class=\"x11i5rnm xat24cr x1mh8g0r x1vvkbs xtlvy1s x126k92a\">\n<div dir=\"auto\">\n<p><a href=\"https:\/\/static-blogs.diariosur.es\/wp-content\/uploads\/sites\/12\/2025\/02\/476780544_10231543415867464_6434362671751873124_n-e1739216256382.jpg\"><img loading=\"lazy\" class=\"aligncenter size-full wp-image-43403\" src=\"https:\/\/static-blogs.diariosur.es\/wp-content\/uploads\/sites\/12\/2025\/02\/476780544_10231543415867464_6434362671751873124_n-e1739216256382.jpg\" alt=\"\" width=\"1000\" height=\"750\" \/><\/a><\/p>\n<\/div>\n<p><a href=\"https:\/\/static-blogs.diariosur.es\/wp-content\/uploads\/sites\/12\/2025\/02\/476359651_10231543414347426_687448044304295408_n-e1739216290995.jpg\"><img loading=\"lazy\" class=\"aligncenter size-full wp-image-43404\" src=\"https:\/\/static-blogs.diariosur.es\/wp-content\/uploads\/sites\/12\/2025\/02\/476359651_10231543414347426_687448044304295408_n-e1739216290995.jpg\" alt=\"\" width=\"800\" height=\"1067\" \/><\/a><\/p>\n<p>&nbsp;<\/p>\n<\/div>\n<p><a href=\"https:\/\/static-blogs.diariosur.es\/wp-content\/uploads\/sites\/12\/2025\/02\/476808626_10231543453188397_1051626719854335183_n-e1739216393804.jpg\"><img loading=\"lazy\" class=\"aligncenter size-full wp-image-43405\" src=\"https:\/\/static-blogs.diariosur.es\/wp-content\/uploads\/sites\/12\/2025\/02\/476808626_10231543453188397_1051626719854335183_n-e1739216393804.jpg\" alt=\"\" width=\"1000\" height=\"750\" \/><\/a><\/p>\n<p>&nbsp;<\/p>\n<p><a href=\"https:\/\/static-blogs.diariosur.es\/wp-content\/uploads\/sites\/12\/2025\/02\/476598887_10231543449348301_8975934269695260226_n-e1739216483500.jpg\"><img loading=\"lazy\" class=\"aligncenter size-full wp-image-43406\" src=\"https:\/\/static-blogs.diariosur.es\/wp-content\/uploads\/sites\/12\/2025\/02\/476598887_10231543449348301_8975934269695260226_n-e1739216483500.jpg\" alt=\"\" width=\"900\" height=\"1200\" \/><\/a><\/p>\n<p>&nbsp;<\/p>\n<p><a href=\"https:\/\/static-blogs.diariosur.es\/wp-content\/uploads\/sites\/12\/2025\/02\/z-2-e1739217420794.jpg\"><img loading=\"lazy\" class=\"aligncenter size-full wp-image-43408\" src=\"https:\/\/static-blogs.diariosur.es\/wp-content\/uploads\/sites\/12\/2025\/02\/z-2-e1739217420794.jpg\" alt=\"\" width=\"900\" height=\"1200\" \/><\/a><\/p>\n","protected":false},"excerpt":{"rendered":"<p>Buenos d\u00edas, amigos de la meteo. Esta tarde os dar\u00e9 la ultima hora de la previsi\u00f3n de ma\u00f1ana mi\u00e9rcoles, de momento hoy llover\u00e1 en Huelva y Sevilla. &nbsp; La meteorolog\u00eda llega al IES Concha M\u00e9ndez Cuesta de Torremolinos Hoy lunes 10 de febrero en el CMC hemos tenido una interesante ponencia: \u201cEl terral malague\u00f1o, mitos [&hellip;]<\/p>\n","protected":false},"author":16,"featured_media":43402,"comment_status":"open","ping_status":"open","sticky":false,"template":"","format":"standard","meta":[],"categories":[2],"tags":[1996,1998,1995,1997,1011],"_links":{"self":[{"href":"https:\/\/blogs.diariosur.es\/tormentas-y-rayos\/wp-json\/wp\/v2\/posts\/43399"}],"collection":[{"href":"https:\/\/blogs.diariosur.es\/tormentas-y-rayos\/wp-json\/wp\/v2\/posts"}],"about":[{"href":"https:\/\/blogs.diariosur.es\/tormentas-y-rayos\/wp-json\/wp\/v2\/types\/post"}],"author":[{"embeddable":true,"href":"https:\/\/blogs.diariosur.es\/tormentas-y-rayos\/wp-json\/wp\/v2\/users\/16"}],"replies":[{"embeddable":true,"href":"https:\/\/blogs.diariosur.es\/tormentas-y-rayos\/wp-json\/wp\/v2\/comments?post=43399"}],"version-history":[{"count":15,"href":"https:\/\/blogs.diariosur.es\/tormentas-y-rayos\/wp-json\/wp\/v2\/posts\/43399\/revisions"}],"predecessor-version":[{"id":48151,"href":"https:\/\/blogs.diariosur.es\/tormentas-y-rayos\/wp-json\/wp\/v2\/posts\/43399\/revisions\/48151"}],"wp:featuredmedia":[{"embeddable":true,"href":"https:\/\/blogs.diariosur.es\/tormentas-y-rayos\/wp-json\/wp\/v2\/media\/43402"}],"wp:attachment":[{"href":"https:\/\/blogs.diariosur.es\/tormentas-y-rayos\/wp-json\/wp\/v2\/media?parent=43399"}],"wp:term":[{"taxonomy":"category","embeddable":true,"href":"https:\/\/blogs.diariosur.es\/tormentas-y-rayos\/wp-json\/wp\/v2\/categories?post=43399"},{"taxonomy":"post_tag","embeddable":true,"href":"https:\/\/blogs.diariosur.es\/tormentas-y-rayos\/wp-json\/wp\/v2\/tags?post=43399"}],"curies":[{"name":"wp","href":"https:\/\/api.w.org\/{rel}","templated":true}]}}