{"id":43420,"date":"2025-02-11T20:24:56","date_gmt":"2025-02-11T19:24:56","guid":{"rendered":"https:\/\/blogs.diariosur.es\/tormentas-y-rayos\/?p=43420"},"modified":"2025-10-08T07:39:12","modified_gmt":"2025-10-08T05:39:12","slug":"tendremos-manana-miercoles-terral-y-poniente-en-la-costa-malaguena","status":"publish","type":"post","link":"https:\/\/blogs.diariosur.es\/tormentas-y-rayos\/2025\/02\/11\/tendremos-manana-miercoles-terral-y-poniente-en-la-costa-malaguena\/","title":{"rendered":"\u00bfTendremos ma\u00f1ana mi\u00e9rcoles terral y poniente en la costa malague\u00f1a?"},"content":{"rendered":"<p><a href=\"https:\/\/static-blogs.diariosur.es\/wp-content\/uploads\/sites\/12\/2025\/01\/474591997_10231480374091459_5977821584942016476_n-1.jpg\"><img loading=\"lazy\" class=\"aligncenter size-thumbnail wp-image-43211\" src=\"https:\/\/static-blogs.diariosur.es\/wp-content\/uploads\/sites\/12\/2025\/01\/474591997_10231480374091459_5977821584942016476_n-1-150x150.jpg\" alt=\"\" width=\"150\" height=\"150\" srcset=\"https:\/\/static-blogs.diariosur.es\/wp-content\/uploads\/sites\/12\/2025\/01\/474591997_10231480374091459_5977821584942016476_n-1-150x150.jpg 150w, https:\/\/static-blogs.diariosur.es\/wp-content\/uploads\/sites\/12\/2025\/01\/474591997_10231480374091459_5977821584942016476_n-1-400x400.jpg 400w, https:\/\/static-blogs.diariosur.es\/wp-content\/uploads\/sites\/12\/2025\/01\/474591997_10231480374091459_5977821584942016476_n-1-408x408.jpg 408w, https:\/\/static-blogs.diariosur.es\/wp-content\/uploads\/sites\/12\/2025\/01\/474591997_10231480374091459_5977821584942016476_n-1-768x768.jpg 768w, https:\/\/static-blogs.diariosur.es\/wp-content\/uploads\/sites\/12\/2025\/01\/474591997_10231480374091459_5977821584942016476_n-1.jpg 1000w\" sizes=\"(max-width: 150px) 100vw, 150px\" \/><\/a><\/p>\n<p data-pm-slice=\"1 1 []\">Buenas noches, amigos de la meteo. La temperatura m\u00e1xima hoy en M\u00e1laga capital ha sido de 17,8 \u00b0C y la m\u00ednima de 12,1. De momento no se han registrado precipitaciones; de producirse alguna en el interior occidental, ser\u00edan muy d\u00e9biles y ocasionales.<\/p>\n<h3><strong>\u00bfTendremos ma\u00f1ana mi\u00e9rcoles terral y poniente en la costa malague\u00f1a?<\/strong><\/h3>\n<p>Pues s\u00ed, amigos, ma\u00f1ana nuevamente el terral y el poniente ser\u00e1n protagonistas con rachas moderadas, en ocasiones fuertes. La temperatura m\u00e1xima estar\u00e1 por encima de la media; la probabilidad de precipitaciones ser\u00e1 muy baja.<\/p>\n<p>El jueves, a primera hora de la ma\u00f1ana, se quitar\u00e1 el poniente y el terral, las temperaturas m\u00e1ximas por encima de la media. La probabilidad de precipitaciones es muy baja.<\/p>\n<p>Os dejo hasta el jueves; ojal\u00e1 se cumplan los modelos y tengamos algunas lluvias a partir del domingo.<\/p>\n<p>&nbsp;<\/p>\n<p>&nbsp;<\/p>\n","protected":false},"excerpt":{"rendered":"<p>Buenas noches, amigos de la meteo. La temperatura m\u00e1xima hoy en M\u00e1laga capital ha sido de 17,8 \u00b0C y la m\u00ednima de 12,1. De momento no se han registrado precipitaciones; de producirse alguna en el interior occidental, ser\u00edan muy d\u00e9biles y ocasionales. \u00bfTendremos ma\u00f1ana mi\u00e9rcoles terral y poniente en la costa malague\u00f1a? Pues s\u00ed, amigos, [&hellip;]<\/p>\n","protected":false},"author":16,"featured_media":41912,"comment_status":"open","ping_status":"open","sticky":false,"template":"","format":"standard","meta":[],"categories":[2],"tags":[],"_links":{"self":[{"href":"https:\/\/blogs.diariosur.es\/tormentas-y-rayos\/wp-json\/wp\/v2\/posts\/43420"}],"collection":[{"href":"https:\/\/blogs.diariosur.es\/tormentas-y-rayos\/wp-json\/wp\/v2\/posts"}],"about":[{"href":"https:\/\/blogs.diariosur.es\/tormentas-y-rayos\/wp-json\/wp\/v2\/types\/post"}],"author":[{"embeddable":true,"href":"https:\/\/blogs.diariosur.es\/tormentas-y-rayos\/wp-json\/wp\/v2\/users\/16"}],"replies":[{"embeddable":true,"href":"https:\/\/blogs.diariosur.es\/tormentas-y-rayos\/wp-json\/wp\/v2\/comments?post=43420"}],"version-history":[{"count":3,"href":"https:\/\/blogs.diariosur.es\/tormentas-y-rayos\/wp-json\/wp\/v2\/posts\/43420\/revisions"}],"predecessor-version":[{"id":46766,"href":"https:\/\/blogs.diariosur.es\/tormentas-y-rayos\/wp-json\/wp\/v2\/posts\/43420\/revisions\/46766"}],"wp:featuredmedia":[{"embeddable":true,"href":"https:\/\/blogs.diariosur.es\/tormentas-y-rayos\/wp-json\/wp\/v2\/media\/41912"}],"wp:attachment":[{"href":"https:\/\/blogs.diariosur.es\/tormentas-y-rayos\/wp-json\/wp\/v2\/media?parent=43420"}],"wp:term":[{"taxonomy":"category","embeddable":true,"href":"https:\/\/blogs.diariosur.es\/tormentas-y-rayos\/wp-json\/wp\/v2\/categories?post=43420"},{"taxonomy":"post_tag","embeddable":true,"href":"https:\/\/blogs.diariosur.es\/tormentas-y-rayos\/wp-json\/wp\/v2\/tags?post=43420"}],"curies":[{"name":"wp","href":"https:\/\/api.w.org\/{rel}","templated":true}]}}