{"id":43423,"date":"2025-02-12T08:02:09","date_gmt":"2025-02-12T07:02:09","guid":{"rendered":"https:\/\/blogs.diariosur.es\/tormentas-y-rayos\/?p=43423"},"modified":"2025-02-12T08:02:09","modified_gmt":"2025-02-12T07:02:09","slug":"enero-de-2025-fue-el-tercero-mas-calido-del-siglo-xxi-en-espana-fuente-aemet","status":"publish","type":"post","link":"https:\/\/blogs.diariosur.es\/tormentas-y-rayos\/2025\/02\/12\/enero-de-2025-fue-el-tercero-mas-calido-del-siglo-xxi-en-espana-fuente-aemet\/","title":{"rendered":"Enero de 2025 fue el tercero m\u00e1s c\u00e1lido del siglo XXI en Espa\u00f1a. Fuente Aemet"},"content":{"rendered":"<p><a href=\"https:\/\/static-blogs.diariosur.es\/wp-content\/uploads\/sites\/12\/2025\/01\/474591997_10231480374091459_5977821584942016476_n-1.jpg\"><img loading=\"lazy\" class=\"aligncenter size-thumbnail wp-image-43211\" src=\"https:\/\/static-blogs.diariosur.es\/wp-content\/uploads\/sites\/12\/2025\/01\/474591997_10231480374091459_5977821584942016476_n-1-150x150.jpg\" alt=\"\" width=\"150\" height=\"150\" srcset=\"https:\/\/static-blogs.diariosur.es\/wp-content\/uploads\/sites\/12\/2025\/01\/474591997_10231480374091459_5977821584942016476_n-1-150x150.jpg 150w, https:\/\/static-blogs.diariosur.es\/wp-content\/uploads\/sites\/12\/2025\/01\/474591997_10231480374091459_5977821584942016476_n-1-400x400.jpg 400w, https:\/\/static-blogs.diariosur.es\/wp-content\/uploads\/sites\/12\/2025\/01\/474591997_10231480374091459_5977821584942016476_n-1-408x408.jpg 408w, https:\/\/static-blogs.diariosur.es\/wp-content\/uploads\/sites\/12\/2025\/01\/474591997_10231480374091459_5977821584942016476_n-1-768x768.jpg 768w, https:\/\/static-blogs.diariosur.es\/wp-content\/uploads\/sites\/12\/2025\/01\/474591997_10231480374091459_5977821584942016476_n-1.jpg 1000w\" sizes=\"(max-width: 150px) 100vw, 150px\" \/><\/a><\/p>\n<p>Buenos d\u00edas, amigos de la meteo. Antes del mediod\u00eda, tomara protagonismo el poniente y el terral en toda la provincia malague\u00f1a, rachas de viento moderadas y en ocasiones fuertes, siendo mas probables en la Axarqu\u00eda Malague\u00f1a.<\/p>\n<p>Os dejo con el resumen climatol\u00f3gico del mes de enero en Espa\u00f1a. Para mas informaci\u00f3n pinchar en <a href=\"https:\/\/www.aemet.es\/es\/noticias\/2025\/02\/resumen_ene25\" rel=\"external nofollow\">AEMET ESPA\u00d1A<\/a><\/p>\n<p>&nbsp;<\/p>\n<p>10\/02\/2025 Tan solo los eneros de 2024 y 2016 tuvieron una temperatura media superior al de 2025 en el siglo actual. Se trat\u00f3 del sexto m\u00e1s c\u00e1lido de la serie. Fue tambi\u00e9n un mes con precipitaciones por encima de lo normal: con un car\u00e1cter h\u00famedo, desde 2016 no se registraba un enero tan lluvioso.<\/p>\n<div class=\"texto_normal\">\n<p>La Agencia Estatal de Meteorolog\u00eda, dependiente del Ministerio para la Transici\u00f3n Ecol\u00f3gica y el Reto Demogr\u00e1fico, ha hecho p\u00fablico el avance clim\u00e1tico de enero de 2025. Se trat\u00f3 de un mes m\u00e1s c\u00e1lido y lluvioso de lo normal.<\/p>\n<p>TEMPERATURAS<\/p>\n<p>Enero de 2025 fue en conjunto muy c\u00e1lido, con una temperatura media sobre la Espa\u00f1a peninsular de 7,4 \u00b0C, valor que queda 1,4 \u00b0C por encima de la media de este mes (periodo de referencia: 1991-2020). Fue el sexto enero m\u00e1s c\u00e1lido desde el comienzo de la serie en 1961, y el tercero m\u00e1s c\u00e1lido del siglo XXI, por detr\u00e1s de los eneros de 2024 y 2016.<\/p>\n<\/div>\n<p><img class=\"imagencentral\" src=\"https:\/\/www.aemet.es\/imagenes_gcd\/noticias\/imagen_noticia_detalle\/2025\/02\/tabla-t.jpg\" alt=\"Tabla de temperaturas medias en enero de 2025 en los distintos \u00e1mbitos geogr\u00e1ficos de Espa\u00f1a, anomal\u00eda con respecto a lo normal y car\u00e1cter.\" \/><\/p>\n<div class=\"notas_pie_img\">Tabla de temperaturas medias en enero de 2025 en los distintos \u00e1mbitos geogr\u00e1ficos de Espa\u00f1a, anomal\u00eda con respecto a lo normal y car\u00e1cter.<\/div>\n<div class=\"texto_normal\">\n<p>Fue un enero muy c\u00e1lido en la mayor parte del tercio occidental y del tercio sur de la pen\u00ednsula ib\u00e9rica, as\u00ed como en las regiones mediterr\u00e1neas. En puntos de Galicia y de Andaluc\u00eda fue extremadamente c\u00e1lido. En Baleares fue muy c\u00e1lido o extremadamente c\u00e1lido, mientras que en Canarias tuvo un car\u00e1cter variable de unas zonas a otras, resultando en conjunto muy c\u00e1lido.<\/p>\n<\/div>\n<p><img class=\"imagencentral\" src=\"https:\/\/www.aemet.es\/imagenes_gcd\/noticias\/imagen_noticia_detalle\/2025\/02\/mapa-t.jpg\" alt=\"Anomal\u00edas de la temperatura en enero de 2025 respecto al promedio 1991-2020\" \/><\/p>\n<div class=\"notas_pie_img\">Anomal\u00edas de la temperatura en enero de 2025 respecto al promedio 1991-2020<\/div>\n<div class=\"texto_normal\">\n<p>Hubo varios episodios c\u00e1lidos a lo largo del mes, entre los que destacan los registrados entre los d\u00edas 8 y 12 y entre el 21 y el 27, con temperaturas claramente superiores a lo normal. El d\u00eda 27 Melilla alcanz\u00f3 27.6 \u00baC y Valencia 27.1 \u00baC, r\u00e9cord del mes en ambos casos, con unas series que arrancan en 1971 y 1938, respectivamente.<\/p>\n<p>Se registr\u00f3 tambi\u00e9n un episodio fr\u00edo entre el 13 y el 19, con frecuentes heladas y temperaturas m\u00ednimas claramente por debajo de las normales, aunque los valores diurnos estuvieron en torno al promedio normal. El episodio no puede catalogarse como ola de fr\u00edo.<\/p>\n<p>PRECIPITACIONES<\/p>\n<p>El mes de enero de 2025 tuvo car\u00e1cter h\u00famedo en cuanto a precipitaciones, con un valor sobre la Espa\u00f1a peninsular de 87,9 l\/m\u00b2, lo que representa el 136 % del valor normal del mes (periodo de referencia: 1991-2020). Fue el vig\u00e9simo enero m\u00e1s h\u00famedo de la serie desde 1961, y el s\u00e9ptimo del siglo XXI.<\/p>\n<\/div>\n<p><img class=\"imagencentral\" src=\"https:\/\/www.aemet.es\/imagenes_gcd\/noticias\/imagen_noticia_detalle\/2025\/02\/tabla-p.jpg\" alt=\"Tabla de precipitaciones medias en enero de 2025 en los distintos \u00e1mbitos geogr\u00e1ficos de Espa\u00f1a, anomal\u00eda con respecto a lo normal y car\u00e1cter.\" \/><\/p>\n<div class=\"notas_pie_img\">Tabla de precipitaciones medias en enero de 2025 en los distintos \u00e1mbitos geogr\u00e1ficos de Espa\u00f1a, anomal\u00eda con respecto a lo normal y car\u00e1cter.<\/div>\n<div class=\"texto_normal\">\n<p>Hubo un contraste importante entre las precipitaciones registradas en la mitad occidental peninsular, donde el mes fue entre h\u00famedo y muy h\u00famedo, y las regiones del tercio oriental peninsular y Baleares, con un car\u00e1cter seco. En Canarias fue, en conjunto, un mes normal.<\/p>\n<\/div>\n<p><img class=\"imagencentral\" src=\"https:\/\/www.aemet.es\/imagenes_gcd\/noticias\/imagen_noticia_detalle\/2025\/02\/mapa-t.jpg\" alt=\"Porcentaje de la precipitaci\u00f3n con respecto a la media 1991-2020 en enero de 2025.\" \/><\/p>\n<div class=\"notas_pie_img\">Porcentaje de la precipitaci\u00f3n con respecto a la media 1991-2020 en enero de 2025.<\/div>\n<div class=\"texto_normal\">\n<p>Las precipitaciones se concentraron en la segunda quincena del mes y fueron debidas, mayoritariamente, al paso de borrascas atl\u00e1nticas. En los \u00faltimos diez d\u00edas de enero las precipitaciones fueron abundantes y se llegaron a superar en ese per\u00edodo los 300 l\/m\u00b2 en puntos de la provincia de A Coru\u00f1a y del norte de Extremadura. Destacan los 473 l\/m\u00b2 registrados a lo largo del mes en Santiago de Compostela\/ aeropuerto y los 96.7 l\/m\u00b2 el d\u00eda 26 en A Coru\u00f1a\/aeropuerto.<\/p>\n<\/div>\n","protected":false},"excerpt":{"rendered":"<p>Buenos d\u00edas, amigos de la meteo. Antes del mediod\u00eda, tomara protagonismo el poniente y el terral en toda la provincia malague\u00f1a, rachas de viento moderadas y en ocasiones fuertes, siendo mas probables en la Axarqu\u00eda Malague\u00f1a. Os dejo con el resumen climatol\u00f3gico del mes de enero en Espa\u00f1a. Para mas informaci\u00f3n pinchar en AEMET ESPA\u00d1A [&hellip;]<\/p>\n","protected":false},"author":16,"featured_media":41354,"comment_status":"open","ping_status":"open","sticky":false,"template":"","format":"standard","meta":[],"categories":[2],"tags":[207,212,366,569],"_links":{"self":[{"href":"https:\/\/blogs.diariosur.es\/tormentas-y-rayos\/wp-json\/wp\/v2\/posts\/43423"}],"collection":[{"href":"https:\/\/blogs.diariosur.es\/tormentas-y-rayos\/wp-json\/wp\/v2\/posts"}],"about":[{"href":"https:\/\/blogs.diariosur.es\/tormentas-y-rayos\/wp-json\/wp\/v2\/types\/post"}],"author":[{"embeddable":true,"href":"https:\/\/blogs.diariosur.es\/tormentas-y-rayos\/wp-json\/wp\/v2\/users\/16"}],"replies":[{"embeddable":true,"href":"https:\/\/blogs.diariosur.es\/tormentas-y-rayos\/wp-json\/wp\/v2\/comments?post=43423"}],"version-history":[{"count":3,"href":"https:\/\/blogs.diariosur.es\/tormentas-y-rayos\/wp-json\/wp\/v2\/posts\/43423\/revisions"}],"predecessor-version":[{"id":43426,"href":"https:\/\/blogs.diariosur.es\/tormentas-y-rayos\/wp-json\/wp\/v2\/posts\/43423\/revisions\/43426"}],"wp:featuredmedia":[{"embeddable":true,"href":"https:\/\/blogs.diariosur.es\/tormentas-y-rayos\/wp-json\/wp\/v2\/media\/41354"}],"wp:attachment":[{"href":"https:\/\/blogs.diariosur.es\/tormentas-y-rayos\/wp-json\/wp\/v2\/media?parent=43423"}],"wp:term":[{"taxonomy":"category","embeddable":true,"href":"https:\/\/blogs.diariosur.es\/tormentas-y-rayos\/wp-json\/wp\/v2\/categories?post=43423"},{"taxonomy":"post_tag","embeddable":true,"href":"https:\/\/blogs.diariosur.es\/tormentas-y-rayos\/wp-json\/wp\/v2\/tags?post=43423"}],"curies":[{"name":"wp","href":"https:\/\/api.w.org\/{rel}","templated":true}]}}