{"id":43436,"date":"2025-02-14T08:17:47","date_gmt":"2025-02-14T07:17:47","guid":{"rendered":"https:\/\/blogs.diariosur.es\/tormentas-y-rayos\/?p=43436"},"modified":"2025-10-08T07:34:33","modified_gmt":"2025-10-08T05:34:33","slug":"coge-tu-sombrero-y-pontelo-vamos-a-la-playa-actualizacion-de-temperaturas-previstas-en-la-provincia-de-malaga-el-fin-de-semana","status":"publish","type":"post","link":"https:\/\/blogs.diariosur.es\/tormentas-y-rayos\/2025\/02\/14\/coge-tu-sombrero-y-pontelo-vamos-a-la-playa-actualizacion-de-temperaturas-previstas-en-la-provincia-de-malaga-el-fin-de-semana\/","title":{"rendered":"Coge tu sombrero y p\u00f3ntelo, vamos a la playa&#8230;. Actualizaci\u00f3n de temperaturas previstas en la provincia de M\u00e1laga el fin de semana."},"content":{"rendered":"<p><a href=\"https:\/\/static-blogs.diariosur.es\/wp-content\/uploads\/sites\/12\/2025\/01\/474591997_10231480374091459_5977821584942016476_n-1.jpg\"><img loading=\"lazy\" class=\"aligncenter size-thumbnail wp-image-43211\" src=\"https:\/\/static-blogs.diariosur.es\/wp-content\/uploads\/sites\/12\/2025\/01\/474591997_10231480374091459_5977821584942016476_n-1-150x150.jpg\" alt=\"\" width=\"150\" height=\"150\" srcset=\"https:\/\/static-blogs.diariosur.es\/wp-content\/uploads\/sites\/12\/2025\/01\/474591997_10231480374091459_5977821584942016476_n-1-150x150.jpg 150w, https:\/\/static-blogs.diariosur.es\/wp-content\/uploads\/sites\/12\/2025\/01\/474591997_10231480374091459_5977821584942016476_n-1-400x400.jpg 400w, https:\/\/static-blogs.diariosur.es\/wp-content\/uploads\/sites\/12\/2025\/01\/474591997_10231480374091459_5977821584942016476_n-1-408x408.jpg 408w, https:\/\/static-blogs.diariosur.es\/wp-content\/uploads\/sites\/12\/2025\/01\/474591997_10231480374091459_5977821584942016476_n-1-768x768.jpg 768w, https:\/\/static-blogs.diariosur.es\/wp-content\/uploads\/sites\/12\/2025\/01\/474591997_10231480374091459_5977821584942016476_n-1.jpg 1000w\" sizes=\"(max-width: 150px) 100vw, 150px\" \/><\/a><\/p>\n<p data-pm-slice=\"1 1 []\">Buenos d\u00edas, amigos de la meteo. Cuando son las ocho de la ma\u00f1ana en M\u00e1laga capital, el aeropuerto registra 6,5 \u00baC, los cielos est\u00e1n despejados y el viento sopla flojo de direcci\u00f3n variable. Ayer jueves la temperatura m\u00e1xima en M\u00e1laga capital se registr\u00f3 en el Centro Meteorol\u00f3gico de Teatinos con 21 \u00baC; destacar \u00c1lora con 23,2 \u00baC. En toda la provincia las m\u00e1ximas estuvieron por encima de la media.<\/p>\n<p>La canci\u00f3n lo dice todo; tanto ma\u00f1ana como sobre todo el domingo, las temperaturas m\u00e1ximas estar\u00e1n por encima de la media en toda la provincia malague\u00f1a. Baja mucho la probabilidad de tar\u00f3. No espero rachas fuertes de viento. La temperatura del agua del mar rondar\u00e1 los 16 \u00baC, seg\u00fan zonas del litoral. El domingo la humedad no ser\u00e1 tan alta; hay probabilidad de que entre poniente aterralado por la tarde en algunas zonas habituales.<\/p>\n<p>Para los que me hab\u00e9is preguntado por el tiempo que har\u00e1 en la zona de C\u00e1diz, no espero rachas fuertes de viento; lo \u00fanico destacable es que hay probabilidad de nieblas en sus costas y zonas del bajo Guadalquivir.<\/p>\n<p><strong>Ma\u00f1ana con los modelos actualizados e iremos viendo si al final se acerca la borrasca y deja algunas precipitaciones el martes\u00a0y el mi\u00e9rcoles. <\/strong><\/p>\n<p><strong>En la \u00faltima actualizaci\u00f3n del europeo y americano dan probabilidad de lluvias.<\/strong><\/p>\n<p>Os dejo con las temperaturas m\u00e1ximas y m\u00ednimas que prev\u00e9 la AEMET.<\/p>\n<p>&nbsp;<\/p>\n<p><strong>S\u00c1BADO\u00a0<\/strong><\/p>\n<p><a href=\"https:\/\/static-blogs.diariosur.es\/wp-content\/uploads\/sites\/12\/2025\/02\/sabado-1.jpg\"><img loading=\"lazy\" class=\"aligncenter size-full wp-image-43437\" src=\"https:\/\/static-blogs.diariosur.es\/wp-content\/uploads\/sites\/12\/2025\/02\/sabado-1.jpg\" alt=\"\" width=\"1027\" height=\"811\" srcset=\"https:\/\/static-blogs.diariosur.es\/wp-content\/uploads\/sites\/12\/2025\/02\/sabado-1.jpg 1027w, https:\/\/static-blogs.diariosur.es\/wp-content\/uploads\/sites\/12\/2025\/02\/sabado-1-507x400.jpg 507w, https:\/\/static-blogs.diariosur.es\/wp-content\/uploads\/sites\/12\/2025\/02\/sabado-1-517x408.jpg 517w, https:\/\/static-blogs.diariosur.es\/wp-content\/uploads\/sites\/12\/2025\/02\/sabado-1-768x606.jpg 768w\" sizes=\"(max-width: 1027px) 100vw, 1027px\" \/><\/a><\/p>\n<p>&nbsp;<\/p>\n<p><strong>DOMINGO<\/strong><\/p>\n<p>&nbsp;<\/p>\n<p><a href=\"https:\/\/static-blogs.diariosur.es\/wp-content\/uploads\/sites\/12\/2025\/02\/domingo-1.jpg\"><img loading=\"lazy\" class=\"aligncenter size-full wp-image-43438\" src=\"https:\/\/static-blogs.diariosur.es\/wp-content\/uploads\/sites\/12\/2025\/02\/domingo-1.jpg\" alt=\"\" width=\"1030\" height=\"823\" srcset=\"https:\/\/static-blogs.diariosur.es\/wp-content\/uploads\/sites\/12\/2025\/02\/domingo-1.jpg 1030w, https:\/\/static-blogs.diariosur.es\/wp-content\/uploads\/sites\/12\/2025\/02\/domingo-1-501x400.jpg 501w, https:\/\/static-blogs.diariosur.es\/wp-content\/uploads\/sites\/12\/2025\/02\/domingo-1-511x408.jpg 511w, https:\/\/static-blogs.diariosur.es\/wp-content\/uploads\/sites\/12\/2025\/02\/domingo-1-768x614.jpg 768w\" sizes=\"(max-width: 1030px) 100vw, 1030px\" \/><\/a><\/p>\n<p>&nbsp;<\/p>\n<p>&nbsp;<\/p>\n","protected":false},"excerpt":{"rendered":"<p>Buenos d\u00edas, amigos de la meteo. Cuando son las ocho de la ma\u00f1ana en M\u00e1laga capital, el aeropuerto registra 6,5 \u00baC, los cielos est\u00e1n despejados y el viento sopla flojo de direcci\u00f3n variable. Ayer jueves la temperatura m\u00e1xima en M\u00e1laga capital se registr\u00f3 en el Centro Meteorol\u00f3gico de Teatinos con 21 \u00baC; destacar \u00c1lora con [&hellip;]<\/p>\n","protected":false},"author":16,"featured_media":43440,"comment_status":"open","ping_status":"open","sticky":false,"template":"","format":"standard","meta":[],"categories":[2],"tags":[358,587,800],"_links":{"self":[{"href":"https:\/\/blogs.diariosur.es\/tormentas-y-rayos\/wp-json\/wp\/v2\/posts\/43436"}],"collection":[{"href":"https:\/\/blogs.diariosur.es\/tormentas-y-rayos\/wp-json\/wp\/v2\/posts"}],"about":[{"href":"https:\/\/blogs.diariosur.es\/tormentas-y-rayos\/wp-json\/wp\/v2\/types\/post"}],"author":[{"embeddable":true,"href":"https:\/\/blogs.diariosur.es\/tormentas-y-rayos\/wp-json\/wp\/v2\/users\/16"}],"replies":[{"embeddable":true,"href":"https:\/\/blogs.diariosur.es\/tormentas-y-rayos\/wp-json\/wp\/v2\/comments?post=43436"}],"version-history":[{"count":6,"href":"https:\/\/blogs.diariosur.es\/tormentas-y-rayos\/wp-json\/wp\/v2\/posts\/43436\/revisions"}],"predecessor-version":[{"id":46764,"href":"https:\/\/blogs.diariosur.es\/tormentas-y-rayos\/wp-json\/wp\/v2\/posts\/43436\/revisions\/46764"}],"wp:featuredmedia":[{"embeddable":true,"href":"https:\/\/blogs.diariosur.es\/tormentas-y-rayos\/wp-json\/wp\/v2\/media\/43440"}],"wp:attachment":[{"href":"https:\/\/blogs.diariosur.es\/tormentas-y-rayos\/wp-json\/wp\/v2\/media?parent=43436"}],"wp:term":[{"taxonomy":"category","embeddable":true,"href":"https:\/\/blogs.diariosur.es\/tormentas-y-rayos\/wp-json\/wp\/v2\/categories?post=43436"},{"taxonomy":"post_tag","embeddable":true,"href":"https:\/\/blogs.diariosur.es\/tormentas-y-rayos\/wp-json\/wp\/v2\/tags?post=43436"}],"curies":[{"name":"wp","href":"https:\/\/api.w.org\/{rel}","templated":true}]}}