{"id":43445,"date":"2025-02-15T12:37:49","date_gmt":"2025-02-15T11:37:49","guid":{"rendered":"https:\/\/blogs.diariosur.es\/tormentas-y-rayos\/?p=43445"},"modified":"2025-10-08T07:32:19","modified_gmt":"2025-10-08T05:32:19","slug":"sabado-15-de-febrero-de-1941-ciclogenesis-explosiva-mas-baja-en-la-peninsula-desde-que-se-tienen-registros-con-948-mb","status":"publish","type":"post","link":"https:\/\/blogs.diariosur.es\/tormentas-y-rayos\/2025\/02\/15\/sabado-15-de-febrero-de-1941-ciclogenesis-explosiva-mas-baja-en-la-peninsula-desde-que-se-tienen-registros-con-948-mb\/","title":{"rendered":"S\u00e1bado 15 de febrero de 1941. Ciclog\u00e9nesis explosiva, presi\u00f3n mas baja en la pen\u00ednsula desde que se tienen registros con 948 mb"},"content":{"rendered":"<blockquote><p><a href=\"https:\/\/static-blogs.diariosur.es\/wp-content\/uploads\/sites\/12\/2025\/01\/474591997_10231480374091459_5977821584942016476_n-1.jpg\"><img loading=\"lazy\" class=\"aligncenter size-thumbnail wp-image-43211\" src=\"https:\/\/static-blogs.diariosur.es\/wp-content\/uploads\/sites\/12\/2025\/01\/474591997_10231480374091459_5977821584942016476_n-1-150x150.jpg\" alt=\"\" width=\"150\" height=\"150\" srcset=\"https:\/\/static-blogs.diariosur.es\/wp-content\/uploads\/sites\/12\/2025\/01\/474591997_10231480374091459_5977821584942016476_n-1-150x150.jpg 150w, https:\/\/static-blogs.diariosur.es\/wp-content\/uploads\/sites\/12\/2025\/01\/474591997_10231480374091459_5977821584942016476_n-1-400x400.jpg 400w, https:\/\/static-blogs.diariosur.es\/wp-content\/uploads\/sites\/12\/2025\/01\/474591997_10231480374091459_5977821584942016476_n-1-408x408.jpg 408w, https:\/\/static-blogs.diariosur.es\/wp-content\/uploads\/sites\/12\/2025\/01\/474591997_10231480374091459_5977821584942016476_n-1-768x768.jpg 768w, https:\/\/static-blogs.diariosur.es\/wp-content\/uploads\/sites\/12\/2025\/01\/474591997_10231480374091459_5977821584942016476_n-1.jpg 1000w\" sizes=\"(max-width: 150px) 100vw, 150px\" \/><\/a><\/p><\/blockquote>\n<p data-pm-slice=\"1 1 []\">Buenas tardes, amigos de la meteo. Ayer estuve en la presentaci\u00f3n del libro Los Cielos Retratados de mi amigo Jos\u00e9 Miguel Vi\u00f1as; estuvimos hablando de esta efem\u00e9ride de tal d\u00eda como hoy del a\u00f1o 1941. Jos\u00e9 Miguel tiene varios art\u00edculos, muy buenos, sobre esta efem\u00e9ride que os pongo a continuaci\u00f3n y que merece la pena leer. Tambi\u00e9n os recomiendo su libro que present\u00f3 en el \u00c1mbito Cultural de El Corte Ingl\u00e9s.<\/p>\n<p>&nbsp;<\/p>\n<h1 class=\"title-h1\"><a href=\"https:\/\/www.tiempo.com\/ram\/287\/el-historico-temporal-de-febrero-de-1941\/\" rel=\"external nofollow\">El hist\u00f3rico temporal de febrero de 1941<\/a><\/h1>\n<p>&nbsp;<\/p>\n<h2><a href=\"https:\/\/www.divulgameteo.es\/El-temporal-de-viento-del-15-de-febrero-de-1941-en-la-Peninsula-Iberica\/\" rel=\"external nofollow\">El temporal de viento del 15 de febrero de 1941 en la Pen\u00ednsula Ib\u00e9rica<\/a><\/h2>\n<p>&nbsp;<\/p>\n<ul>\n<li>Efem\u00e9ride aemet<\/li>\n<li>febrero 1941.\u00a0 Una borrasca con 951,9 mb, la presi\u00f3n m\u00e1s baja registrada en Santander, produce una &#8220;surada&#8221;, con vientos superiores a 150 km\/h que avivaron un fuego hasta provocar el gran incendio de la ciudad que consume los edificios de 37 calles.<\/li>\n<\/ul>\n<p>&nbsp;<\/p>\n<p>Os pongo los mapas a 500 hpa, fijaros la bajada de presi\u00f3n en tan pocas horas.<\/p>\n<p>&nbsp;<\/p>\n<p><a href=\"https:\/\/static-blogs.diariosur.es\/wp-content\/uploads\/sites\/12\/2025\/02\/1-5.jpg\"><img loading=\"lazy\" class=\"aligncenter size-full wp-image-43446\" src=\"https:\/\/static-blogs.diariosur.es\/wp-content\/uploads\/sites\/12\/2025\/02\/1-5.jpg\" alt=\"\" width=\"1153\" height=\"766\" srcset=\"https:\/\/static-blogs.diariosur.es\/wp-content\/uploads\/sites\/12\/2025\/02\/1-5.jpg 1153w, https:\/\/static-blogs.diariosur.es\/wp-content\/uploads\/sites\/12\/2025\/02\/1-5-602x400.jpg 602w, https:\/\/static-blogs.diariosur.es\/wp-content\/uploads\/sites\/12\/2025\/02\/1-5-614x408.jpg 614w, https:\/\/static-blogs.diariosur.es\/wp-content\/uploads\/sites\/12\/2025\/02\/1-5-768x510.jpg 768w\" sizes=\"(max-width: 1153px) 100vw, 1153px\" \/><\/a> <a href=\"https:\/\/static-blogs.diariosur.es\/wp-content\/uploads\/sites\/12\/2025\/02\/2-4.jpg\"><img loading=\"lazy\" class=\"aligncenter size-full wp-image-43447\" src=\"https:\/\/static-blogs.diariosur.es\/wp-content\/uploads\/sites\/12\/2025\/02\/2-4.jpg\" alt=\"\" width=\"1159\" height=\"769\" srcset=\"https:\/\/static-blogs.diariosur.es\/wp-content\/uploads\/sites\/12\/2025\/02\/2-4.jpg 1159w, https:\/\/static-blogs.diariosur.es\/wp-content\/uploads\/sites\/12\/2025\/02\/2-4-603x400.jpg 603w, https:\/\/static-blogs.diariosur.es\/wp-content\/uploads\/sites\/12\/2025\/02\/2-4-615x408.jpg 615w, https:\/\/static-blogs.diariosur.es\/wp-content\/uploads\/sites\/12\/2025\/02\/2-4-768x510.jpg 768w\" sizes=\"(max-width: 1159px) 100vw, 1159px\" \/><\/a> <a href=\"https:\/\/static-blogs.diariosur.es\/wp-content\/uploads\/sites\/12\/2025\/02\/3-3.jpg\"><img loading=\"lazy\" class=\"aligncenter size-full wp-image-43448\" src=\"https:\/\/static-blogs.diariosur.es\/wp-content\/uploads\/sites\/12\/2025\/02\/3-3.jpg\" alt=\"\" width=\"1147\" height=\"765\" srcset=\"https:\/\/static-blogs.diariosur.es\/wp-content\/uploads\/sites\/12\/2025\/02\/3-3.jpg 1147w, https:\/\/static-blogs.diariosur.es\/wp-content\/uploads\/sites\/12\/2025\/02\/3-3-600x400.jpg 600w, https:\/\/static-blogs.diariosur.es\/wp-content\/uploads\/sites\/12\/2025\/02\/3-3-612x408.jpg 612w, https:\/\/static-blogs.diariosur.es\/wp-content\/uploads\/sites\/12\/2025\/02\/3-3-768x512.jpg 768w\" sizes=\"(max-width: 1147px) 100vw, 1147px\" \/><\/a> <a href=\"https:\/\/static-blogs.diariosur.es\/wp-content\/uploads\/sites\/12\/2025\/02\/4-2.jpg\"><img loading=\"lazy\" class=\"aligncenter size-full wp-image-43449\" src=\"https:\/\/static-blogs.diariosur.es\/wp-content\/uploads\/sites\/12\/2025\/02\/4-2.jpg\" alt=\"\" width=\"1147\" height=\"769\" srcset=\"https:\/\/static-blogs.diariosur.es\/wp-content\/uploads\/sites\/12\/2025\/02\/4-2.jpg 1147w, https:\/\/static-blogs.diariosur.es\/wp-content\/uploads\/sites\/12\/2025\/02\/4-2-597x400.jpg 597w, https:\/\/static-blogs.diariosur.es\/wp-content\/uploads\/sites\/12\/2025\/02\/4-2-609x408.jpg 609w, https:\/\/static-blogs.diariosur.es\/wp-content\/uploads\/sites\/12\/2025\/02\/4-2-768x515.jpg 768w\" sizes=\"(max-width: 1147px) 100vw, 1147px\" \/><\/a> <a href=\"https:\/\/static-blogs.diariosur.es\/wp-content\/uploads\/sites\/12\/2025\/02\/5-1.jpg\"><img loading=\"lazy\" class=\"aligncenter size-full wp-image-43450\" src=\"https:\/\/static-blogs.diariosur.es\/wp-content\/uploads\/sites\/12\/2025\/02\/5-1.jpg\" alt=\"\" width=\"1152\" height=\"772\" srcset=\"https:\/\/static-blogs.diariosur.es\/wp-content\/uploads\/sites\/12\/2025\/02\/5-1.jpg 1152w, https:\/\/static-blogs.diariosur.es\/wp-content\/uploads\/sites\/12\/2025\/02\/5-1-597x400.jpg 597w, https:\/\/static-blogs.diariosur.es\/wp-content\/uploads\/sites\/12\/2025\/02\/5-1-609x408.jpg 609w, https:\/\/static-blogs.diariosur.es\/wp-content\/uploads\/sites\/12\/2025\/02\/5-1-768x515.jpg 768w\" sizes=\"(max-width: 1152px) 100vw, 1152px\" \/><\/a> <a href=\"https:\/\/static-blogs.diariosur.es\/wp-content\/uploads\/sites\/12\/2025\/02\/6.jpg\"><img loading=\"lazy\" class=\"aligncenter size-full wp-image-43451\" src=\"https:\/\/static-blogs.diariosur.es\/wp-content\/uploads\/sites\/12\/2025\/02\/6.jpg\" alt=\"\" width=\"1156\" height=\"760\" srcset=\"https:\/\/static-blogs.diariosur.es\/wp-content\/uploads\/sites\/12\/2025\/02\/6.jpg 1156w, https:\/\/static-blogs.diariosur.es\/wp-content\/uploads\/sites\/12\/2025\/02\/6-608x400.jpg 608w, https:\/\/static-blogs.diariosur.es\/wp-content\/uploads\/sites\/12\/2025\/02\/6-621x408.jpg 621w, https:\/\/static-blogs.diariosur.es\/wp-content\/uploads\/sites\/12\/2025\/02\/6-768x505.jpg 768w\" sizes=\"(max-width: 1156px) 100vw, 1156px\" \/><\/a><\/p>\n<p>&nbsp;<\/p>\n<p>Mapa de rachas de viento. Aunque no hay datos para M\u00e1laga, es muy probable que se sobrepasaran\u00a0 100 km\/h.<\/p>\n<p>&nbsp;<\/p>\n<p><a href=\"https:\/\/static-blogs.diariosur.es\/wp-content\/uploads\/sites\/12\/2025\/02\/7.jpg\"><img loading=\"lazy\" class=\"aligncenter size-full wp-image-43452\" src=\"https:\/\/static-blogs.diariosur.es\/wp-content\/uploads\/sites\/12\/2025\/02\/7.jpg\" alt=\"\" width=\"1153\" height=\"789\" srcset=\"https:\/\/static-blogs.diariosur.es\/wp-content\/uploads\/sites\/12\/2025\/02\/7.jpg 1153w, https:\/\/static-blogs.diariosur.es\/wp-content\/uploads\/sites\/12\/2025\/02\/7-585x400.jpg 585w, https:\/\/static-blogs.diariosur.es\/wp-content\/uploads\/sites\/12\/2025\/02\/7-596x408.jpg 596w, https:\/\/static-blogs.diariosur.es\/wp-content\/uploads\/sites\/12\/2025\/02\/7-768x526.jpg 768w\" sizes=\"(max-width: 1153px) 100vw, 1153px\" \/><\/a><\/p>\n","protected":false},"excerpt":{"rendered":"<p>Buenas tardes, amigos de la meteo. Ayer estuve en la presentaci\u00f3n del libro Los Cielos Retratados de mi amigo Jos\u00e9 Miguel Vi\u00f1as; estuvimos hablando de esta efem\u00e9ride de tal d\u00eda como hoy del a\u00f1o 1941. Jos\u00e9 Miguel tiene varios art\u00edculos, muy buenos, sobre esta efem\u00e9ride que os pongo a continuaci\u00f3n y que merece la pena [&hellip;]<\/p>\n","protected":false},"author":16,"featured_media":43450,"comment_status":"open","ping_status":"open","sticky":false,"template":"","format":"standard","meta":[],"categories":[2],"tags":[],"_links":{"self":[{"href":"https:\/\/blogs.diariosur.es\/tormentas-y-rayos\/wp-json\/wp\/v2\/posts\/43445"}],"collection":[{"href":"https:\/\/blogs.diariosur.es\/tormentas-y-rayos\/wp-json\/wp\/v2\/posts"}],"about":[{"href":"https:\/\/blogs.diariosur.es\/tormentas-y-rayos\/wp-json\/wp\/v2\/types\/post"}],"author":[{"embeddable":true,"href":"https:\/\/blogs.diariosur.es\/tormentas-y-rayos\/wp-json\/wp\/v2\/users\/16"}],"replies":[{"embeddable":true,"href":"https:\/\/blogs.diariosur.es\/tormentas-y-rayos\/wp-json\/wp\/v2\/comments?post=43445"}],"version-history":[{"count":5,"href":"https:\/\/blogs.diariosur.es\/tormentas-y-rayos\/wp-json\/wp\/v2\/posts\/43445\/revisions"}],"predecessor-version":[{"id":46763,"href":"https:\/\/blogs.diariosur.es\/tormentas-y-rayos\/wp-json\/wp\/v2\/posts\/43445\/revisions\/46763"}],"wp:featuredmedia":[{"embeddable":true,"href":"https:\/\/blogs.diariosur.es\/tormentas-y-rayos\/wp-json\/wp\/v2\/media\/43450"}],"wp:attachment":[{"href":"https:\/\/blogs.diariosur.es\/tormentas-y-rayos\/wp-json\/wp\/v2\/media?parent=43445"}],"wp:term":[{"taxonomy":"category","embeddable":true,"href":"https:\/\/blogs.diariosur.es\/tormentas-y-rayos\/wp-json\/wp\/v2\/categories?post=43445"},{"taxonomy":"post_tag","embeddable":true,"href":"https:\/\/blogs.diariosur.es\/tormentas-y-rayos\/wp-json\/wp\/v2\/tags?post=43445"}],"curies":[{"name":"wp","href":"https:\/\/api.w.org\/{rel}","templated":true}]}}