{"id":43457,"date":"2025-02-16T21:04:33","date_gmt":"2025-02-16T20:04:33","guid":{"rendered":"https:\/\/blogs.diariosur.es\/tormentas-y-rayos\/?p=43457"},"modified":"2025-10-08T07:30:39","modified_gmt":"2025-10-08T05:30:39","slug":"la-probabilidad-de-precipitaciones-es-baja-en-la-provincia-malaguena-y-andalucia-los-primeros-dias-de-la-semana-entrante","status":"publish","type":"post","link":"https:\/\/blogs.diariosur.es\/tormentas-y-rayos\/2025\/02\/16\/la-probabilidad-de-precipitaciones-es-baja-en-la-provincia-malaguena-y-andalucia-los-primeros-dias-de-la-semana-entrante\/","title":{"rendered":"La probabilidad de precipitaciones es baja en la provincia malague\u00f1a y Andaluc\u00eda, los primeros d\u00edas de la semana entrante"},"content":{"rendered":"<p><a href=\"https:\/\/static-blogs.diariosur.es\/wp-content\/uploads\/sites\/12\/2025\/01\/474591997_10231480374091459_5977821584942016476_n-1.jpg\"><img loading=\"lazy\" class=\"aligncenter size-thumbnail wp-image-43211\" src=\"https:\/\/static-blogs.diariosur.es\/wp-content\/uploads\/sites\/12\/2025\/01\/474591997_10231480374091459_5977821584942016476_n-1-150x150.jpg\" alt=\"\" width=\"150\" height=\"150\" srcset=\"https:\/\/static-blogs.diariosur.es\/wp-content\/uploads\/sites\/12\/2025\/01\/474591997_10231480374091459_5977821584942016476_n-1-150x150.jpg 150w, https:\/\/static-blogs.diariosur.es\/wp-content\/uploads\/sites\/12\/2025\/01\/474591997_10231480374091459_5977821584942016476_n-1-400x400.jpg 400w, https:\/\/static-blogs.diariosur.es\/wp-content\/uploads\/sites\/12\/2025\/01\/474591997_10231480374091459_5977821584942016476_n-1-408x408.jpg 408w, https:\/\/static-blogs.diariosur.es\/wp-content\/uploads\/sites\/12\/2025\/01\/474591997_10231480374091459_5977821584942016476_n-1-768x768.jpg 768w, https:\/\/static-blogs.diariosur.es\/wp-content\/uploads\/sites\/12\/2025\/01\/474591997_10231480374091459_5977821584942016476_n-1.jpg 1000w\" sizes=\"(max-width: 150px) 100vw, 150px\" \/><\/a><\/p>\n<p data-pm-slice=\"1 1 []\">Buenas noches, amigos de la meteo. La temperatura m\u00e1xima hoy domingo en M\u00e1laga capital se ha registrado en el Centro Meteorol\u00f3gico con 23,6\u00b0C; la m\u00ednima, en el Aeropuerto, con 8,9\u00b0C.<\/p>\n<p>Ma\u00f1ana lunes, a primeras horas de la ma\u00f1ana, el viento cambiar\u00e1 a levante. Las temperaturas m\u00e1ximas estar\u00e1n por encima de la media en toda la provincia malague\u00f1a. En las zonas que hoy han sobrepasado los 23\u00b0C, rondar\u00e1n los 20 y 21 \u00b0C.<\/p>\n<p>Con los modelos actualizados, baja la probabilidad de precipitaciones estos primeros d\u00edas de la semana en la provincia malague\u00f1a.<\/p>\n<p>En cuanto a las dem\u00e1s provincias andaluzas, la mayor probabilidad se dar\u00e1 en la provincia de Huelva, pero no se espera mucha precipitaci\u00f3n. Hay un poco de incertidumbre con el modelo europeo y americano; esto se debe a que a\u00fan no est\u00e1 claro qu\u00e9 posici\u00f3n tomar\u00e1 la <strong>dana<\/strong>. Lo que s\u00ed est\u00e1 claro es que las temperaturas m\u00e1ximas estar\u00e1n por encima de la media en toda Andaluc\u00eda.<\/p>\n<p>Os paso los acumulados de precipitaci\u00f3n hasta el mi\u00e9rcoles del modelo europeo y americano.<\/p>\n<p><strong>PROVINCIA DE M\u00c1LAGA Y ANDALUC\u00cdA MODELO EUROPEO<\/strong><\/p>\n<p>&nbsp;<\/p>\n<p><a href=\"https:\/\/static-blogs.diariosur.es\/wp-content\/uploads\/sites\/12\/2025\/02\/malaga.jpg\"><img loading=\"lazy\" class=\"aligncenter size-full wp-image-43459\" src=\"https:\/\/static-blogs.diariosur.es\/wp-content\/uploads\/sites\/12\/2025\/02\/malaga.jpg\" alt=\"\" width=\"1129\" height=\"1167\" srcset=\"https:\/\/static-blogs.diariosur.es\/wp-content\/uploads\/sites\/12\/2025\/02\/malaga.jpg 1129w, https:\/\/static-blogs.diariosur.es\/wp-content\/uploads\/sites\/12\/2025\/02\/malaga-387x400.jpg 387w, https:\/\/static-blogs.diariosur.es\/wp-content\/uploads\/sites\/12\/2025\/02\/malaga-395x408.jpg 395w, https:\/\/static-blogs.diariosur.es\/wp-content\/uploads\/sites\/12\/2025\/02\/malaga-768x794.jpg 768w\" sizes=\"(max-width: 1129px) 100vw, 1129px\" \/><\/a><\/p>\n<p><a href=\"https:\/\/static-blogs.diariosur.es\/wp-content\/uploads\/sites\/12\/2025\/02\/anadalucia.jpg\"><img loading=\"lazy\" class=\"aligncenter size-full wp-image-43460\" src=\"https:\/\/static-blogs.diariosur.es\/wp-content\/uploads\/sites\/12\/2025\/02\/anadalucia.jpg\" alt=\"\" width=\"1144\" height=\"1182\" srcset=\"https:\/\/static-blogs.diariosur.es\/wp-content\/uploads\/sites\/12\/2025\/02\/anadalucia.jpg 1144w, https:\/\/static-blogs.diariosur.es\/wp-content\/uploads\/sites\/12\/2025\/02\/anadalucia-387x400.jpg 387w, https:\/\/static-blogs.diariosur.es\/wp-content\/uploads\/sites\/12\/2025\/02\/anadalucia-395x408.jpg 395w, https:\/\/static-blogs.diariosur.es\/wp-content\/uploads\/sites\/12\/2025\/02\/anadalucia-768x794.jpg 768w\" sizes=\"(max-width: 1144px) 100vw, 1144px\" \/><\/a><\/p>\n<p>&nbsp;<\/p>\n<p><strong>PROVINCIA DE M\u00c1LAGA Y ANDALUC\u00cdA\u00a0 MODELO AMERICANO<\/strong><\/p>\n<p>&nbsp;<\/p>\n<p><a href=\"https:\/\/static-blogs.diariosur.es\/wp-content\/uploads\/sites\/12\/2025\/02\/z-3.jpg\"><img loading=\"lazy\" class=\"aligncenter size-full wp-image-43461\" src=\"https:\/\/static-blogs.diariosur.es\/wp-content\/uploads\/sites\/12\/2025\/02\/z-3.jpg\" alt=\"\" width=\"1137\" height=\"1171\" srcset=\"https:\/\/static-blogs.diariosur.es\/wp-content\/uploads\/sites\/12\/2025\/02\/z-3.jpg 1137w, https:\/\/static-blogs.diariosur.es\/wp-content\/uploads\/sites\/12\/2025\/02\/z-3-388x400.jpg 388w, https:\/\/static-blogs.diariosur.es\/wp-content\/uploads\/sites\/12\/2025\/02\/z-3-396x408.jpg 396w, https:\/\/static-blogs.diariosur.es\/wp-content\/uploads\/sites\/12\/2025\/02\/z-3-768x791.jpg 768w\" sizes=\"(max-width: 1137px) 100vw, 1137px\" \/><\/a><\/p>\n<p>&nbsp;<\/p>\n<p><a href=\"https:\/\/static-blogs.diariosur.es\/wp-content\/uploads\/sites\/12\/2025\/02\/a-1.jpg\"><img loading=\"lazy\" class=\"aligncenter size-full wp-image-43462\" src=\"https:\/\/static-blogs.diariosur.es\/wp-content\/uploads\/sites\/12\/2025\/02\/a-1.jpg\" alt=\"\" width=\"1129\" height=\"1179\" srcset=\"https:\/\/static-blogs.diariosur.es\/wp-content\/uploads\/sites\/12\/2025\/02\/a-1.jpg 1129w, https:\/\/static-blogs.diariosur.es\/wp-content\/uploads\/sites\/12\/2025\/02\/a-1-383x400.jpg 383w, https:\/\/static-blogs.diariosur.es\/wp-content\/uploads\/sites\/12\/2025\/02\/a-1-391x408.jpg 391w, https:\/\/static-blogs.diariosur.es\/wp-content\/uploads\/sites\/12\/2025\/02\/a-1-768x802.jpg 768w\" sizes=\"(max-width: 1129px) 100vw, 1129px\" \/><\/a><\/p>\n<p>&nbsp;<\/p>\n<p>&nbsp;<\/p>\n<p><span style=\"color: #ff0000;\"><strong>Para el fin de semana pr\u00f3ximo hay probabilidad de precipitaciones pero a\u00fan quedan muchos d\u00edas, lo iremos viendo poco a poco, de nuevo se espera una dana.<\/strong><\/span><\/p>\n<p>&nbsp;<\/p>\n<p>&nbsp;<\/p>\n<p>&nbsp;<\/p>\n","protected":false},"excerpt":{"rendered":"<p>Buenas noches, amigos de la meteo. La temperatura m\u00e1xima hoy domingo en M\u00e1laga capital se ha registrado en el Centro Meteorol\u00f3gico con 23,6\u00b0C; la m\u00ednima, en el Aeropuerto, con 8,9\u00b0C. Ma\u00f1ana lunes, a primeras horas de la ma\u00f1ana, el viento cambiar\u00e1 a levante. Las temperaturas m\u00e1ximas estar\u00e1n por encima de la media en toda la [&hellip;]<\/p>\n","protected":false},"author":16,"featured_media":43464,"comment_status":"open","ping_status":"open","sticky":false,"template":"","format":"standard","meta":[],"categories":[2],"tags":[100,358,587,800],"_links":{"self":[{"href":"https:\/\/blogs.diariosur.es\/tormentas-y-rayos\/wp-json\/wp\/v2\/posts\/43457"}],"collection":[{"href":"https:\/\/blogs.diariosur.es\/tormentas-y-rayos\/wp-json\/wp\/v2\/posts"}],"about":[{"href":"https:\/\/blogs.diariosur.es\/tormentas-y-rayos\/wp-json\/wp\/v2\/types\/post"}],"author":[{"embeddable":true,"href":"https:\/\/blogs.diariosur.es\/tormentas-y-rayos\/wp-json\/wp\/v2\/users\/16"}],"replies":[{"embeddable":true,"href":"https:\/\/blogs.diariosur.es\/tormentas-y-rayos\/wp-json\/wp\/v2\/comments?post=43457"}],"version-history":[{"count":4,"href":"https:\/\/blogs.diariosur.es\/tormentas-y-rayos\/wp-json\/wp\/v2\/posts\/43457\/revisions"}],"predecessor-version":[{"id":46761,"href":"https:\/\/blogs.diariosur.es\/tormentas-y-rayos\/wp-json\/wp\/v2\/posts\/43457\/revisions\/46761"}],"wp:featuredmedia":[{"embeddable":true,"href":"https:\/\/blogs.diariosur.es\/tormentas-y-rayos\/wp-json\/wp\/v2\/media\/43464"}],"wp:attachment":[{"href":"https:\/\/blogs.diariosur.es\/tormentas-y-rayos\/wp-json\/wp\/v2\/media?parent=43457"}],"wp:term":[{"taxonomy":"category","embeddable":true,"href":"https:\/\/blogs.diariosur.es\/tormentas-y-rayos\/wp-json\/wp\/v2\/categories?post=43457"},{"taxonomy":"post_tag","embeddable":true,"href":"https:\/\/blogs.diariosur.es\/tormentas-y-rayos\/wp-json\/wp\/v2\/tags?post=43457"}],"curies":[{"name":"wp","href":"https:\/\/api.w.org\/{rel}","templated":true}]}}