{"id":43475,"date":"2025-02-20T10:57:26","date_gmt":"2025-02-20T09:57:26","guid":{"rendered":"https:\/\/blogs.diariosur.es\/tormentas-y-rayos\/?p=43475"},"modified":"2025-10-07T07:46:29","modified_gmt":"2025-10-07T05:46:29","slug":"que-tiempo-hara-el-fin-de-semana-en-la-provincia-de-malaga-llovera-hara-calor-frio-viento-febrerillo-el-loco","status":"publish","type":"post","link":"https:\/\/blogs.diariosur.es\/tormentas-y-rayos\/2025\/02\/20\/que-tiempo-hara-el-fin-de-semana-en-la-provincia-de-malaga-llovera-hara-calor-frio-viento-febrerillo-el-loco\/","title":{"rendered":"\u00bfQu\u00e9 tiempo har\u00e1 el fin de semana en la provincia de M\u00e1laga, llover\u00e1, har\u00e1 calor, fr\u00edo, viento? Febrerillo el loco"},"content":{"rendered":"<p><a href=\"https:\/\/static-blogs.diariosur.es\/wp-content\/uploads\/sites\/12\/2025\/01\/474591997_10231480374091459_5977821584942016476_n-1.jpg\"><img loading=\"lazy\" class=\"aligncenter size-thumbnail wp-image-43211\" src=\"https:\/\/static-blogs.diariosur.es\/wp-content\/uploads\/sites\/12\/2025\/01\/474591997_10231480374091459_5977821584942016476_n-1-150x150.jpg\" alt=\"\" width=\"150\" height=\"150\" srcset=\"https:\/\/static-blogs.diariosur.es\/wp-content\/uploads\/sites\/12\/2025\/01\/474591997_10231480374091459_5977821584942016476_n-1-150x150.jpg 150w, https:\/\/static-blogs.diariosur.es\/wp-content\/uploads\/sites\/12\/2025\/01\/474591997_10231480374091459_5977821584942016476_n-1-400x400.jpg 400w, https:\/\/static-blogs.diariosur.es\/wp-content\/uploads\/sites\/12\/2025\/01\/474591997_10231480374091459_5977821584942016476_n-1-408x408.jpg 408w, https:\/\/static-blogs.diariosur.es\/wp-content\/uploads\/sites\/12\/2025\/01\/474591997_10231480374091459_5977821584942016476_n-1-768x768.jpg 768w, https:\/\/static-blogs.diariosur.es\/wp-content\/uploads\/sites\/12\/2025\/01\/474591997_10231480374091459_5977821584942016476_n-1.jpg 1000w\" sizes=\"(max-width: 150px) 100vw, 150px\" \/><\/a><\/p>\n<p>&nbsp;<\/p>\n<p data-pm-slice=\"1 1 []\">Buenos d\u00edas, amigos de la meteo. La temperatura m\u00ednima hoy jueves en la capital se ha dado en el aeropuerto con 10,5 \u00baC; en Antequera, la m\u00ednima ha sido de 5,8 \u00baC y en Ronda de 8,2 \u00baC. Nuevamente se sobrepasar\u00e1n los 20 \u00baC en la capital y otras zonas de la provincia malague\u00f1a.<\/p>\n<p>Os pongo una foto del amanecer de hoy jueves y a continuaci\u00f3n os doy la predicci\u00f3n.<\/p>\n<p>&nbsp;<\/p>\n<p>&nbsp;<\/p>\n<p>&nbsp;<\/p>\n<p><a href=\"https:\/\/static-blogs.diariosur.es\/wp-content\/uploads\/sites\/12\/2025\/02\/DSC2498.jpg\"><img loading=\"lazy\" class=\"aligncenter size-full wp-image-43477\" src=\"https:\/\/static-blogs.diariosur.es\/wp-content\/uploads\/sites\/12\/2025\/02\/DSC2498.jpg\" alt=\"\" width=\"1000\" height=\"667\" srcset=\"https:\/\/static-blogs.diariosur.es\/wp-content\/uploads\/sites\/12\/2025\/02\/DSC2498.jpg 1000w, https:\/\/static-blogs.diariosur.es\/wp-content\/uploads\/sites\/12\/2025\/02\/DSC2498-600x400.jpg 600w, https:\/\/static-blogs.diariosur.es\/wp-content\/uploads\/sites\/12\/2025\/02\/DSC2498-612x408.jpg 612w, https:\/\/static-blogs.diariosur.es\/wp-content\/uploads\/sites\/12\/2025\/02\/DSC2498-768x512.jpg 768w\" sizes=\"(max-width: 1000px) 100vw, 1000px\" \/><\/a><\/p>\n<p>&nbsp;<\/p>\n<h3 data-pm-slice=\"1 1 []\"><strong>\u00bfQu\u00e9 tiempo har\u00e1 el fin de semana en la provincia de M\u00e1laga? \u00bfLlover\u00e1, har\u00e1 fr\u00edo, viento, calor?<\/strong><\/h3>\n<p><strong>El s\u00e1bado<\/strong> se espera un frente fr\u00edo que dejar\u00e1 precipitaciones durante la madrugada en la zona occidental; se ir\u00e1n trasladando al resto de la provincia durante las primeras horas de la ma\u00f1ana. A partir de las once de la ma\u00f1ana baja la probabilidad.<\/p>\n<p>Os paso el mapa de superficie de la AEMET.<\/p>\n<p>&nbsp;<\/p>\n<p><a href=\"https:\/\/static-blogs.diariosur.es\/wp-content\/uploads\/sites\/12\/2025\/02\/2025021912060_ww_g1x0a2c2-e1740043963539.gif\"><img loading=\"lazy\" class=\"aligncenter size-full wp-image-43476\" src=\"https:\/\/static-blogs.diariosur.es\/wp-content\/uploads\/sites\/12\/2025\/02\/2025021912060_ww_g1x0a2c2-e1740043963539.gif\" alt=\"\" width=\"1000\" height=\"700\" \/><\/a><\/p>\n<p data-pm-slice=\"1 1 []\">A tan pocas horas, hay incertidumbre con los modelos si el frente se reactivar\u00e1 o no al llegar a nuestra provincia. Por este motivo hay modelos que dan m\u00e1s acumulados y otros menos; sinceramente, no espero mucho, ya que el frente pasar\u00e1 muy r\u00e1pido. Con un poco de suerte se mojar\u00e1n todos los portales de la provincia. Una vez pase el frente, el viento soplar\u00e1 con rachas moderadas de poniente y terral de invierno a partir de las primeras horas de la tarde.<\/p>\n<p>El s\u00e1bado la AEMET espera estas temperaturas m\u00e1ximas y m\u00ednimas en nuestra provincia.<\/p>\n<p>&nbsp;<\/p>\n<p><a href=\"https:\/\/static-blogs.diariosur.es\/wp-content\/uploads\/sites\/12\/2025\/02\/sabado-2.jpg\"><img loading=\"lazy\" class=\"aligncenter size-full wp-image-43478\" src=\"https:\/\/static-blogs.diariosur.es\/wp-content\/uploads\/sites\/12\/2025\/02\/sabado-2.jpg\" alt=\"\" width=\"1042\" height=\"826\" srcset=\"https:\/\/static-blogs.diariosur.es\/wp-content\/uploads\/sites\/12\/2025\/02\/sabado-2.jpg 1042w, https:\/\/static-blogs.diariosur.es\/wp-content\/uploads\/sites\/12\/2025\/02\/sabado-2-505x400.jpg 505w, https:\/\/static-blogs.diariosur.es\/wp-content\/uploads\/sites\/12\/2025\/02\/sabado-2-515x408.jpg 515w, https:\/\/static-blogs.diariosur.es\/wp-content\/uploads\/sites\/12\/2025\/02\/sabado-2-768x609.jpg 768w\" sizes=\"(max-width: 1042px) 100vw, 1042px\" \/><\/a><\/p>\n<p>&nbsp;<\/p>\n<p><strong>El domingo<\/strong> la probabilidad de precipitaciones es muy baja. El viento ir\u00e1 rolando a componente este a partir del mediod\u00eda, no espero rachas fuertes.<\/p>\n<p>La aemet prev\u00e9 estas m\u00e1ximas y m\u00ednimas en la provincia malague\u00f1a.<\/p>\n<p>&nbsp;<\/p>\n<p><a href=\"https:\/\/static-blogs.diariosur.es\/wp-content\/uploads\/sites\/12\/2025\/02\/domingo-2.jpg\"><img loading=\"lazy\" class=\"aligncenter size-full wp-image-43479\" src=\"https:\/\/static-blogs.diariosur.es\/wp-content\/uploads\/sites\/12\/2025\/02\/domingo-2.jpg\" alt=\"\" width=\"1042\" height=\"817\" srcset=\"https:\/\/static-blogs.diariosur.es\/wp-content\/uploads\/sites\/12\/2025\/02\/domingo-2.jpg 1042w, https:\/\/static-blogs.diariosur.es\/wp-content\/uploads\/sites\/12\/2025\/02\/domingo-2-510x400.jpg 510w, https:\/\/static-blogs.diariosur.es\/wp-content\/uploads\/sites\/12\/2025\/02\/domingo-2-520x408.jpg 520w, https:\/\/static-blogs.diariosur.es\/wp-content\/uploads\/sites\/12\/2025\/02\/domingo-2-768x602.jpg 768w\" sizes=\"(max-width: 1042px) 100vw, 1042px\" \/><\/a><\/p>\n<p>&nbsp;<\/p>\n<p>Ma\u00f1ana o el s\u00e1bado os dar\u00e9 un adelanto de la previsi\u00f3n para la Semana Blanca.<\/p>\n<p>Os dejo con esta foto de mi amigo Crist\u00f3bal Gambero, febrerillo el loco.<\/p>\n<p>&nbsp;<\/p>\n<p><a href=\"https:\/\/static-blogs.diariosur.es\/wp-content\/uploads\/sites\/12\/2025\/02\/480561839_9107108876004692_5513352836550862031_n-e1740045392663.jpg\"><img loading=\"lazy\" class=\"aligncenter size-full wp-image-43480\" src=\"https:\/\/static-blogs.diariosur.es\/wp-content\/uploads\/sites\/12\/2025\/02\/480561839_9107108876004692_5513352836550862031_n-e1740045392663.jpg\" alt=\"\" width=\"1000\" height=\"669\" \/><\/a><\/p>\n","protected":false},"excerpt":{"rendered":"<p>&nbsp; Buenos d\u00edas, amigos de la meteo. La temperatura m\u00ednima hoy jueves en la capital se ha dado en el aeropuerto con 10,5 \u00baC; en Antequera, la m\u00ednima ha sido de 5,8 \u00baC y en Ronda de 8,2 \u00baC. Nuevamente se sobrepasar\u00e1n los 20 \u00baC en la capital y otras zonas de la provincia malague\u00f1a. [&hellip;]<\/p>\n","protected":false},"author":16,"featured_media":43480,"comment_status":"open","ping_status":"open","sticky":false,"template":"","format":"standard","meta":[],"categories":[2],"tags":[340,358,410,587,800,877,902],"_links":{"self":[{"href":"https:\/\/blogs.diariosur.es\/tormentas-y-rayos\/wp-json\/wp\/v2\/posts\/43475"}],"collection":[{"href":"https:\/\/blogs.diariosur.es\/tormentas-y-rayos\/wp-json\/wp\/v2\/posts"}],"about":[{"href":"https:\/\/blogs.diariosur.es\/tormentas-y-rayos\/wp-json\/wp\/v2\/types\/post"}],"author":[{"embeddable":true,"href":"https:\/\/blogs.diariosur.es\/tormentas-y-rayos\/wp-json\/wp\/v2\/users\/16"}],"replies":[{"embeddable":true,"href":"https:\/\/blogs.diariosur.es\/tormentas-y-rayos\/wp-json\/wp\/v2\/comments?post=43475"}],"version-history":[{"count":4,"href":"https:\/\/blogs.diariosur.es\/tormentas-y-rayos\/wp-json\/wp\/v2\/posts\/43475\/revisions"}],"predecessor-version":[{"id":46745,"href":"https:\/\/blogs.diariosur.es\/tormentas-y-rayos\/wp-json\/wp\/v2\/posts\/43475\/revisions\/46745"}],"wp:featuredmedia":[{"embeddable":true,"href":"https:\/\/blogs.diariosur.es\/tormentas-y-rayos\/wp-json\/wp\/v2\/media\/43480"}],"wp:attachment":[{"href":"https:\/\/blogs.diariosur.es\/tormentas-y-rayos\/wp-json\/wp\/v2\/media?parent=43475"}],"wp:term":[{"taxonomy":"category","embeddable":true,"href":"https:\/\/blogs.diariosur.es\/tormentas-y-rayos\/wp-json\/wp\/v2\/categories?post=43475"},{"taxonomy":"post_tag","embeddable":true,"href":"https:\/\/blogs.diariosur.es\/tormentas-y-rayos\/wp-json\/wp\/v2\/tags?post=43475"}],"curies":[{"name":"wp","href":"https:\/\/api.w.org\/{rel}","templated":true}]}}