{"id":43484,"date":"2025-02-21T08:19:48","date_gmt":"2025-02-21T07:19:48","guid":{"rendered":"https:\/\/blogs.diariosur.es\/tormentas-y-rayos\/?p=43484"},"modified":"2025-10-07T07:44:01","modified_gmt":"2025-10-07T05:44:01","slug":"a-peticion-vuestra-probables-acumulados-de-distintos-modelos-en-la-provincia-de-malaga-para-manana-sabado","status":"publish","type":"post","link":"https:\/\/blogs.diariosur.es\/tormentas-y-rayos\/2025\/02\/21\/a-peticion-vuestra-probables-acumulados-de-distintos-modelos-en-la-provincia-de-malaga-para-manana-sabado\/","title":{"rendered":"A petici\u00f3n vuestra, probables acumulados de distintos modelos en la provincia de M\u00e1laga para ma\u00f1ana s\u00e1bado"},"content":{"rendered":"<p><a href=\"https:\/\/static-blogs.diariosur.es\/wp-content\/uploads\/sites\/12\/2025\/01\/474591997_10231480374091459_5977821584942016476_n-1.jpg\"><img loading=\"lazy\" class=\"aligncenter size-thumbnail wp-image-43211\" src=\"https:\/\/static-blogs.diariosur.es\/wp-content\/uploads\/sites\/12\/2025\/01\/474591997_10231480374091459_5977821584942016476_n-1-150x150.jpg\" alt=\"\" width=\"150\" height=\"150\" srcset=\"https:\/\/static-blogs.diariosur.es\/wp-content\/uploads\/sites\/12\/2025\/01\/474591997_10231480374091459_5977821584942016476_n-1-150x150.jpg 150w, https:\/\/static-blogs.diariosur.es\/wp-content\/uploads\/sites\/12\/2025\/01\/474591997_10231480374091459_5977821584942016476_n-1-400x400.jpg 400w, https:\/\/static-blogs.diariosur.es\/wp-content\/uploads\/sites\/12\/2025\/01\/474591997_10231480374091459_5977821584942016476_n-1-408x408.jpg 408w, https:\/\/static-blogs.diariosur.es\/wp-content\/uploads\/sites\/12\/2025\/01\/474591997_10231480374091459_5977821584942016476_n-1-768x768.jpg 768w, https:\/\/static-blogs.diariosur.es\/wp-content\/uploads\/sites\/12\/2025\/01\/474591997_10231480374091459_5977821584942016476_n-1.jpg 1000w\" sizes=\"(max-width: 150px) 100vw, 150px\" \/><\/a><\/p>\n<p>&nbsp;<\/p>\n<p data-pm-slice=\"1 1 []\">Buenos d\u00edas, amigos de la meteo. Las nubes bajas de retenci\u00f3n est\u00e1n dejando algunas gotillas en zonas de monta\u00f1a pr\u00f3ximas al litoral; estas nubes las origina el viento de levante.<\/p>\n<p>A petici\u00f3n de muchos de vosotros, os pongo los probables acumulados que prev\u00e9n algunos modelos para el frente fr\u00edo que afectar\u00e1 esta pr\u00f3xima madrugada y primeras horas de la ma\u00f1ana a la provincia de M\u00e1laga. El s\u00e1bado por la tarde sabremos qu\u00e9 modelo se ha aproximado m\u00e1s con los acumulados; todo depender\u00e1 de si el frente se reactiva cuando llegue a la provincia de M\u00e1laga.<\/p>\n<p><strong>AMERICANO<\/strong><\/p>\n<p>&nbsp;<\/p>\n<p><a href=\"https:\/\/static-blogs.diariosur.es\/wp-content\/uploads\/sites\/12\/2025\/02\/americano-2.jpg\"><img loading=\"lazy\" class=\"aligncenter size-full wp-image-43486\" src=\"https:\/\/static-blogs.diariosur.es\/wp-content\/uploads\/sites\/12\/2025\/02\/americano-2.jpg\" alt=\"\" width=\"1141\" height=\"1192\" srcset=\"https:\/\/static-blogs.diariosur.es\/wp-content\/uploads\/sites\/12\/2025\/02\/americano-2.jpg 1141w, https:\/\/static-blogs.diariosur.es\/wp-content\/uploads\/sites\/12\/2025\/02\/americano-2-383x400.jpg 383w, https:\/\/static-blogs.diariosur.es\/wp-content\/uploads\/sites\/12\/2025\/02\/americano-2-391x408.jpg 391w, https:\/\/static-blogs.diariosur.es\/wp-content\/uploads\/sites\/12\/2025\/02\/americano-2-768x802.jpg 768w\" sizes=\"(max-width: 1141px) 100vw, 1141px\" \/><\/a><\/p>\n<p>&nbsp;<\/p>\n<p><strong>HARMONIE<\/strong><\/p>\n<p>&nbsp;<\/p>\n<p><a href=\"https:\/\/static-blogs.diariosur.es\/wp-content\/uploads\/sites\/12\/2025\/02\/armonie.jpg\"><img loading=\"lazy\" class=\"aligncenter size-full wp-image-43487\" src=\"https:\/\/static-blogs.diariosur.es\/wp-content\/uploads\/sites\/12\/2025\/02\/armonie.jpg\" alt=\"\" width=\"1030\" height=\"813\" srcset=\"https:\/\/static-blogs.diariosur.es\/wp-content\/uploads\/sites\/12\/2025\/02\/armonie.jpg 1030w, https:\/\/static-blogs.diariosur.es\/wp-content\/uploads\/sites\/12\/2025\/02\/armonie-507x400.jpg 507w, https:\/\/static-blogs.diariosur.es\/wp-content\/uploads\/sites\/12\/2025\/02\/armonie-517x408.jpg 517w, https:\/\/static-blogs.diariosur.es\/wp-content\/uploads\/sites\/12\/2025\/02\/armonie-768x606.jpg 768w\" sizes=\"(max-width: 1030px) 100vw, 1030px\" \/><\/a><\/p>\n<p><strong>ARPEGE<\/strong><\/p>\n<p><a href=\"https:\/\/static-blogs.diariosur.es\/wp-content\/uploads\/sites\/12\/2025\/02\/arpege-1.jpg\"><img loading=\"lazy\" class=\"aligncenter size-full wp-image-43488\" src=\"https:\/\/static-blogs.diariosur.es\/wp-content\/uploads\/sites\/12\/2025\/02\/arpege-1.jpg\" alt=\"\" width=\"1146\" height=\"1180\" srcset=\"https:\/\/static-blogs.diariosur.es\/wp-content\/uploads\/sites\/12\/2025\/02\/arpege-1.jpg 1146w, https:\/\/static-blogs.diariosur.es\/wp-content\/uploads\/sites\/12\/2025\/02\/arpege-1-388x400.jpg 388w, https:\/\/static-blogs.diariosur.es\/wp-content\/uploads\/sites\/12\/2025\/02\/arpege-1-396x408.jpg 396w, https:\/\/static-blogs.diariosur.es\/wp-content\/uploads\/sites\/12\/2025\/02\/arpege-1-768x791.jpg 768w\" sizes=\"(max-width: 1146px) 100vw, 1146px\" \/><\/a><\/p>\n<p><strong>EUROPEO<\/strong><\/p>\n<p><a href=\"https:\/\/static-blogs.diariosur.es\/wp-content\/uploads\/sites\/12\/2025\/02\/europeo-2.jpg\"><img loading=\"lazy\" class=\"aligncenter size-full wp-image-43489\" src=\"https:\/\/static-blogs.diariosur.es\/wp-content\/uploads\/sites\/12\/2025\/02\/europeo-2.jpg\" alt=\"\" width=\"1144\" height=\"1174\" srcset=\"https:\/\/static-blogs.diariosur.es\/wp-content\/uploads\/sites\/12\/2025\/02\/europeo-2.jpg 1144w, https:\/\/static-blogs.diariosur.es\/wp-content\/uploads\/sites\/12\/2025\/02\/europeo-2-390x400.jpg 390w, https:\/\/static-blogs.diariosur.es\/wp-content\/uploads\/sites\/12\/2025\/02\/europeo-2-398x408.jpg 398w, https:\/\/static-blogs.diariosur.es\/wp-content\/uploads\/sites\/12\/2025\/02\/europeo-2-768x788.jpg 768w\" sizes=\"(max-width: 1144px) 100vw, 1144px\" \/><\/a><\/p>\n<p><strong>ICONO<\/strong><\/p>\n<p><a href=\"https:\/\/static-blogs.diariosur.es\/wp-content\/uploads\/sites\/12\/2025\/02\/icono-1.jpg\"><img loading=\"lazy\" class=\"aligncenter size-full wp-image-43490\" src=\"https:\/\/static-blogs.diariosur.es\/wp-content\/uploads\/sites\/12\/2025\/02\/icono-1.jpg\" alt=\"\" width=\"1146\" height=\"1140\" srcset=\"https:\/\/static-blogs.diariosur.es\/wp-content\/uploads\/sites\/12\/2025\/02\/icono-1.jpg 1146w, https:\/\/static-blogs.diariosur.es\/wp-content\/uploads\/sites\/12\/2025\/02\/icono-1-402x400.jpg 402w, https:\/\/static-blogs.diariosur.es\/wp-content\/uploads\/sites\/12\/2025\/02\/icono-1-410x408.jpg 410w, https:\/\/static-blogs.diariosur.es\/wp-content\/uploads\/sites\/12\/2025\/02\/icono-1-150x150.jpg 150w, https:\/\/static-blogs.diariosur.es\/wp-content\/uploads\/sites\/12\/2025\/02\/icono-1-768x764.jpg 768w\" sizes=\"(max-width: 1146px) 100vw, 1146px\" \/><\/a><\/p>\n<p><strong>REINO UNIDO<\/strong><\/p>\n<p><a href=\"https:\/\/static-blogs.diariosur.es\/wp-content\/uploads\/sites\/12\/2025\/02\/reino-unido-1.jpg\"><img loading=\"lazy\" class=\"aligncenter size-full wp-image-43491\" src=\"https:\/\/static-blogs.diariosur.es\/wp-content\/uploads\/sites\/12\/2025\/02\/reino-unido-1.jpg\" alt=\"\" width=\"1135\" height=\"1138\" srcset=\"https:\/\/static-blogs.diariosur.es\/wp-content\/uploads\/sites\/12\/2025\/02\/reino-unido-1.jpg 1135w, https:\/\/static-blogs.diariosur.es\/wp-content\/uploads\/sites\/12\/2025\/02\/reino-unido-1-399x400.jpg 399w, https:\/\/static-blogs.diariosur.es\/wp-content\/uploads\/sites\/12\/2025\/02\/reino-unido-1-407x408.jpg 407w, https:\/\/static-blogs.diariosur.es\/wp-content\/uploads\/sites\/12\/2025\/02\/reino-unido-1-150x150.jpg 150w, https:\/\/static-blogs.diariosur.es\/wp-content\/uploads\/sites\/12\/2025\/02\/reino-unido-1-768x770.jpg 768w\" sizes=\"(max-width: 1135px) 100vw, 1135px\" \/><\/a><\/p>\n<p>&nbsp;<\/p>\n","protected":false},"excerpt":{"rendered":"<p>&nbsp; Buenos d\u00edas, amigos de la meteo. Las nubes bajas de retenci\u00f3n est\u00e1n dejando algunas gotillas en zonas de monta\u00f1a pr\u00f3ximas al litoral; estas nubes las origina el viento de levante. A petici\u00f3n de muchos de vosotros, os pongo los probables acumulados que prev\u00e9n algunos modelos para el frente fr\u00edo que afectar\u00e1 esta pr\u00f3xima madrugada [&hellip;]<\/p>\n","protected":false},"author":16,"featured_media":43492,"comment_status":"open","ping_status":"open","sticky":false,"template":"","format":"standard","meta":[],"categories":[2],"tags":[45,151,288,358,406,426,432,569,587,676],"_links":{"self":[{"href":"https:\/\/blogs.diariosur.es\/tormentas-y-rayos\/wp-json\/wp\/v2\/posts\/43484"}],"collection":[{"href":"https:\/\/blogs.diariosur.es\/tormentas-y-rayos\/wp-json\/wp\/v2\/posts"}],"about":[{"href":"https:\/\/blogs.diariosur.es\/tormentas-y-rayos\/wp-json\/wp\/v2\/types\/post"}],"author":[{"embeddable":true,"href":"https:\/\/blogs.diariosur.es\/tormentas-y-rayos\/wp-json\/wp\/v2\/users\/16"}],"replies":[{"embeddable":true,"href":"https:\/\/blogs.diariosur.es\/tormentas-y-rayos\/wp-json\/wp\/v2\/comments?post=43484"}],"version-history":[{"count":3,"href":"https:\/\/blogs.diariosur.es\/tormentas-y-rayos\/wp-json\/wp\/v2\/posts\/43484\/revisions"}],"predecessor-version":[{"id":46744,"href":"https:\/\/blogs.diariosur.es\/tormentas-y-rayos\/wp-json\/wp\/v2\/posts\/43484\/revisions\/46744"}],"wp:featuredmedia":[{"embeddable":true,"href":"https:\/\/blogs.diariosur.es\/tormentas-y-rayos\/wp-json\/wp\/v2\/media\/43492"}],"wp:attachment":[{"href":"https:\/\/blogs.diariosur.es\/tormentas-y-rayos\/wp-json\/wp\/v2\/media?parent=43484"}],"wp:term":[{"taxonomy":"category","embeddable":true,"href":"https:\/\/blogs.diariosur.es\/tormentas-y-rayos\/wp-json\/wp\/v2\/categories?post=43484"},{"taxonomy":"post_tag","embeddable":true,"href":"https:\/\/blogs.diariosur.es\/tormentas-y-rayos\/wp-json\/wp\/v2\/tags?post=43484"}],"curies":[{"name":"wp","href":"https:\/\/api.w.org\/{rel}","templated":true}]}}