{"id":43494,"date":"2025-02-22T15:21:23","date_gmt":"2025-02-22T14:21:23","guid":{"rendered":"https:\/\/blogs.diariosur.es\/tormentas-y-rayos\/?p=43494"},"modified":"2025-02-22T15:29:26","modified_gmt":"2025-02-22T14:29:26","slug":"acumulados-de-precipitacion-en-la-provincia-de-malaga-hoy-sabado-22-de-febrero","status":"publish","type":"post","link":"https:\/\/blogs.diariosur.es\/tormentas-y-rayos\/2025\/02\/22\/acumulados-de-precipitacion-en-la-provincia-de-malaga-hoy-sabado-22-de-febrero\/","title":{"rendered":"Acumulados de precipitaci\u00f3n en la provincia de M\u00e1laga hoy s\u00e1bado 22 de febrero"},"content":{"rendered":"<p><a href=\"https:\/\/static-blogs.diariosur.es\/wp-content\/uploads\/sites\/12\/2025\/01\/474591997_10231480374091459_5977821584942016476_n-1.jpg\"><img loading=\"lazy\" class=\"aligncenter size-thumbnail wp-image-43211\" src=\"https:\/\/static-blogs.diariosur.es\/wp-content\/uploads\/sites\/12\/2025\/01\/474591997_10231480374091459_5977821584942016476_n-1-150x150.jpg\" alt=\"\" width=\"150\" height=\"150\" srcset=\"https:\/\/static-blogs.diariosur.es\/wp-content\/uploads\/sites\/12\/2025\/01\/474591997_10231480374091459_5977821584942016476_n-1-150x150.jpg 150w, https:\/\/static-blogs.diariosur.es\/wp-content\/uploads\/sites\/12\/2025\/01\/474591997_10231480374091459_5977821584942016476_n-1-400x400.jpg 400w, https:\/\/static-blogs.diariosur.es\/wp-content\/uploads\/sites\/12\/2025\/01\/474591997_10231480374091459_5977821584942016476_n-1-408x408.jpg 408w, https:\/\/static-blogs.diariosur.es\/wp-content\/uploads\/sites\/12\/2025\/01\/474591997_10231480374091459_5977821584942016476_n-1-768x768.jpg 768w, https:\/\/static-blogs.diariosur.es\/wp-content\/uploads\/sites\/12\/2025\/01\/474591997_10231480374091459_5977821584942016476_n-1.jpg 1000w\" sizes=\"(max-width: 150px) 100vw, 150px\" \/><\/a><\/p>\n<p>Buenas tardes, amigos de la meteo. Os pongo los acumulados que ha dejado el frente en la provincia de M\u00e1laga hoy s\u00e1bado 22 de febrero. Si entr\u00e1is al post que puse ayer, podr\u00e9is ver que modelo<a href=\"https:\/\/blogs.diariosur.es\/tormentas-y-rayos\/2025\/02\/21\/a-peticion-vuestra-probables-acumulados-de-distintos-modelos-en-la-provincia-de-malaga-para-manana-sabado\/\"> se ha aproximado m\u00e1s a los acumulados.<\/a><\/p>\n<h3><strong>Fuente Acamet<\/strong><\/h3>\n<p>Juanar 21,6 mm<\/p>\n<p>Pilones 11,7 mm<\/p>\n<p>Valientes\u00a0 10,8 mm<\/p>\n<p>Or\u00e9ganal\u00a0 13 mm<\/p>\n<p>Las Navas\u00a0 10 mm<\/p>\n<h3><strong>Fuente Meteoclimatic<\/strong><\/h3>\n<p>Alameda 4 mm<\/p>\n<p>Algatoc\u00edn\u00a0 13,7 mm<\/p>\n<p>Alhaur\u00edn de la Torre 6 mm<\/p>\n<p>Alhaur\u00edn el Grande 7 mm<\/p>\n<p>Archidona Norte 5,6 mm<\/p>\n<p>Archidona Huertas del R\u00edo 5,1 mm<\/p>\n<p>Benalm\u00e1dena Arroyo de la Miel 7 mm<\/p>\n<p>Arroyo de la Miel\u00a0 9 4 mm<\/p>\n<p>C\u00e1rtama Sierra Llana 3,8<\/p>\n<p>El Colmenar las Buitreras 9,8 mm<\/p>\n<p>Frigiliana 10,5 mm<\/p>\n<p>Ist\u00e1n 8,6 mm<\/p>\n<p>La Cala del Moral 4,1 mm<\/p>\n<p>La Cala de Mijas\u00a0 10,4 mm<\/p>\n<p>Mijas Pueblo\u00a0 10 mm<\/p>\n<p>Nerja Las Palmeras 11,7<\/p>\n<p>Ronda San Crist\u00f3bal 2,1 mm<\/p>\n<p>Tolox 4,6 mm<\/p>\n<h3><strong>Fuente Red Hidrosur<\/strong><\/h3>\n<p>Los Reales 20,8 mm<\/p>\n<p>Majada de las Lomas\u00a0 13,2 mm<\/p>\n<p>R\u00edo Genal Jubrique 11 mm<\/p>\n<p>Cuevas del Becerro 4 mm<\/p>\n<p>Pujerra 7,9 mm<\/p>\n<p>Oj\u00e9n 10,7\u00a0 mm<\/p>\n<p>M\u00e1laga Paseo de la Farola 2,8 mm<\/p>\n<p>Depuradora de Marbella 10,8 mm<\/p>\n<p>Santo Pitar 5,8 mm<\/p>\n<p>Ca\u00f1ete ja Real 4,1 mm<\/p>\n<p>Laguna Fuente Piedra 3,7 mm<\/p>\n<p>Canal la Encantada 4,1 mm<\/p>\n<p>Azud de Paredones 1,9 mm<\/p>\n<p>Coin 6,4 mm<\/p>\n<p>Alcauc\u00edn 5 mm<\/p>\n<p>Rio Guadalhorce C\u00e1rtama\u00a0 5,1 mm<\/p>\n<p>Villanueva de la Concepci\u00f3n 6,1 mm<\/p>\n<p>Casarabonela 3,2 mm<\/p>\n<p>Colmenar 4,3 mm<\/p>\n<p>Alfarnatejo 5,8 mm<\/p>\n<p>Torrox Torre del Mar\u00a0 8 mm<\/p>\n<p>Torrox 7,4 mm<\/p>\n<p>Rio Guadiaro Majaceite\u00a0 10,1 mm<\/p>\n<p>Rio Grande 2,7 mm<\/p>\n<p>Las Golondrinas\u00a0 3,2 mm<\/p>\n<p>Depuradora del Trapiche\u00a0 2,8 mm<\/p>\n<p>Fahala 4,4 mm<\/p>\n<p>Rio Guadalhorce Bobadilla 2,5 mm<\/p>\n<p>Rio Tur\u00f3n Ardales 3,3 mm<\/p>\n<p>Rio Guadalteba Aforo Teba 3,3 mm<\/p>\n<p>Rio Guadalhorce Archidona 4,8 mm<\/p>\n<p>Embalse de la Concepci\u00f3n 11,3 mm<\/p>\n<p>Embalse Guadalteba\u00a0 2,8 mm<\/p>\n<p>Embalse Conde del Guadalhorce 3 mm<\/p>\n<p>Embalse del Limonero 3,3 mm<\/p>\n<p>Embalse de la Vi\u00f1uela\u00a0 5 mm<\/p>\n<p>Embalse de Casasola\u00a0 1,7 mm<\/p>\n<p>Embalse Guadalmina\u00a0 11,3 mm<\/p>\n<p>Embalse Guadalmansa 10,4 mm<\/p>\n<h3><strong>Fuente Aemet<\/strong><\/h3>\n<p>Cortes de la Frontera 10,4 mm<\/p>\n<p>Alpande\u00edre\u00a0 11,4 mm<\/p>\n<p>Gauc\u00edn\u00a0 16,2 mm<\/p>\n<p>Manilva\u00a0 15,2 mm<\/p>\n<p>Benahavis 9,4 mm<\/p>\n<p>Estepona 15,2 mm<\/p>\n<p>Fuengirola\u00a0 6,4 mm<\/p>\n<p>Fuente de Piedra 4,4 mm<\/p>\n<p>Torremolinos 6,4 mm<\/p>\n<p>M\u00e1laga Aeropuerto 4,6 mm<\/p>\n<p>Centro Meteorol\u00f3gico 5,2 mm<\/p>\n<p>\u00c1lora 1,4 mm<\/p>\n<p>Marbella 9,8 mm<\/p>\n<h3><strong>Fuente Wunderground<\/strong><\/h3>\n<p>Yunquera 3,8 mm<\/p>\n<p>El Burgo 1,8 mm<\/p>\n<p>Arriate 2,5 mm<\/p>\n<p>Ardales 3,5 mm<\/p>\n<p>Campillos 4,3 mm<\/p>\n<p>Sierra Yeguas 6,3 mm<\/p>\n<p>Humilladero 3,6 mm<\/p>\n<p>Cuevas de San Marcos 6,1 mm<\/p>\n<p>Villanueva de Algaidas 3,5 mm<\/p>\n<p>Villanueva de Tapia 3,8 mm<\/p>\n<p>Villanueva del Trabuco 3,4 mm<\/p>\n<p>Villanueva del Rosario 3,5 mm<\/p>\n<p>Casabermeja\u00a0 5,3 mm<\/p>\n<p>Periana\u00a0 5 mm<\/p>\n<p>Canillas del Aceituno\u00a0 11,6 mm<\/p>\n<p>Benamocarra\u00a0 8,3 mm<\/p>\n<p>Almachar 7,7 mm<\/p>\n<p>El Borge 7,8 mm<\/p>\n<p>Cuevas Bajas 6,2 mm<\/p>\n<p>Casares 21 mm<\/p>\n<p>San Pedro de Alc\u00e1ntara 12,3 mm<\/p>\n<p>V\u00e9lez M\u00e1laga 6,8 mm<\/p>\n<p>Rinc\u00f3n de la Victoria 4,8 mm<\/p>\n","protected":false},"excerpt":{"rendered":"<p>Buenas tardes, amigos de la meteo. Os pongo los acumulados que ha dejado el frente en la provincia de M\u00e1laga hoy s\u00e1bado 22 de febrero. Si entr\u00e1is al post que puse ayer, podr\u00e9is ver que modelo se ha aproximado m\u00e1s a los acumulados. Fuente Acamet Juanar 21,6 mm Pilones 11,7 mm Valientes\u00a0 10,8 mm Or\u00e9ganal\u00a0 [&hellip;]<\/p>\n","protected":false},"author":16,"featured_media":43496,"comment_status":"open","ping_status":"open","sticky":false,"template":"","format":"standard","meta":[],"categories":[2],"tags":[45,587,1154],"_links":{"self":[{"href":"https:\/\/blogs.diariosur.es\/tormentas-y-rayos\/wp-json\/wp\/v2\/posts\/43494"}],"collection":[{"href":"https:\/\/blogs.diariosur.es\/tormentas-y-rayos\/wp-json\/wp\/v2\/posts"}],"about":[{"href":"https:\/\/blogs.diariosur.es\/tormentas-y-rayos\/wp-json\/wp\/v2\/types\/post"}],"author":[{"embeddable":true,"href":"https:\/\/blogs.diariosur.es\/tormentas-y-rayos\/wp-json\/wp\/v2\/users\/16"}],"replies":[{"embeddable":true,"href":"https:\/\/blogs.diariosur.es\/tormentas-y-rayos\/wp-json\/wp\/v2\/comments?post=43494"}],"version-history":[{"count":4,"href":"https:\/\/blogs.diariosur.es\/tormentas-y-rayos\/wp-json\/wp\/v2\/posts\/43494\/revisions"}],"predecessor-version":[{"id":43499,"href":"https:\/\/blogs.diariosur.es\/tormentas-y-rayos\/wp-json\/wp\/v2\/posts\/43494\/revisions\/43499"}],"wp:featuredmedia":[{"embeddable":true,"href":"https:\/\/blogs.diariosur.es\/tormentas-y-rayos\/wp-json\/wp\/v2\/media\/43496"}],"wp:attachment":[{"href":"https:\/\/blogs.diariosur.es\/tormentas-y-rayos\/wp-json\/wp\/v2\/media?parent=43494"}],"wp:term":[{"taxonomy":"category","embeddable":true,"href":"https:\/\/blogs.diariosur.es\/tormentas-y-rayos\/wp-json\/wp\/v2\/categories?post=43494"},{"taxonomy":"post_tag","embeddable":true,"href":"https:\/\/blogs.diariosur.es\/tormentas-y-rayos\/wp-json\/wp\/v2\/tags?post=43494"}],"curies":[{"name":"wp","href":"https:\/\/api.w.org\/{rel}","templated":true}]}}