{"id":43501,"date":"2025-02-23T09:50:55","date_gmt":"2025-02-23T08:50:55","guid":{"rendered":"https:\/\/blogs.diariosur.es\/tormentas-y-rayos\/?p=43501"},"modified":"2025-10-07T07:40:15","modified_gmt":"2025-10-07T05:40:15","slug":"prediccion-primeros-dias-de-la-semana-blanca-en-malaga-los-otros-dias-hay-incertidumbre","status":"publish","type":"post","link":"https:\/\/blogs.diariosur.es\/tormentas-y-rayos\/2025\/02\/23\/prediccion-primeros-dias-de-la-semana-blanca-en-malaga-los-otros-dias-hay-incertidumbre\/","title":{"rendered":"Predicci\u00f3n primeros d\u00edas de la Semana Blanca en M\u00e1laga. Los otros d\u00edas hay incertidumbre"},"content":{"rendered":"<p><a href=\"https:\/\/static-blogs.diariosur.es\/wp-content\/uploads\/sites\/12\/2025\/01\/474591997_10231480374091459_5977821584942016476_n-1.jpg\"><img loading=\"lazy\" class=\"aligncenter size-thumbnail wp-image-43211\" src=\"https:\/\/static-blogs.diariosur.es\/wp-content\/uploads\/sites\/12\/2025\/01\/474591997_10231480374091459_5977821584942016476_n-1-150x150.jpg\" alt=\"\" width=\"150\" height=\"150\" srcset=\"https:\/\/static-blogs.diariosur.es\/wp-content\/uploads\/sites\/12\/2025\/01\/474591997_10231480374091459_5977821584942016476_n-1-150x150.jpg 150w, https:\/\/static-blogs.diariosur.es\/wp-content\/uploads\/sites\/12\/2025\/01\/474591997_10231480374091459_5977821584942016476_n-1-400x400.jpg 400w, https:\/\/static-blogs.diariosur.es\/wp-content\/uploads\/sites\/12\/2025\/01\/474591997_10231480374091459_5977821584942016476_n-1-408x408.jpg 408w, https:\/\/static-blogs.diariosur.es\/wp-content\/uploads\/sites\/12\/2025\/01\/474591997_10231480374091459_5977821584942016476_n-1-768x768.jpg 768w, https:\/\/static-blogs.diariosur.es\/wp-content\/uploads\/sites\/12\/2025\/01\/474591997_10231480374091459_5977821584942016476_n-1.jpg 1000w\" sizes=\"(max-width: 150px) 100vw, 150px\" \/><\/a><\/p>\n<p data-pm-slice=\"1 1 []\">Buenos d\u00edas, amigos de la meteo. La temperatura m\u00ednima hoy domingo en M\u00e1laga capital la ha registrado el Centro Meteorol\u00f3gico con 11 \u00baC; en el Aeropuerto ha sido de 12,4 \u00baC. En el interior de la provincia, destacar Antequera con 3,9 \u00baC, Ronda con 5,5 \u00baC\u00a0y Archidona Huertas del R\u00edo con 1,4 \u00baC, fuentes Aemet y meteoclimatic.<\/p>\n<p>Ayer s\u00e1bado la temperatura m\u00e1xima se dio en la estaci\u00f3n de la Aemet del puerto con 20,9 \u00baC, seguida de Estepona con 22 \u00baC.<\/p>\n<p><a href=\"https:\/\/blogs.diariosur.es\/tormentas-y-rayos\/2025\/02\/22\/acumulados-de-precipitacion-en-la-provincia-de-malaga-hoy-sabado-22-de-febrero\/\"><strong>Os paso los acumulados de precipitaci\u00f3n de ayer en la provincia de M\u00e1laga.<\/strong><\/a><\/p>\n<p>&nbsp;<\/p>\n<p>&nbsp;<\/p>\n<h3 data-pm-slice=\"1 1 []\"><strong>Predicci\u00f3n primeros d\u00edas de la Semana Blanca en M\u00e1laga; los otros d\u00edas, incertidumbre.<\/strong><\/h3>\n<p>Con los modelos actualizados, hay incertidumbre con las previsiones desde el jueves al domingo. De momento os doy\u00a0lunes, martes y mi\u00e9rcoles.<\/p>\n<p><strong>LUNES 24 DE FEBRERO<\/strong><\/p>\n<p>La probabilidad de precipitaciones es del 0%.<\/p>\n<p>Hay probabilidad de nubes altas en toda la provincia.<\/p>\n<p>El viento soplar\u00e1 flojo de direcci\u00f3n variable.<\/p>\n<p>La temperatura m\u00e1xima en la capital rondar\u00e1 los 19 o 20 grados, seg\u00fan zonas.<\/p>\n<p>Os paso las temperaturas m\u00e1ximas que prev\u00e9 la AEMET en la provincia de M\u00e1laga.<\/p>\n<p>&nbsp;<\/p>\n<p><a href=\"https:\/\/static-blogs.diariosur.es\/wp-content\/uploads\/sites\/12\/2025\/02\/lunes.jpg\"><img loading=\"lazy\" class=\"aligncenter size-full wp-image-43502\" src=\"https:\/\/static-blogs.diariosur.es\/wp-content\/uploads\/sites\/12\/2025\/02\/lunes.jpg\" alt=\"\" width=\"1054\" height=\"822\" srcset=\"https:\/\/static-blogs.diariosur.es\/wp-content\/uploads\/sites\/12\/2025\/02\/lunes.jpg 1054w, https:\/\/static-blogs.diariosur.es\/wp-content\/uploads\/sites\/12\/2025\/02\/lunes-513x400.jpg 513w, https:\/\/static-blogs.diariosur.es\/wp-content\/uploads\/sites\/12\/2025\/02\/lunes-523x408.jpg 523w, https:\/\/static-blogs.diariosur.es\/wp-content\/uploads\/sites\/12\/2025\/02\/lunes-768x599.jpg 768w\" sizes=\"(max-width: 1054px) 100vw, 1054px\" \/><\/a><\/p>\n<p>&nbsp;<\/p>\n<p data-pm-slice=\"1 1 []\"><strong>MARTES 25 DE FEBRERO<\/strong><\/p>\n<p>El martes tomar\u00e1 protagonismo el poniente y el terral de invierno; se esperan rachas de moderadas a fuertes en todo el litoral malague\u00f1o, m\u00e1s probables por la tarde.<\/p>\n<p>Se espera que un frente muy poco activo cruce nuestra comunidad andaluza por la tarde. Hay probabilidad (<strong>baja<\/strong>) de que caigan algunas gotas en el interior m\u00e1s occidental de la provincia de M\u00e1laga a \u00faltima hora de la tarde noche. Ma\u00f1ana sabremos si ser\u00e1n m\u00e1s gotas o menos en esa zona.<\/p>\n<p>En cuanto a las temperaturas m\u00e1ximas, se espera en la capital entre los 22 y 23 \u00baC.<\/p>\n<p>Os paso las temperaturas m\u00e1ximas y m\u00ednimas que prev\u00e9 la Aemet en toda la provincia.<\/p>\n<p>&nbsp;<\/p>\n<p><a href=\"https:\/\/static-blogs.diariosur.es\/wp-content\/uploads\/sites\/12\/2025\/02\/martes.jpg\"><img loading=\"lazy\" class=\"aligncenter size-full wp-image-43503\" src=\"https:\/\/static-blogs.diariosur.es\/wp-content\/uploads\/sites\/12\/2025\/02\/martes.jpg\" alt=\"\" width=\"1042\" height=\"816\" srcset=\"https:\/\/static-blogs.diariosur.es\/wp-content\/uploads\/sites\/12\/2025\/02\/martes.jpg 1042w, https:\/\/static-blogs.diariosur.es\/wp-content\/uploads\/sites\/12\/2025\/02\/martes-511x400.jpg 511w, https:\/\/static-blogs.diariosur.es\/wp-content\/uploads\/sites\/12\/2025\/02\/martes-521x408.jpg 521w, https:\/\/static-blogs.diariosur.es\/wp-content\/uploads\/sites\/12\/2025\/02\/martes-768x601.jpg 768w\" sizes=\"(max-width: 1042px) 100vw, 1042px\" \/><\/a><\/p>\n<p>&nbsp;<\/p>\n<p>&nbsp;<\/p>\n<p data-pm-slice=\"1 1 []\">Durante la madrugada del mi\u00e9rcoles, el viento seguir\u00e1 de poniente y terral de invierno con rachas moderadas. A primeras horas de la ma\u00f1ana el viento cambiar\u00e1 a levante; es probable que lo haga con rachas de moderadas a fuertes. Ya os confirmar\u00e9 si se da minigalerna malague\u00f1a cuando actualice otra vez el blog.<\/p>\n<p>Os pongo las temperaturas m\u00e1ximas y m\u00ednimas que prev\u00e9 la AEMET. Si os fij\u00e1is, bajan unos grados en las zonas que el d\u00eda anterior sobrepasaron los 20 \u00baC.<\/p>\n<p>&nbsp;<\/p>\n<p>&nbsp;<\/p>\n<p><a href=\"https:\/\/static-blogs.diariosur.es\/wp-content\/uploads\/sites\/12\/2025\/02\/miercoles.jpg\"><img loading=\"lazy\" class=\"aligncenter size-full wp-image-43504\" src=\"https:\/\/static-blogs.diariosur.es\/wp-content\/uploads\/sites\/12\/2025\/02\/miercoles.jpg\" alt=\"\" width=\"1033\" height=\"826\" srcset=\"https:\/\/static-blogs.diariosur.es\/wp-content\/uploads\/sites\/12\/2025\/02\/miercoles.jpg 1033w, https:\/\/static-blogs.diariosur.es\/wp-content\/uploads\/sites\/12\/2025\/02\/miercoles-500x400.jpg 500w, https:\/\/static-blogs.diariosur.es\/wp-content\/uploads\/sites\/12\/2025\/02\/miercoles-510x408.jpg 510w, https:\/\/static-blogs.diariosur.es\/wp-content\/uploads\/sites\/12\/2025\/02\/miercoles-768x614.jpg 768w\" sizes=\"(max-width: 1033px) 100vw, 1033px\" \/><\/a><\/p>\n<p>&nbsp;<\/p>\n<p data-pm-slice=\"1 1 []\">Ma\u00f1ana por la tarde o el martes a primera hora, completamos la previsi\u00f3n del resto de la Semana Blanca; como os he comentado antes, a partir del jueves hay incertidumbre.<\/p>\n<p>Os dejo con esta bonita foto de mi amigo Crist\u00f3bal Gambero. La hizo el pasado 18 de este mes.<\/p>\n<p>&nbsp;<\/p>\n<p><a href=\"https:\/\/static-blogs.diariosur.es\/wp-content\/uploads\/sites\/12\/2025\/02\/480278425_9120532431329003_2597381600687170396_n-e1740300090360.jpg\"><img loading=\"lazy\" class=\"aligncenter size-full wp-image-43505\" src=\"https:\/\/static-blogs.diariosur.es\/wp-content\/uploads\/sites\/12\/2025\/02\/480278425_9120532431329003_2597381600687170396_n-e1740300090360.jpg\" alt=\"\" width=\"800\" height=\"1067\" \/><\/a><\/p>\n<p>&nbsp;<\/p>\n","protected":false},"excerpt":{"rendered":"<p>Buenos d\u00edas, amigos de la meteo. La temperatura m\u00ednima hoy domingo en M\u00e1laga capital la ha registrado el Centro Meteorol\u00f3gico con 11 \u00baC; en el Aeropuerto ha sido de 12,4 \u00baC. En el interior de la provincia, destacar Antequera con 3,9 \u00baC, Ronda con 5,5 \u00baC\u00a0y Archidona Huertas del R\u00edo con 1,4 \u00baC, fuentes Aemet [&hellip;]<\/p>\n","protected":false},"author":16,"featured_media":43505,"comment_status":"open","ping_status":"open","sticky":false,"template":"","format":"standard","meta":[],"categories":[2],"tags":[180,358,587,809,902],"_links":{"self":[{"href":"https:\/\/blogs.diariosur.es\/tormentas-y-rayos\/wp-json\/wp\/v2\/posts\/43501"}],"collection":[{"href":"https:\/\/blogs.diariosur.es\/tormentas-y-rayos\/wp-json\/wp\/v2\/posts"}],"about":[{"href":"https:\/\/blogs.diariosur.es\/tormentas-y-rayos\/wp-json\/wp\/v2\/types\/post"}],"author":[{"embeddable":true,"href":"https:\/\/blogs.diariosur.es\/tormentas-y-rayos\/wp-json\/wp\/v2\/users\/16"}],"replies":[{"embeddable":true,"href":"https:\/\/blogs.diariosur.es\/tormentas-y-rayos\/wp-json\/wp\/v2\/comments?post=43501"}],"version-history":[{"count":3,"href":"https:\/\/blogs.diariosur.es\/tormentas-y-rayos\/wp-json\/wp\/v2\/posts\/43501\/revisions"}],"predecessor-version":[{"id":46743,"href":"https:\/\/blogs.diariosur.es\/tormentas-y-rayos\/wp-json\/wp\/v2\/posts\/43501\/revisions\/46743"}],"wp:featuredmedia":[{"embeddable":true,"href":"https:\/\/blogs.diariosur.es\/tormentas-y-rayos\/wp-json\/wp\/v2\/media\/43505"}],"wp:attachment":[{"href":"https:\/\/blogs.diariosur.es\/tormentas-y-rayos\/wp-json\/wp\/v2\/media?parent=43501"}],"wp:term":[{"taxonomy":"category","embeddable":true,"href":"https:\/\/blogs.diariosur.es\/tormentas-y-rayos\/wp-json\/wp\/v2\/categories?post=43501"},{"taxonomy":"post_tag","embeddable":true,"href":"https:\/\/blogs.diariosur.es\/tormentas-y-rayos\/wp-json\/wp\/v2\/tags?post=43501"}],"curies":[{"name":"wp","href":"https:\/\/api.w.org\/{rel}","templated":true}]}}