{"id":43507,"date":"2025-02-24T08:51:30","date_gmt":"2025-02-24T07:51:30","guid":{"rendered":"https:\/\/blogs.diariosur.es\/tormentas-y-rayos\/?p=43507"},"modified":"2025-10-07T07:35:00","modified_gmt":"2025-10-07T05:35:00","slug":"frente-en-frotolisis-el-poniente-y-el-terral-de-invierno-protagonistas-manana-en-la-costa-de-malaga","status":"publish","type":"post","link":"https:\/\/blogs.diariosur.es\/tormentas-y-rayos\/2025\/02\/24\/frente-en-frotolisis-el-poniente-y-el-terral-de-invierno-protagonistas-manana-en-la-costa-de-malaga\/","title":{"rendered":"Frente en frotolisis. El poniente y el terral de invierno protagonistas ma\u00f1ana en la costa de M\u00e1laga."},"content":{"rendered":"<p><a href=\"https:\/\/static-blogs.diariosur.es\/wp-content\/uploads\/sites\/12\/2025\/01\/474591997_10231480374091459_5977821584942016476_n-1.jpg\"><img loading=\"lazy\" class=\"aligncenter size-thumbnail wp-image-43211\" src=\"https:\/\/static-blogs.diariosur.es\/wp-content\/uploads\/sites\/12\/2025\/01\/474591997_10231480374091459_5977821584942016476_n-1-150x150.jpg\" alt=\"\" width=\"150\" height=\"150\" srcset=\"https:\/\/static-blogs.diariosur.es\/wp-content\/uploads\/sites\/12\/2025\/01\/474591997_10231480374091459_5977821584942016476_n-1-150x150.jpg 150w, https:\/\/static-blogs.diariosur.es\/wp-content\/uploads\/sites\/12\/2025\/01\/474591997_10231480374091459_5977821584942016476_n-1-400x400.jpg 400w, https:\/\/static-blogs.diariosur.es\/wp-content\/uploads\/sites\/12\/2025\/01\/474591997_10231480374091459_5977821584942016476_n-1-408x408.jpg 408w, https:\/\/static-blogs.diariosur.es\/wp-content\/uploads\/sites\/12\/2025\/01\/474591997_10231480374091459_5977821584942016476_n-1-768x768.jpg 768w, https:\/\/static-blogs.diariosur.es\/wp-content\/uploads\/sites\/12\/2025\/01\/474591997_10231480374091459_5977821584942016476_n-1.jpg 1000w\" sizes=\"(max-width: 150px) 100vw, 150px\" \/><\/a><\/p>\n<p>&nbsp;<\/p>\n<p data-pm-slice=\"1 1 []\">Buenos d\u00edas, amigos de la meteo. Como os coment\u00e9 ayer en la previsi\u00f3n para los primeros d\u00edas de la semana blanca, se confirma para ma\u00f1ana martes el poniente y el terral de invierno. Se esperan rachas de moderadas a fuertes, m\u00e1s probables por la tarde. Las temperaturas m\u00e1ximas, en las zonas habituales donde sopla el viento malague\u00f1o, rondar\u00e1n los 21 y 23 \u00baC.<\/p>\n<p>A \u00faltima hora de la tarde-noche hay probabilidad de algunas gotas en el interior m\u00e1s occidental de la provincia; esto se deber\u00e1 al paso de un frente en frontolisis.<\/p>\n<p>Os paso la definici\u00f3n que da la AEMET.<\/p>\n<p>&nbsp;<\/p>\n<p><a href=\"https:\/\/static-blogs.diariosur.es\/wp-content\/uploads\/sites\/12\/2025\/02\/Captura-de-pantalla-2025-02-24-083856.jpg\"><img loading=\"lazy\" class=\"aligncenter size-full wp-image-43508\" src=\"https:\/\/static-blogs.diariosur.es\/wp-content\/uploads\/sites\/12\/2025\/02\/Captura-de-pantalla-2025-02-24-083856.jpg\" alt=\"\" width=\"1018\" height=\"148\" srcset=\"https:\/\/static-blogs.diariosur.es\/wp-content\/uploads\/sites\/12\/2025\/02\/Captura-de-pantalla-2025-02-24-083856.jpg 1018w, https:\/\/static-blogs.diariosur.es\/wp-content\/uploads\/sites\/12\/2025\/02\/Captura-de-pantalla-2025-02-24-083856-640x93.jpg 640w, https:\/\/static-blogs.diariosur.es\/wp-content\/uploads\/sites\/12\/2025\/02\/Captura-de-pantalla-2025-02-24-083856-960x140.jpg 960w, https:\/\/static-blogs.diariosur.es\/wp-content\/uploads\/sites\/12\/2025\/02\/Captura-de-pantalla-2025-02-24-083856-768x112.jpg 768w\" sizes=\"(max-width: 1018px) 100vw, 1018px\" \/><\/a><\/p>\n<p><a href=\"https:\/\/static-blogs.diariosur.es\/wp-content\/uploads\/sites\/12\/2025\/02\/Captura-de-pantalla-2025-02-24-083736-e1740382860282.jpg\"><img loading=\"lazy\" class=\"aligncenter size-full wp-image-43509\" src=\"https:\/\/static-blogs.diariosur.es\/wp-content\/uploads\/sites\/12\/2025\/02\/Captura-de-pantalla-2025-02-24-083736-e1740382860282.jpg\" alt=\"\" width=\"1000\" height=\"694\" \/><\/a><\/p>\n<p>&nbsp;<\/p>\n<p data-pm-slice=\"1 1 []\"><strong>Ma\u00f1ana confirmar\u00e9 la probable minigalerna que se espera el mi\u00e9rcoles con el cambio de terral a levante en el litoral malague\u00f1o.<\/strong><\/p>\n<p><strong>Tambi\u00e9n os dar\u00e9 un avance del probable cambio de tiempo que se espera los \u00faltimos d\u00edas de la semana blanca. Ojal\u00e1 se cumpla.<\/strong><\/p>\n<p>&nbsp;<\/p>\n<p>Os dejo con este fot\u00f3n de mi amiga Nany Lavado.<\/p>\n<p>&nbsp;<\/p>\n<p><a href=\"https:\/\/static-blogs.diariosur.es\/wp-content\/uploads\/sites\/12\/2025\/02\/480450832_1460893168630920_1228960286866391146_n-e1740383311661.jpg\"><img loading=\"lazy\" class=\"aligncenter size-full wp-image-43510\" src=\"https:\/\/static-blogs.diariosur.es\/wp-content\/uploads\/sites\/12\/2025\/02\/480450832_1460893168630920_1228960286866391146_n-e1740383311661.jpg\" alt=\"\" width=\"1200\" height=\"800\" \/><\/a><\/p>\n<p>&nbsp;<\/p>\n","protected":false},"excerpt":{"rendered":"<p>&nbsp; Buenos d\u00edas, amigos de la meteo. Como os coment\u00e9 ayer en la previsi\u00f3n para los primeros d\u00edas de la semana blanca, se confirma para ma\u00f1ana martes el poniente y el terral de invierno. Se esperan rachas de moderadas a fuertes, m\u00e1s probables por la tarde. Las temperaturas m\u00e1ximas, en las zonas habituales donde sopla [&hellip;]<\/p>\n","protected":false},"author":16,"featured_media":43510,"comment_status":"open","ping_status":"open","sticky":false,"template":"","format":"standard","meta":[],"categories":[2],"tags":[180,587,800,902,1859],"_links":{"self":[{"href":"https:\/\/blogs.diariosur.es\/tormentas-y-rayos\/wp-json\/wp\/v2\/posts\/43507"}],"collection":[{"href":"https:\/\/blogs.diariosur.es\/tormentas-y-rayos\/wp-json\/wp\/v2\/posts"}],"about":[{"href":"https:\/\/blogs.diariosur.es\/tormentas-y-rayos\/wp-json\/wp\/v2\/types\/post"}],"author":[{"embeddable":true,"href":"https:\/\/blogs.diariosur.es\/tormentas-y-rayos\/wp-json\/wp\/v2\/users\/16"}],"replies":[{"embeddable":true,"href":"https:\/\/blogs.diariosur.es\/tormentas-y-rayos\/wp-json\/wp\/v2\/comments?post=43507"}],"version-history":[{"count":3,"href":"https:\/\/blogs.diariosur.es\/tormentas-y-rayos\/wp-json\/wp\/v2\/posts\/43507\/revisions"}],"predecessor-version":[{"id":46741,"href":"https:\/\/blogs.diariosur.es\/tormentas-y-rayos\/wp-json\/wp\/v2\/posts\/43507\/revisions\/46741"}],"wp:featuredmedia":[{"embeddable":true,"href":"https:\/\/blogs.diariosur.es\/tormentas-y-rayos\/wp-json\/wp\/v2\/media\/43510"}],"wp:attachment":[{"href":"https:\/\/blogs.diariosur.es\/tormentas-y-rayos\/wp-json\/wp\/v2\/media?parent=43507"}],"wp:term":[{"taxonomy":"category","embeddable":true,"href":"https:\/\/blogs.diariosur.es\/tormentas-y-rayos\/wp-json\/wp\/v2\/categories?post=43507"},{"taxonomy":"post_tag","embeddable":true,"href":"https:\/\/blogs.diariosur.es\/tormentas-y-rayos\/wp-json\/wp\/v2\/tags?post=43507"}],"curies":[{"name":"wp","href":"https:\/\/api.w.org\/{rel}","templated":true}]}}