{"id":43512,"date":"2025-02-25T08:37:30","date_gmt":"2025-02-25T07:37:30","guid":{"rendered":"https:\/\/blogs.diariosur.es\/tormentas-y-rayos\/?p=43512"},"modified":"2025-10-07T07:32:56","modified_gmt":"2025-10-07T05:32:56","slug":"probable-dana-para-el-dia-de-andalucia-seguimiento-de-acumulados-en-la-provincia-de-malaga-y-andalucia-el-viernes","status":"publish","type":"post","link":"https:\/\/blogs.diariosur.es\/tormentas-y-rayos\/2025\/02\/25\/probable-dana-para-el-dia-de-andalucia-seguimiento-de-acumulados-en-la-provincia-de-malaga-y-andalucia-el-viernes\/","title":{"rendered":"Probable dana para el Dia de Andaluc\u00eda. Seguimiento de acumulados en la provincia de M\u00e1laga y Andaluc\u00eda el viernes"},"content":{"rendered":"<p><a href=\"https:\/\/static-blogs.diariosur.es\/wp-content\/uploads\/sites\/12\/2025\/01\/474591997_10231480374091459_5977821584942016476_n-1.jpg\"><img loading=\"lazy\" class=\"aligncenter size-thumbnail wp-image-43211\" src=\"https:\/\/static-blogs.diariosur.es\/wp-content\/uploads\/sites\/12\/2025\/01\/474591997_10231480374091459_5977821584942016476_n-1-150x150.jpg\" alt=\"\" width=\"150\" height=\"150\" srcset=\"https:\/\/static-blogs.diariosur.es\/wp-content\/uploads\/sites\/12\/2025\/01\/474591997_10231480374091459_5977821584942016476_n-1-150x150.jpg 150w, https:\/\/static-blogs.diariosur.es\/wp-content\/uploads\/sites\/12\/2025\/01\/474591997_10231480374091459_5977821584942016476_n-1-400x400.jpg 400w, https:\/\/static-blogs.diariosur.es\/wp-content\/uploads\/sites\/12\/2025\/01\/474591997_10231480374091459_5977821584942016476_n-1-408x408.jpg 408w, https:\/\/static-blogs.diariosur.es\/wp-content\/uploads\/sites\/12\/2025\/01\/474591997_10231480374091459_5977821584942016476_n-1-768x768.jpg 768w, https:\/\/static-blogs.diariosur.es\/wp-content\/uploads\/sites\/12\/2025\/01\/474591997_10231480374091459_5977821584942016476_n-1.jpg 1000w\" sizes=\"(max-width: 150px) 100vw, 150px\" \/><\/a><\/p>\n<p data-pm-slice=\"1 1 []\">Buenos d\u00edas, amigos de la meteo.\u00a0 Hoy martes el poniente y el terral de invierno ser\u00e1n protagonistas; por la tarde espero rachas de moderadas a fuertes en el litoral malague\u00f1o. En zonas habituales donde entre el terral, las temperaturas m\u00e1ximas rondar\u00e1n los 21 y 23 \u00baC; a \u00faltima hora de la noche pueden darse algunas gotas por el interior m\u00e1s occidental de la provincia malague\u00f1a. Ma\u00f1ana mi\u00e9rcoles, a primeras horas de la ma\u00f1ana, cambiar\u00e1 a levante con rachas de moderadas a fuertes, probable minigalerna. Si tengo tiempo, ir\u00e9 a la playa para grabar un video.<\/p>\n<p>Os pongo un video del amanecer que hemos tenido. Los altocumulus lenticularis protagonistas.<\/p>\n<p><iframe loading=\"lazy\" title=\"YouTube video player\" src=\"https:\/\/www.youtube.com\/embed\/mCZWDe667Fw?si=aVGaHMukq9j_LqzF\" width=\"560\" height=\"315\" frameborder=\"0\" allowfullscreen=\"allowfullscreen\"><\/iframe><\/p>\n<h3 data-pm-slice=\"1 1 []\"><strong>Probable dana para el D\u00eda de Andaluc\u00eda. Seguimiento de acumulados en la provincia de M\u00e1laga el viernes<\/strong><\/h3>\n<p>Estoy harto de danas, amigos de la meteo, esto para empezar a dar la predicci\u00f3n, jijijij.<\/p>\n<p>A petici\u00f3n de muchos de vosotros, aunque no me guste a tantas horas, ir\u00e9 poniendo los acumulados probables para el d\u00eda 28 en la provincia de M\u00e1laga y nuestra comunidad. Ya sab\u00e9is que estas situaciones son muy dif\u00edciles de modelizar y pueden cambiar en apenas unas horas.<\/p>\n<p>Os paso primeramente el mapa a 500 hpa previsto por el modelo europeo a primeras horas del viernes. Curiosamente, el modelo americano, de momento, coincide en situar a la dana en el mismo sitio; en los acumulados, no.<\/p>\n<p>&nbsp;<\/p>\n<p><a href=\"https:\/\/static-blogs.diariosur.es\/wp-content\/uploads\/sites\/12\/2025\/02\/europeo-3.jpg\"><img loading=\"lazy\" class=\"aligncenter size-full wp-image-43514\" src=\"https:\/\/static-blogs.diariosur.es\/wp-content\/uploads\/sites\/12\/2025\/02\/europeo-3.jpg\" alt=\"\" width=\"1141\" height=\"1197\" srcset=\"https:\/\/static-blogs.diariosur.es\/wp-content\/uploads\/sites\/12\/2025\/02\/europeo-3.jpg 1141w, https:\/\/static-blogs.diariosur.es\/wp-content\/uploads\/sites\/12\/2025\/02\/europeo-3-381x400.jpg 381w, https:\/\/static-blogs.diariosur.es\/wp-content\/uploads\/sites\/12\/2025\/02\/europeo-3-389x408.jpg 389w, https:\/\/static-blogs.diariosur.es\/wp-content\/uploads\/sites\/12\/2025\/02\/europeo-3-768x806.jpg 768w\" sizes=\"(max-width: 1141px) 100vw, 1141px\" \/><\/a><\/p>\n<p>Vamos con los acumulados en 24 horas del viernes de varios modelos de la provincia de M\u00e1laga y Andaluc\u00eda. <span style=\"color: #000000;\">P<strong>ongo esto a petici\u00f3n de muchos de vosotros. Seguro que cambia para peor o mejor<\/strong><\/span><\/p>\n<p>&nbsp;<\/p>\n<p><strong>EUROPEO\u00a0<\/strong><\/p>\n<p>&nbsp;<\/p>\n<p><a href=\"https:\/\/static-blogs.diariosur.es\/wp-content\/uploads\/sites\/12\/2025\/02\/euro.jpg\"><img loading=\"lazy\" class=\"aligncenter size-full wp-image-43516\" src=\"https:\/\/static-blogs.diariosur.es\/wp-content\/uploads\/sites\/12\/2025\/02\/euro.jpg\" alt=\"\" width=\"1144\" height=\"1239\" srcset=\"https:\/\/static-blogs.diariosur.es\/wp-content\/uploads\/sites\/12\/2025\/02\/euro.jpg 1144w, https:\/\/static-blogs.diariosur.es\/wp-content\/uploads\/sites\/12\/2025\/02\/euro-369x400.jpg 369w, https:\/\/static-blogs.diariosur.es\/wp-content\/uploads\/sites\/12\/2025\/02\/euro-377x408.jpg 377w, https:\/\/static-blogs.diariosur.es\/wp-content\/uploads\/sites\/12\/2025\/02\/euro-768x832.jpg 768w\" sizes=\"(max-width: 1144px) 100vw, 1144px\" \/><\/a><\/p>\n<p>&nbsp;<\/p>\n<p><a href=\"https:\/\/static-blogs.diariosur.es\/wp-content\/uploads\/sites\/12\/2025\/02\/europeo-4.jpg\"><img loading=\"lazy\" class=\"aligncenter size-full wp-image-43520\" src=\"https:\/\/static-blogs.diariosur.es\/wp-content\/uploads\/sites\/12\/2025\/02\/europeo-4.jpg\" alt=\"\" width=\"1146\" height=\"1249\" srcset=\"https:\/\/static-blogs.diariosur.es\/wp-content\/uploads\/sites\/12\/2025\/02\/europeo-4.jpg 1146w, https:\/\/static-blogs.diariosur.es\/wp-content\/uploads\/sites\/12\/2025\/02\/europeo-4-367x400.jpg 367w, https:\/\/static-blogs.diariosur.es\/wp-content\/uploads\/sites\/12\/2025\/02\/europeo-4-374x408.jpg 374w, https:\/\/static-blogs.diariosur.es\/wp-content\/uploads\/sites\/12\/2025\/02\/europeo-4-768x837.jpg 768w\" sizes=\"(max-width: 1146px) 100vw, 1146px\" \/><\/a><\/p>\n<p>&nbsp;<\/p>\n<p><strong>AMERICANO<\/strong><\/p>\n<p>&nbsp;<\/p>\n<p>&nbsp;<\/p>\n<p><a href=\"https:\/\/static-blogs.diariosur.es\/wp-content\/uploads\/sites\/12\/2025\/02\/americ.jpg\"><img loading=\"lazy\" class=\"aligncenter size-full wp-image-43517\" src=\"https:\/\/static-blogs.diariosur.es\/wp-content\/uploads\/sites\/12\/2025\/02\/americ.jpg\" alt=\"\" width=\"1140\" height=\"1218\" srcset=\"https:\/\/static-blogs.diariosur.es\/wp-content\/uploads\/sites\/12\/2025\/02\/americ.jpg 1140w, https:\/\/static-blogs.diariosur.es\/wp-content\/uploads\/sites\/12\/2025\/02\/americ-374x400.jpg 374w, https:\/\/static-blogs.diariosur.es\/wp-content\/uploads\/sites\/12\/2025\/02\/americ-382x408.jpg 382w, https:\/\/static-blogs.diariosur.es\/wp-content\/uploads\/sites\/12\/2025\/02\/americ-768x821.jpg 768w\" sizes=\"(max-width: 1140px) 100vw, 1140px\" \/><\/a><\/p>\n<p>&nbsp;<\/p>\n<p><a href=\"https:\/\/static-blogs.diariosur.es\/wp-content\/uploads\/sites\/12\/2025\/02\/americano-3.jpg\"><img loading=\"lazy\" class=\"aligncenter size-full wp-image-43521\" src=\"https:\/\/static-blogs.diariosur.es\/wp-content\/uploads\/sites\/12\/2025\/02\/americano-3.jpg\" alt=\"\" width=\"1153\" height=\"1207\" srcset=\"https:\/\/static-blogs.diariosur.es\/wp-content\/uploads\/sites\/12\/2025\/02\/americano-3.jpg 1153w, https:\/\/static-blogs.diariosur.es\/wp-content\/uploads\/sites\/12\/2025\/02\/americano-3-382x400.jpg 382w, https:\/\/static-blogs.diariosur.es\/wp-content\/uploads\/sites\/12\/2025\/02\/americano-3-390x408.jpg 390w, https:\/\/static-blogs.diariosur.es\/wp-content\/uploads\/sites\/12\/2025\/02\/americano-3-768x804.jpg 768w\" sizes=\"(max-width: 1153px) 100vw, 1153px\" \/><\/a><\/p>\n<p><strong>REINO UNIDO<\/strong><\/p>\n<p>&nbsp;<\/p>\n<p>&nbsp;<\/p>\n<p><a href=\"https:\/\/static-blogs.diariosur.es\/wp-content\/uploads\/sites\/12\/2025\/02\/reino-unido-2.jpg\"><img loading=\"lazy\" class=\"aligncenter size-full wp-image-43518\" src=\"https:\/\/static-blogs.diariosur.es\/wp-content\/uploads\/sites\/12\/2025\/02\/reino-unido-2.jpg\" alt=\"\" width=\"1153\" height=\"1203\" srcset=\"https:\/\/static-blogs.diariosur.es\/wp-content\/uploads\/sites\/12\/2025\/02\/reino-unido-2.jpg 1153w, https:\/\/static-blogs.diariosur.es\/wp-content\/uploads\/sites\/12\/2025\/02\/reino-unido-2-383x400.jpg 383w, https:\/\/static-blogs.diariosur.es\/wp-content\/uploads\/sites\/12\/2025\/02\/reino-unido-2-391x408.jpg 391w, https:\/\/static-blogs.diariosur.es\/wp-content\/uploads\/sites\/12\/2025\/02\/reino-unido-2-768x801.jpg 768w\" sizes=\"(max-width: 1153px) 100vw, 1153px\" \/><\/a><\/p>\n<p><a href=\"https:\/\/static-blogs.diariosur.es\/wp-content\/uploads\/sites\/12\/2025\/02\/reino-unido-3.jpg\"><img loading=\"lazy\" class=\"aligncenter size-full wp-image-43522\" src=\"https:\/\/static-blogs.diariosur.es\/wp-content\/uploads\/sites\/12\/2025\/02\/reino-unido-3.jpg\" alt=\"\" width=\"1152\" height=\"1221\" srcset=\"https:\/\/static-blogs.diariosur.es\/wp-content\/uploads\/sites\/12\/2025\/02\/reino-unido-3.jpg 1152w, https:\/\/static-blogs.diariosur.es\/wp-content\/uploads\/sites\/12\/2025\/02\/reino-unido-3-377x400.jpg 377w, https:\/\/static-blogs.diariosur.es\/wp-content\/uploads\/sites\/12\/2025\/02\/reino-unido-3-385x408.jpg 385w, https:\/\/static-blogs.diariosur.es\/wp-content\/uploads\/sites\/12\/2025\/02\/reino-unido-3-768x814.jpg 768w\" sizes=\"(max-width: 1152px) 100vw, 1152px\" \/><\/a><\/p>\n<p>&nbsp;<\/p>\n<p><strong>ICONO<\/strong><\/p>\n<p>&nbsp;<\/p>\n<p><a href=\"https:\/\/static-blogs.diariosur.es\/wp-content\/uploads\/sites\/12\/2025\/02\/icono-2.jpg\"><img loading=\"lazy\" class=\"aligncenter size-full wp-image-43519\" src=\"https:\/\/static-blogs.diariosur.es\/wp-content\/uploads\/sites\/12\/2025\/02\/icono-2.jpg\" alt=\"\" width=\"1138\" height=\"1221\" srcset=\"https:\/\/static-blogs.diariosur.es\/wp-content\/uploads\/sites\/12\/2025\/02\/icono-2.jpg 1138w, https:\/\/static-blogs.diariosur.es\/wp-content\/uploads\/sites\/12\/2025\/02\/icono-2-373x400.jpg 373w, https:\/\/static-blogs.diariosur.es\/wp-content\/uploads\/sites\/12\/2025\/02\/icono-2-380x408.jpg 380w, https:\/\/static-blogs.diariosur.es\/wp-content\/uploads\/sites\/12\/2025\/02\/icono-2-768x824.jpg 768w\" sizes=\"(max-width: 1138px) 100vw, 1138px\" \/><\/a><\/p>\n<p>&nbsp;<\/p>\n<p><a href=\"https:\/\/static-blogs.diariosur.es\/wp-content\/uploads\/sites\/12\/2025\/02\/icono-3.jpg\"><img loading=\"lazy\" class=\"aligncenter size-full wp-image-43523\" src=\"https:\/\/static-blogs.diariosur.es\/wp-content\/uploads\/sites\/12\/2025\/02\/icono-3.jpg\" alt=\"\" width=\"1141\" height=\"1201\" srcset=\"https:\/\/static-blogs.diariosur.es\/wp-content\/uploads\/sites\/12\/2025\/02\/icono-3.jpg 1141w, https:\/\/static-blogs.diariosur.es\/wp-content\/uploads\/sites\/12\/2025\/02\/icono-3-380x400.jpg 380w, https:\/\/static-blogs.diariosur.es\/wp-content\/uploads\/sites\/12\/2025\/02\/icono-3-388x408.jpg 388w, https:\/\/static-blogs.diariosur.es\/wp-content\/uploads\/sites\/12\/2025\/02\/icono-3-768x808.jpg 768w\" sizes=\"(max-width: 1141px) 100vw, 1141px\" \/><\/a><\/p>\n","protected":false},"excerpt":{"rendered":"<p>Buenos d\u00edas, amigos de la meteo.\u00a0 Hoy martes el poniente y el terral de invierno ser\u00e1n protagonistas; por la tarde espero rachas de moderadas a fuertes en el litoral malague\u00f1o. En zonas habituales donde entre el terral, las temperaturas m\u00e1ximas rondar\u00e1n los 21 y 23 \u00baC; a \u00faltima hora de la noche pueden darse algunas [&hellip;]<\/p>\n","protected":false},"author":16,"featured_media":43524,"comment_status":"open","ping_status":"open","sticky":false,"template":"","format":"standard","meta":[],"categories":[2],"tags":[23,94,100,151,307,324,358,403,569],"_links":{"self":[{"href":"https:\/\/blogs.diariosur.es\/tormentas-y-rayos\/wp-json\/wp\/v2\/posts\/43512"}],"collection":[{"href":"https:\/\/blogs.diariosur.es\/tormentas-y-rayos\/wp-json\/wp\/v2\/posts"}],"about":[{"href":"https:\/\/blogs.diariosur.es\/tormentas-y-rayos\/wp-json\/wp\/v2\/types\/post"}],"author":[{"embeddable":true,"href":"https:\/\/blogs.diariosur.es\/tormentas-y-rayos\/wp-json\/wp\/v2\/users\/16"}],"replies":[{"embeddable":true,"href":"https:\/\/blogs.diariosur.es\/tormentas-y-rayos\/wp-json\/wp\/v2\/comments?post=43512"}],"version-history":[{"count":5,"href":"https:\/\/blogs.diariosur.es\/tormentas-y-rayos\/wp-json\/wp\/v2\/posts\/43512\/revisions"}],"predecessor-version":[{"id":46739,"href":"https:\/\/blogs.diariosur.es\/tormentas-y-rayos\/wp-json\/wp\/v2\/posts\/43512\/revisions\/46739"}],"wp:featuredmedia":[{"embeddable":true,"href":"https:\/\/blogs.diariosur.es\/tormentas-y-rayos\/wp-json\/wp\/v2\/media\/43524"}],"wp:attachment":[{"href":"https:\/\/blogs.diariosur.es\/tormentas-y-rayos\/wp-json\/wp\/v2\/media?parent=43512"}],"wp:term":[{"taxonomy":"category","embeddable":true,"href":"https:\/\/blogs.diariosur.es\/tormentas-y-rayos\/wp-json\/wp\/v2\/categories?post=43512"},{"taxonomy":"post_tag","embeddable":true,"href":"https:\/\/blogs.diariosur.es\/tormentas-y-rayos\/wp-json\/wp\/v2\/tags?post=43512"}],"curies":[{"name":"wp","href":"https:\/\/api.w.org\/{rel}","templated":true}]}}