{"id":43543,"date":"2025-02-27T09:14:03","date_gmt":"2025-02-27T08:14:03","guid":{"rendered":"https:\/\/blogs.diariosur.es\/tormentas-y-rayos\/?p=43543"},"modified":"2025-10-07T06:53:08","modified_gmt":"2025-10-07T04:53:08","slug":"probables-acumulados-de-precipitacion-dia-28-en-la-provincia-de-malaga-en-los-avisos-hay-que-leer-la-letra-pequena","status":"publish","type":"post","link":"https:\/\/blogs.diariosur.es\/tormentas-y-rayos\/2025\/02\/27\/probables-acumulados-de-precipitacion-dia-28-en-la-provincia-de-malaga-en-los-avisos-hay-que-leer-la-letra-pequena\/","title":{"rendered":"Probables acumulados de precipitaci\u00f3n d\u00eda 28 en la provincia de M\u00e1laga. En los avisos amarillos y naranjas hay que leer la letra peque\u00f1a"},"content":{"rendered":"<p><a href=\"https:\/\/static-blogs.diariosur.es\/wp-content\/uploads\/sites\/12\/2025\/01\/474591997_10231480374091459_5977821584942016476_n-1.jpg\"><img loading=\"lazy\" class=\"aligncenter size-thumbnail wp-image-43211\" src=\"https:\/\/static-blogs.diariosur.es\/wp-content\/uploads\/sites\/12\/2025\/01\/474591997_10231480374091459_5977821584942016476_n-1-150x150.jpg\" alt=\"\" width=\"150\" height=\"150\" srcset=\"https:\/\/static-blogs.diariosur.es\/wp-content\/uploads\/sites\/12\/2025\/01\/474591997_10231480374091459_5977821584942016476_n-1-150x150.jpg 150w, https:\/\/static-blogs.diariosur.es\/wp-content\/uploads\/sites\/12\/2025\/01\/474591997_10231480374091459_5977821584942016476_n-1-400x400.jpg 400w, https:\/\/static-blogs.diariosur.es\/wp-content\/uploads\/sites\/12\/2025\/01\/474591997_10231480374091459_5977821584942016476_n-1-408x408.jpg 408w, https:\/\/static-blogs.diariosur.es\/wp-content\/uploads\/sites\/12\/2025\/01\/474591997_10231480374091459_5977821584942016476_n-1-768x768.jpg 768w, https:\/\/static-blogs.diariosur.es\/wp-content\/uploads\/sites\/12\/2025\/01\/474591997_10231480374091459_5977821584942016476_n-1.jpg 1000w\" sizes=\"(max-width: 150px) 100vw, 150px\" \/><\/a><\/p>\n<p>&nbsp;<\/p>\n<p data-pm-slice=\"1 1 []\">Buenos d\u00edas, amigos de la meteo. Antes de nada, os actualizo los avisos; siempre hay que leer la letra peque\u00f1a. Os comento esto porque los mayores acumulados se esperan en la zona m\u00e1s occidental, salvo sorpresas.<\/p>\n<p>&nbsp;<\/p>\n<p><strong>Fuente AEMET<\/strong><\/p>\n<p><strong>REEDITO \u00daLTIMA HORA, SE ACTIVA EL AVISO NARANJA EN SOL Y GUADALHORCE: Precipitaci\u00f3n acumulada en una hora: 30 mm. Estos acumulados son m\u00e1s probables en la mitad occidental de la comarca.<\/strong><\/p>\n<p>&nbsp;<\/p>\n<p>&nbsp;<\/p>\n<p><a href=\"https:\/\/static-blogs.diariosur.es\/wp-content\/uploads\/sites\/12\/2025\/02\/Captura-de-pantalla-2025-02-27-114344.jpg\"><img loading=\"lazy\" class=\"aligncenter size-full wp-image-43568\" src=\"https:\/\/static-blogs.diariosur.es\/wp-content\/uploads\/sites\/12\/2025\/02\/Captura-de-pantalla-2025-02-27-114344.jpg\" alt=\"\" width=\"1042\" height=\"811\" srcset=\"https:\/\/static-blogs.diariosur.es\/wp-content\/uploads\/sites\/12\/2025\/02\/Captura-de-pantalla-2025-02-27-114344.jpg 1042w, https:\/\/static-blogs.diariosur.es\/wp-content\/uploads\/sites\/12\/2025\/02\/Captura-de-pantalla-2025-02-27-114344-514x400.jpg 514w, https:\/\/static-blogs.diariosur.es\/wp-content\/uploads\/sites\/12\/2025\/02\/Captura-de-pantalla-2025-02-27-114344-524x408.jpg 524w, https:\/\/static-blogs.diariosur.es\/wp-content\/uploads\/sites\/12\/2025\/02\/Captura-de-pantalla-2025-02-27-114344-768x598.jpg 768w\" sizes=\"(max-width: 1042px) 100vw, 1042px\" \/><\/a><\/p>\n<p data-pm-slice=\"1 1 []\"><strong>AVISO AMARILLO EN LA COMARCA DE RONDA<\/strong><\/p>\n<p>Precipitaci\u00f3n acumulada en una hora: 15 mm. Sin descartar tormentas ocasionales.<\/p>\n<p>Precipitaci\u00f3n acumulada en 12 horas: 40 mm. Sin descartar tormentas ocasionales.<\/p>\n<p><strong>AVISO AMARILLO SOL Y GUADALHORCE<\/strong><\/p>\n<p>Precipitaci\u00f3n acumulada en una hora: 20 mm. <strong>Estos acumulados son m\u00e1s probables en la mitad occidental de la comarca.<\/strong> No se descartan tormentas ocasionales. Como comento m\u00e1s arriba, suben a naranja por 30 mm en una hora.<\/p>\n<p>Precipitaci\u00f3n acumulada en 12 horas: 60 mm. <strong>Estos acumulados son m\u00e1s probables en la mitad occidental de la comarca<\/strong>. No se descartan tormentas ocasionales.<\/p>\n<p>Os he puesto en negrita donde se esperan m\u00e1s acumulados. Al ir acompa\u00f1ados de tormentas ocasionales, en un sitio llover\u00e1 m\u00e1s y en otro menos.<\/p>\n<p>Ayer os puse lo que comentaba mi amigo \u00c1ngel Rivera hace 48 horas; os actualizo lo que ayer comentaba por la tarde de esta situaci\u00f3n.<\/p>\n<p><strong><em>Tras pasar por distintas fases de evoluci\u00f3n, el resultado va a ser la aparici\u00f3n hacia el SW de Iberia de una borrasca fr\u00eda que, a efectos pr\u00e1cticos, la podemos considerar como una dana aunque no se encuentre aislada de la circulaci\u00f3n principal. Sin embargo, al quedar en el seno de ella, no se va a quedar previsiblemente estacionaria, de modo que en 24 horas habr\u00e1 pasado de ubicarse en la zona de Gibraltar a aparecer en la madrugada del domingo al sur de Cerde\u00f1a.<\/em><\/strong><\/p>\n<p>Os paso el mapa de superficie de la aemet<\/p>\n<p>&nbsp;<\/p>\n<p><a href=\"https:\/\/static-blogs.diariosur.es\/wp-content\/uploads\/sites\/12\/2025\/02\/2025022612048_ww_g1x0a2d2-e1740635432342.gif\"><img loading=\"lazy\" class=\"aligncenter size-full wp-image-43544\" src=\"https:\/\/static-blogs.diariosur.es\/wp-content\/uploads\/sites\/12\/2025\/02\/2025022612048_ww_g1x0a2d2-e1740635432342.gif\" alt=\"\" width=\"1000\" height=\"700\" \/><\/a><\/p>\n<p>&nbsp;<\/p>\n<p data-pm-slice=\"1 1 []\">Las precipitaciones empezar\u00e1n por la zona m\u00e1s occidental de la provincia por la ma\u00f1ana. A partir de primeras horas de la tarde es cuando se esperan los chubascos m\u00e1s fuertes. A M\u00e1laga capital los espero a partir de las tres o cuatro de la tarde. Las precipitaciones menos abundantes se dar\u00e1n en la Axarqu\u00eda y comarca de Antequera. Espero rachas fuertes de levante por la tarde.<\/p>\n<p>Os paso los probables acumulados actualizados; si os fij\u00e1is, los acumulados mayores se esperan en la zona m\u00e1s occidental.<\/p>\n<p>EUROPEO<\/p>\n<p>&nbsp;<\/p>\n<p><a href=\"https:\/\/static-blogs.diariosur.es\/wp-content\/uploads\/sites\/12\/2025\/02\/europeo-5.jpg\"><img loading=\"lazy\" class=\"aligncenter size-full wp-image-43548\" src=\"https:\/\/static-blogs.diariosur.es\/wp-content\/uploads\/sites\/12\/2025\/02\/europeo-5.jpg\" alt=\"\" width=\"1147\" height=\"1246\" srcset=\"https:\/\/static-blogs.diariosur.es\/wp-content\/uploads\/sites\/12\/2025\/02\/europeo-5.jpg 1147w, https:\/\/static-blogs.diariosur.es\/wp-content\/uploads\/sites\/12\/2025\/02\/europeo-5-368x400.jpg 368w, https:\/\/static-blogs.diariosur.es\/wp-content\/uploads\/sites\/12\/2025\/02\/europeo-5-376x408.jpg 376w, https:\/\/static-blogs.diariosur.es\/wp-content\/uploads\/sites\/12\/2025\/02\/europeo-5-768x834.jpg 768w\" sizes=\"(max-width: 1147px) 100vw, 1147px\" \/><\/a><\/p>\n<p>&nbsp;<\/p>\n<p>AMERICANO<\/p>\n<p>&nbsp;<\/p>\n<p><a href=\"https:\/\/static-blogs.diariosur.es\/wp-content\/uploads\/sites\/12\/2025\/02\/americano-4.jpg\"><img loading=\"lazy\" class=\"aligncenter size-full wp-image-43549\" src=\"https:\/\/static-blogs.diariosur.es\/wp-content\/uploads\/sites\/12\/2025\/02\/americano-4.jpg\" alt=\"\" width=\"1146\" height=\"1174\" srcset=\"https:\/\/static-blogs.diariosur.es\/wp-content\/uploads\/sites\/12\/2025\/02\/americano-4.jpg 1146w, https:\/\/static-blogs.diariosur.es\/wp-content\/uploads\/sites\/12\/2025\/02\/americano-4-390x400.jpg 390w, https:\/\/static-blogs.diariosur.es\/wp-content\/uploads\/sites\/12\/2025\/02\/americano-4-398x408.jpg 398w, https:\/\/static-blogs.diariosur.es\/wp-content\/uploads\/sites\/12\/2025\/02\/americano-4-768x787.jpg 768w\" sizes=\"(max-width: 1146px) 100vw, 1146px\" \/><\/a><\/p>\n<p>&nbsp;<\/p>\n<p>REINO UNIDO<\/p>\n<p>&nbsp;<\/p>\n<p><a href=\"https:\/\/static-blogs.diariosur.es\/wp-content\/uploads\/sites\/12\/2025\/02\/reino-unido-4.jpg\"><img loading=\"lazy\" class=\"aligncenter size-full wp-image-43550\" src=\"https:\/\/static-blogs.diariosur.es\/wp-content\/uploads\/sites\/12\/2025\/02\/reino-unido-4.jpg\" alt=\"\" width=\"1152\" height=\"1186\" srcset=\"https:\/\/static-blogs.diariosur.es\/wp-content\/uploads\/sites\/12\/2025\/02\/reino-unido-4.jpg 1152w, https:\/\/static-blogs.diariosur.es\/wp-content\/uploads\/sites\/12\/2025\/02\/reino-unido-4-389x400.jpg 389w, https:\/\/static-blogs.diariosur.es\/wp-content\/uploads\/sites\/12\/2025\/02\/reino-unido-4-396x408.jpg 396w, https:\/\/static-blogs.diariosur.es\/wp-content\/uploads\/sites\/12\/2025\/02\/reino-unido-4-768x791.jpg 768w\" sizes=\"(max-width: 1152px) 100vw, 1152px\" \/><\/a><\/p>\n<p>ICONO<\/p>\n<p><a href=\"https:\/\/static-blogs.diariosur.es\/wp-content\/uploads\/sites\/12\/2025\/02\/icono-5.jpg\"><img loading=\"lazy\" class=\"aligncenter size-full wp-image-43558\" src=\"https:\/\/static-blogs.diariosur.es\/wp-content\/uploads\/sites\/12\/2025\/02\/icono-5.jpg\" alt=\"\" width=\"1147\" height=\"1192\" srcset=\"https:\/\/static-blogs.diariosur.es\/wp-content\/uploads\/sites\/12\/2025\/02\/icono-5.jpg 1147w, https:\/\/static-blogs.diariosur.es\/wp-content\/uploads\/sites\/12\/2025\/02\/icono-5-385x400.jpg 385w, https:\/\/static-blogs.diariosur.es\/wp-content\/uploads\/sites\/12\/2025\/02\/icono-5-393x408.jpg 393w, https:\/\/static-blogs.diariosur.es\/wp-content\/uploads\/sites\/12\/2025\/02\/icono-5-768x798.jpg 768w\" sizes=\"(max-width: 1147px) 100vw, 1147px\" \/><\/a><\/p>\n<p>&nbsp;<\/p>\n<p>ARPRGIO<\/p>\n<p>&nbsp;<\/p>\n<p><a href=\"https:\/\/static-blogs.diariosur.es\/wp-content\/uploads\/sites\/12\/2025\/02\/arpegio-1.jpg\"><img loading=\"lazy\" class=\"aligncenter size-full wp-image-43559\" src=\"https:\/\/static-blogs.diariosur.es\/wp-content\/uploads\/sites\/12\/2025\/02\/arpegio-1.jpg\" alt=\"\" width=\"1147\" height=\"1194\" srcset=\"https:\/\/static-blogs.diariosur.es\/wp-content\/uploads\/sites\/12\/2025\/02\/arpegio-1.jpg 1147w, https:\/\/static-blogs.diariosur.es\/wp-content\/uploads\/sites\/12\/2025\/02\/arpegio-1-384x400.jpg 384w, https:\/\/static-blogs.diariosur.es\/wp-content\/uploads\/sites\/12\/2025\/02\/arpegio-1-392x408.jpg 392w, https:\/\/static-blogs.diariosur.es\/wp-content\/uploads\/sites\/12\/2025\/02\/arpegio-1-768x799.jpg 768w\" sizes=\"(max-width: 1147px) 100vw, 1147px\" \/><\/a><\/p>\n<p>&nbsp;<\/p>\n<p>MULTIGLOBAL<a href=\"https:\/\/static-blogs.diariosur.es\/wp-content\/uploads\/sites\/12\/2025\/02\/MULTIGLOBAL.jpg\"><img loading=\"lazy\" class=\"aligncenter size-full wp-image-43553\" src=\"https:\/\/static-blogs.diariosur.es\/wp-content\/uploads\/sites\/12\/2025\/02\/MULTIGLOBAL.jpg\" alt=\"\" width=\"1147\" height=\"1182\" srcset=\"https:\/\/static-blogs.diariosur.es\/wp-content\/uploads\/sites\/12\/2025\/02\/MULTIGLOBAL.jpg 1147w, https:\/\/static-blogs.diariosur.es\/wp-content\/uploads\/sites\/12\/2025\/02\/MULTIGLOBAL-388x400.jpg 388w, https:\/\/static-blogs.diariosur.es\/wp-content\/uploads\/sites\/12\/2025\/02\/MULTIGLOBAL-396x408.jpg 396w, https:\/\/static-blogs.diariosur.es\/wp-content\/uploads\/sites\/12\/2025\/02\/MULTIGLOBAL-768x791.jpg 768w\" sizes=\"(max-width: 1147px) 100vw, 1147px\" \/><\/a><\/p>\n<p>Ma\u00f1ana os dare la predicci\u00f3n del fin de semana.<\/p>\n<p>Os dejo con esta bonita foto de mi amigo Crist\u00f3bal Gambero en Mijas Pueblo<\/p>\n<p>&nbsp;<\/p>\n<p><a href=\"https:\/\/static-blogs.diariosur.es\/wp-content\/uploads\/sites\/12\/2025\/02\/480968870_9167740023274910_2974701798646434978_n-e1740642506159.jpg\"><img loading=\"lazy\" class=\"aligncenter size-full wp-image-43554\" src=\"https:\/\/static-blogs.diariosur.es\/wp-content\/uploads\/sites\/12\/2025\/02\/480968870_9167740023274910_2974701798646434978_n-e1740642506159.jpg\" alt=\"\" width=\"1000\" height=\"636\" \/><\/a><\/p>\n","protected":false},"excerpt":{"rendered":"<p>&nbsp; Buenos d\u00edas, amigos de la meteo. Antes de nada, os actualizo los avisos; siempre hay que leer la letra peque\u00f1a. Os comento esto porque los mayores acumulados se esperan en la zona m\u00e1s occidental, salvo sorpresas. &nbsp; Fuente AEMET REEDITO \u00daLTIMA HORA, SE ACTIVA EL AVISO NARANJA EN SOL Y GUADALHORCE: Precipitaci\u00f3n acumulada en [&hellip;]<\/p>\n","protected":false},"author":16,"featured_media":43554,"comment_status":"open","ping_status":"open","sticky":false,"template":"","format":"standard","meta":[],"categories":[2],"tags":[94,151,358,587],"_links":{"self":[{"href":"https:\/\/blogs.diariosur.es\/tormentas-y-rayos\/wp-json\/wp\/v2\/posts\/43543"}],"collection":[{"href":"https:\/\/blogs.diariosur.es\/tormentas-y-rayos\/wp-json\/wp\/v2\/posts"}],"about":[{"href":"https:\/\/blogs.diariosur.es\/tormentas-y-rayos\/wp-json\/wp\/v2\/types\/post"}],"author":[{"embeddable":true,"href":"https:\/\/blogs.diariosur.es\/tormentas-y-rayos\/wp-json\/wp\/v2\/users\/16"}],"replies":[{"embeddable":true,"href":"https:\/\/blogs.diariosur.es\/tormentas-y-rayos\/wp-json\/wp\/v2\/comments?post=43543"}],"version-history":[{"count":15,"href":"https:\/\/blogs.diariosur.es\/tormentas-y-rayos\/wp-json\/wp\/v2\/posts\/43543\/revisions"}],"predecessor-version":[{"id":46736,"href":"https:\/\/blogs.diariosur.es\/tormentas-y-rayos\/wp-json\/wp\/v2\/posts\/43543\/revisions\/46736"}],"wp:featuredmedia":[{"embeddable":true,"href":"https:\/\/blogs.diariosur.es\/tormentas-y-rayos\/wp-json\/wp\/v2\/media\/43554"}],"wp:attachment":[{"href":"https:\/\/blogs.diariosur.es\/tormentas-y-rayos\/wp-json\/wp\/v2\/media?parent=43543"}],"wp:term":[{"taxonomy":"category","embeddable":true,"href":"https:\/\/blogs.diariosur.es\/tormentas-y-rayos\/wp-json\/wp\/v2\/categories?post=43543"},{"taxonomy":"post_tag","embeddable":true,"href":"https:\/\/blogs.diariosur.es\/tormentas-y-rayos\/wp-json\/wp\/v2\/tags?post=43543"}],"curies":[{"name":"wp","href":"https:\/\/api.w.org\/{rel}","templated":true}]}}