{"id":4356,"date":"2012-12-10T07:16:58","date_gmt":"2012-12-10T06:16:58","guid":{"rendered":"http:\/\/blogs.diariosur.es\/tormentas-y-rayos\/?p=4356"},"modified":"2012-12-10T07:16:58","modified_gmt":"2012-12-10T06:16:58","slug":"impresionantes-senos-meteorologicos-apto-para-todos-los-publicos","status":"publish","type":"post","link":"https:\/\/blogs.diariosur.es\/tormentas-y-rayos\/2012\/12\/10\/impresionantes-senos-meteorologicos-apto-para-todos-los-publicos\/","title":{"rendered":"Impresionantes senos meteorol\u00f3gicos. Apto para todos los p\u00fablicos."},"content":{"rendered":"<p><strong>Buenos dias amigos de la meteo. Son las seis de la ma\u00f1ana, registro 10,9 grados y los cielos est\u00e1n \u00a0nubosos. Viendo el\u00a0sat\u00e9lite,\u00a0creo que son nubes altas de tipo cirros, que pueden dejar un bonito amanecer. Seguro que nuestro amigo Antonio Portillo nos trae un pedazo de amanecer. Si puedo lo fotografiare desde el curro.<\/strong><\/p>\n<p><a href=\"https:\/\/blogs.diariosur.es\/tormentas-y-rayos\/2012\/12\/10\/impresionantes-senos-meteorologicos-apto-para-todos-los-publicos\/captura-115\/\" rel=\"attachment wp-att-4381\"><img loading=\"lazy\" class=\"aligncenter size-medium wp-image-4381\" title=\"Captura\" src=\"\/tormentas-y-rayos\/wp-content\/uploads\/sites\/12\/2012\/12\/Captura2.jpg\" alt=\"\" width=\"522\" height=\"400\" srcset=\"https:\/\/static-blogs.diariosur.es\/wp-content\/uploads\/sites\/12\/2012\/12\/Captura2.jpg 712w, https:\/\/static-blogs.diariosur.es\/wp-content\/uploads\/sites\/12\/2012\/12\/Captura2-523x400.jpg 523w\" sizes=\"(max-width: 522px) 100vw, 522px\" \/><\/a><\/p>\n<p>&nbsp;<\/p>\n<p>&nbsp;<\/p>\n<p><span style=\"text-decoration: underline;\"><span style=\"color: #ff0000;\"><strong>Hasta que no le\u00e1is el post entero, prohibido ver los senos ji ji.\u00a0<\/strong><\/span><\/span><\/p>\n<p><strong>La foto \u00a0que va de portada hoy en el blog, \u00a0y esta siguiente son de mi amigo Jose Luis Campos Reina. Lo conoc\u00ed hace poco en la playa fotografiando el amanecer, y os aseguro que con el tiempo ser\u00e1 un gran fot\u00f3grafo, ya que solo tiene 20 a\u00f1os. Un abrazo amigo\u00a0<\/strong><\/p>\n<p><a href=\"https:\/\/blogs.diariosur.es\/tormentas-y-rayos\/2012\/12\/10\/impresionantes-senos-meteorologicos-apto-para-todos-los-publicos\/8249743607_ef78c50f12_c\/\" rel=\"attachment wp-att-4357\"><img loading=\"lazy\" class=\"aligncenter size-full wp-image-4357\" title=\"8249743607_ef78c50f12_c\" src=\"\/tormentas-y-rayos\/wp-content\/uploads\/sites\/12\/2012\/12\/8249743607_ef78c50f12_c.jpg\" alt=\"\" width=\"670\" height=\"421\" srcset=\"https:\/\/static-blogs.diariosur.es\/wp-content\/uploads\/sites\/12\/2012\/12\/8249743607_ef78c50f12_c.jpg 670w, https:\/\/static-blogs.diariosur.es\/wp-content\/uploads\/sites\/12\/2012\/12\/8249743607_ef78c50f12_c-637x400.jpg 637w\" sizes=\"(max-width: 670px) 100vw, 670px\" \/><\/a><\/p>\n<p>&nbsp;<\/p>\n<p><a href=\"https:\/\/blogs.diariosur.es\/tormentas-y-rayos\/2012\/12\/10\/impresionantes-senos-meteorologicos-apto-para-todos-los-publicos\/8197531886_cf9113220c_c\/\" rel=\"attachment wp-att-4358\"><img loading=\"lazy\" class=\"aligncenter size-full wp-image-4358\" title=\"8197531886_cf9113220c_c\" src=\"\/tormentas-y-rayos\/wp-content\/uploads\/sites\/12\/2012\/12\/8197531886_cf9113220c_c.jpg\" alt=\"\" width=\"670\" height=\"447\" srcset=\"https:\/\/static-blogs.diariosur.es\/wp-content\/uploads\/sites\/12\/2012\/12\/8197531886_cf9113220c_c.jpg 670w, https:\/\/static-blogs.diariosur.es\/wp-content\/uploads\/sites\/12\/2012\/12\/8197531886_cf9113220c_c-600x400.jpg 600w\" sizes=\"(max-width: 670px) 100vw, 670px\" \/><\/a><\/p>\n<p>&nbsp;<\/p>\n<p>&nbsp;<\/p>\n<p><strong>Bueno amigos, vamos con el resumen de estos dos dias, que estoy seguro que os va a gustar.<\/strong><\/p>\n<p><strong>El dia 8 la m\u00e1xima en M\u00e1laga Capital fue de 20,3 grados y la m\u00ednima de 11,8 grados. Casi un dia primaveral, cielos despejados y con un ligero viento de terral de oto\u00f1o, que en la zona de la capital venia un poquitin recalentado. Esto se\u00a0debi\u00f3\u00a0a que la temperatura a 1500 hpa estaba a 10 grados, unido al viento de terral de oto\u00f1o, hizo que la temperatura fuera muy agradable.<\/strong><\/p>\n<p><a href=\"https:\/\/blogs.diariosur.es\/tormentas-y-rayos\/2012\/12\/10\/impresionantes-senos-meteorologicos-apto-para-todos-los-publicos\/cali\/\" rel=\"attachment wp-att-4359\"><img loading=\"lazy\" class=\"aligncenter size-full wp-image-4359\" title=\"cali\" src=\"\/tormentas-y-rayos\/wp-content\/uploads\/sites\/12\/2012\/12\/cali.jpg\" alt=\"\" width=\"670\" height=\"513\" srcset=\"https:\/\/static-blogs.diariosur.es\/wp-content\/uploads\/sites\/12\/2012\/12\/cali.jpg 670w, https:\/\/static-blogs.diariosur.es\/wp-content\/uploads\/sites\/12\/2012\/12\/cali-522x400.jpg 522w\" sizes=\"(max-width: 670px) 100vw, 670px\" \/><\/a><\/p>\n<p>&nbsp;<\/p>\n<p><strong>A primeras horas de la ma\u00f1ana y de madrugada, la niebla era la protagonista por el interior de nuestra provincia. Nuestra amiga Ana Rodr\u00edguez quiere compartir esta foto llegando a M\u00e1laga.<\/strong><\/p>\n<p><a href=\"https:\/\/blogs.diariosur.es\/tormentas-y-rayos\/2012\/12\/10\/impresionantes-senos-meteorologicos-apto-para-todos-los-publicos\/ana-2\/\" rel=\"attachment wp-att-4360\"><img loading=\"lazy\" class=\"aligncenter size-full wp-image-4360\" title=\"ana\" src=\"\/tormentas-y-rayos\/wp-content\/uploads\/sites\/12\/2012\/12\/ana.jpg\" alt=\"\" width=\"670\" height=\"503\" srcset=\"https:\/\/static-blogs.diariosur.es\/wp-content\/uploads\/sites\/12\/2012\/12\/ana.jpg 670w, https:\/\/static-blogs.diariosur.es\/wp-content\/uploads\/sites\/12\/2012\/12\/ana-533x400.jpg 533w\" sizes=\"(max-width: 670px) 100vw, 670px\" \/><\/a><\/p>\n<p><strong>El\u00a0d\u00eda\u00a0de la Inmaculada \u00a0amanec\u00eda\u00a0en la Playa de la Misericordia\u00a0as\u00ed\u00a0de bonito.<\/strong><\/p>\n<p><a href=\"https:\/\/blogs.diariosur.es\/tormentas-y-rayos\/2012\/12\/10\/impresionantes-senos-meteorologicos-apto-para-todos-los-publicos\/olympus-digital-camera-958\/\" rel=\"attachment wp-att-4361\"><img loading=\"lazy\" class=\"aligncenter size-full wp-image-4361\" title=\"OLYMPUS DIGITAL CAMERA\" src=\"\/tormentas-y-rayos\/wp-content\/uploads\/sites\/12\/2012\/12\/0131.jpg\" alt=\"\" width=\"670\" height=\"403\" srcset=\"https:\/\/static-blogs.diariosur.es\/wp-content\/uploads\/sites\/12\/2012\/12\/0131.jpg 670w, https:\/\/static-blogs.diariosur.es\/wp-content\/uploads\/sites\/12\/2012\/12\/0131-640x385.jpg 640w\" sizes=\"(max-width: 670px) 100vw, 670px\" \/><\/a><\/p>\n<p>&nbsp;<\/p>\n<p><strong>Desde primeras horas de la ma\u00f1ana el\u00a0d\u00eda\u00a0promet\u00eda, as\u00ed que Geno y yo nos dimos una vuelta por la playa. Aparcamos al lado del Parque del Oeste y vi un restaurante que tenia buena pinta, asi que entramos y reservamos una mesa para las dos y media.<\/strong><\/p>\n<p><a href=\"https:\/\/blogs.diariosur.es\/tormentas-y-rayos\/2012\/12\/10\/impresionantes-senos-meteorologicos-apto-para-todos-los-publicos\/018-3\/\" rel=\"attachment wp-att-4362\"><img loading=\"lazy\" class=\"aligncenter size-full wp-image-4362\" title=\"018\" src=\"\/tormentas-y-rayos\/wp-content\/uploads\/sites\/12\/2012\/12\/018.jpg\" alt=\"\" width=\"670\" height=\"379\" srcset=\"https:\/\/static-blogs.diariosur.es\/wp-content\/uploads\/sites\/12\/2012\/12\/018.jpg 670w, https:\/\/static-blogs.diariosur.es\/wp-content\/uploads\/sites\/12\/2012\/12\/018-640x362.jpg 640w\" sizes=\"(max-width: 670px) 100vw, 670px\" \/><\/a><\/p>\n<p><strong>Y cual fue mi sorpresa que el due\u00f1o del local Luis, me comenta: ha acertado usted de pleno Jose luis Escudero, soy un seguidor suyo del blog. Menuda sorpresa me lleve amigos. Este restaurante se llama Taberna los Tres Barriles y os puedo asegurar que se come estupendamente y el trato es fabuloso. Muchas gracias Luis y a ti tambi\u00e9n Pedro.<\/strong><\/p>\n<p><strong>Como os comentaba antes, el dia estaba limpio y la visibilidad era buen\u00edsima.<\/strong><\/p>\n<p><a href=\"https:\/\/blogs.diariosur.es\/tormentas-y-rayos\/2012\/12\/10\/impresionantes-senos-meteorologicos-apto-para-todos-los-publicos\/olympus-digital-camera-959\/\" rel=\"attachment wp-att-4363\"><img loading=\"lazy\" class=\"aligncenter size-full wp-image-4363\" title=\"OLYMPUS DIGITAL CAMERA\" src=\"\/tormentas-y-rayos\/wp-content\/uploads\/sites\/12\/2012\/12\/023.jpg\" alt=\"\" width=\"670\" height=\"503\" srcset=\"https:\/\/static-blogs.diariosur.es\/wp-content\/uploads\/sites\/12\/2012\/12\/023.jpg 670w, https:\/\/static-blogs.diariosur.es\/wp-content\/uploads\/sites\/12\/2012\/12\/023-533x400.jpg 533w\" sizes=\"(max-width: 670px) 100vw, 670px\" \/><\/a><\/p>\n<p><strong>El Rinc\u00f3n de la Victoria se ve\u00eda perfectamente<\/strong><\/p>\n<p><a href=\"https:\/\/blogs.diariosur.es\/tormentas-y-rayos\/2012\/12\/10\/impresionantes-senos-meteorologicos-apto-para-todos-los-publicos\/olympus-digital-camera-960\/\" rel=\"attachment wp-att-4364\"><img loading=\"lazy\" class=\"aligncenter size-full wp-image-4364\" title=\"OLYMPUS DIGITAL CAMERA\" src=\"\/tormentas-y-rayos\/wp-content\/uploads\/sites\/12\/2012\/12\/033.jpg\" alt=\"\" width=\"670\" height=\"318\" srcset=\"https:\/\/static-blogs.diariosur.es\/wp-content\/uploads\/sites\/12\/2012\/12\/033.jpg 670w, https:\/\/static-blogs.diariosur.es\/wp-content\/uploads\/sites\/12\/2012\/12\/033-640x304.jpg 640w\" sizes=\"(max-width: 670px) 100vw, 670px\" \/><\/a><\/p>\n<p>&nbsp;<\/p>\n<p><strong>Pero lo que mas me llamo la atenci\u00f3n fue ver Sierra Nevada al fondo, que maravilla amigos.<\/strong><\/p>\n<p>&nbsp;<\/p>\n<p><a href=\"https:\/\/blogs.diariosur.es\/tormentas-y-rayos\/2012\/12\/10\/impresionantes-senos-meteorologicos-apto-para-todos-los-publicos\/olympus-digital-camera-961\/\" rel=\"attachment wp-att-4365\"><img loading=\"lazy\" class=\"aligncenter size-full wp-image-4365\" title=\"OLYMPUS DIGITAL CAMERA\" src=\"\/tormentas-y-rayos\/wp-content\/uploads\/sites\/12\/2012\/12\/sier.jpg\" alt=\"\" width=\"670\" height=\"418\" srcset=\"https:\/\/static-blogs.diariosur.es\/wp-content\/uploads\/sites\/12\/2012\/12\/sier.jpg 670w, https:\/\/static-blogs.diariosur.es\/wp-content\/uploads\/sites\/12\/2012\/12\/sier-640x400.jpg 640w\" sizes=\"(max-width: 670px) 100vw, 670px\" \/><\/a><\/p>\n<p>&nbsp;<\/p>\n<p>&nbsp;<\/p>\n<p><strong>Y es que el s\u00e1bado amigos de la meteo, apetec\u00eda tomar el sol aunque fuera sentado en unas piedras<\/strong><\/p>\n<p><a href=\"https:\/\/blogs.diariosur.es\/tormentas-y-rayos\/2012\/12\/10\/impresionantes-senos-meteorologicos-apto-para-todos-los-publicos\/olympus-digital-camera-962\/\" rel=\"attachment wp-att-4366\"><img loading=\"lazy\" class=\"aligncenter size-full wp-image-4366\" title=\"OLYMPUS DIGITAL CAMERA\" src=\"\/tormentas-y-rayos\/wp-content\/uploads\/sites\/12\/2012\/12\/027.jpg\" alt=\"\" width=\"670\" height=\"520\" srcset=\"https:\/\/static-blogs.diariosur.es\/wp-content\/uploads\/sites\/12\/2012\/12\/027.jpg 670w, https:\/\/static-blogs.diariosur.es\/wp-content\/uploads\/sites\/12\/2012\/12\/027-515x400.jpg 515w\" sizes=\"(max-width: 670px) 100vw, 670px\" \/><\/a><\/p>\n<p>&nbsp;<\/p>\n<p>&nbsp;<\/p>\n<p>&nbsp;<\/p>\n<p>&nbsp;<\/p>\n<p><span style=\"color: #ff0000;\"><strong>Venga amigos ya solo queda el resumen del dia 9 y os pongo las fotos de los senos, y no se os ocurra, mover el rat\u00f3n para abajo .!! Quietos que os veo !!.<\/strong><\/span><\/p>\n<p><strong>El domingo la m\u00ednima fue un poco mas fresca, concretamente 9,8 grados y la m\u00e1xima fue de 17,6 grados. El viento de sur sureste, trajo consigo nubosidad de tipo bajo y alto. Y el amanecer estuvo precioso, os pongo estas tres fotos.<\/strong><\/p>\n<p><a href=\"https:\/\/blogs.diariosur.es\/tormentas-y-rayos\/2012\/12\/10\/impresionantes-senos-meteorologicos-apto-para-todos-los-publicos\/olympus-digital-camera-963\/\" rel=\"attachment wp-att-4367\"><img loading=\"lazy\" class=\"aligncenter size-full wp-image-4367\" title=\"OLYMPUS DIGITAL CAMERA\" src=\"\/tormentas-y-rayos\/wp-content\/uploads\/sites\/12\/2012\/12\/AMANECER-9-DE-DICIEMBRE-DEL-2012.jpg\" alt=\"\" width=\"670\" height=\"503\" srcset=\"https:\/\/static-blogs.diariosur.es\/wp-content\/uploads\/sites\/12\/2012\/12\/AMANECER-9-DE-DICIEMBRE-DEL-2012.jpg 670w, https:\/\/static-blogs.diariosur.es\/wp-content\/uploads\/sites\/12\/2012\/12\/AMANECER-9-DE-DICIEMBRE-DEL-2012-533x400.jpg 533w\" sizes=\"(max-width: 670px) 100vw, 670px\" \/><\/a><\/p>\n<p>&nbsp;<\/p>\n<p><a href=\"https:\/\/blogs.diariosur.es\/tormentas-y-rayos\/2012\/12\/10\/impresionantes-senos-meteorologicos-apto-para-todos-los-publicos\/olympus-digital-camera-964\/\" rel=\"attachment wp-att-4368\"><img loading=\"lazy\" class=\"aligncenter size-full wp-image-4368\" title=\"OLYMPUS DIGITAL CAMERA\" src=\"\/tormentas-y-rayos\/wp-content\/uploads\/sites\/12\/2012\/12\/AMANECER-9-DE-DICIEMBRE-DEL.jpg\" alt=\"\" width=\"670\" height=\"503\" srcset=\"https:\/\/static-blogs.diariosur.es\/wp-content\/uploads\/sites\/12\/2012\/12\/AMANECER-9-DE-DICIEMBRE-DEL.jpg 670w, https:\/\/static-blogs.diariosur.es\/wp-content\/uploads\/sites\/12\/2012\/12\/AMANECER-9-DE-DICIEMBRE-DEL-533x400.jpg 533w\" sizes=\"(max-width: 670px) 100vw, 670px\" \/><\/a><\/p>\n<p>&nbsp;<\/p>\n<p><a href=\"https:\/\/blogs.diariosur.es\/tormentas-y-rayos\/2012\/12\/10\/impresionantes-senos-meteorologicos-apto-para-todos-los-publicos\/olympus-digital-camera-965\/\" rel=\"attachment wp-att-4369\"><img loading=\"lazy\" class=\"aligncenter size-full wp-image-4369\" title=\"OLYMPUS DIGITAL CAMERA\" src=\"\/tormentas-y-rayos\/wp-content\/uploads\/sites\/12\" alt=\"\" width=\"670\" height=\"503\" \/><\/a><\/p>\n<p>&nbsp;<\/p>\n<p><strong>Al mediod\u00eda, los cielos segu\u00edan nubosos. Asi que baje de nuevo para la playa. Nada mas aparcar la moto me encontr\u00e9 con el marat\u00f3n de M\u00e1laga, desde aqu\u00ed felicitar a todos los participantes, tanto los que llegaron como los que no. Un abrazo a todos.<\/strong><\/p>\n<p><a href=\"https:\/\/blogs.diariosur.es\/tormentas-y-rayos\/2012\/12\/10\/impresionantes-senos-meteorologicos-apto-para-todos-los-publicos\/olympus-digital-camera-966\/\" rel=\"attachment wp-att-4370\"><img loading=\"lazy\" class=\"aligncenter size-full wp-image-4370\" title=\"OLYMPUS DIGITAL CAMERA\" src=\"\/tormentas-y-rayos\/wp-content\/uploads\/sites\/12\/2012\/12\/081.jpg\" alt=\"\" width=\"500\" height=\"667\" srcset=\"https:\/\/static-blogs.diariosur.es\/wp-content\/uploads\/sites\/12\/2012\/12\/081.jpg 500w, https:\/\/static-blogs.diariosur.es\/wp-content\/uploads\/sites\/12\/2012\/12\/081-300x400.jpg 300w\" sizes=\"(max-width: 500px) 100vw, 500px\" \/><\/a><\/p>\n<p>&nbsp;<\/p>\n<p><a href=\"https:\/\/blogs.diariosur.es\/tormentas-y-rayos\/2012\/12\/10\/impresionantes-senos-meteorologicos-apto-para-todos-los-publicos\/olympus-digital-camera-967\/\" rel=\"attachment wp-att-4371\"><img loading=\"lazy\" class=\"aligncenter size-full wp-image-4371\" title=\"OLYMPUS DIGITAL CAMERA\" src=\"\/tormentas-y-rayos\/wp-content\/uploads\/sites\/12\/2012\/12\/082.jpg\" alt=\"\" width=\"500\" height=\"667\" srcset=\"https:\/\/static-blogs.diariosur.es\/wp-content\/uploads\/sites\/12\/2012\/12\/082.jpg 500w, https:\/\/static-blogs.diariosur.es\/wp-content\/uploads\/sites\/12\/2012\/12\/082-300x400.jpg 300w\" sizes=\"(max-width: 500px) 100vw, 500px\" \/><\/a><\/p>\n<p><a href=\"https:\/\/blogs.diariosur.es\/tormentas-y-rayos\/2012\/12\/10\/impresionantes-senos-meteorologicos-apto-para-todos-los-publicos\/olympus-digital-camera-968\/\" rel=\"attachment wp-att-4372\"><img loading=\"lazy\" class=\"aligncenter size-full wp-image-4372\" title=\"OLYMPUS DIGITAL CAMERA\" src=\"\/tormentas-y-rayos\/wp-content\/uploads\/sites\/12\/2012\/12\/085.jpg\" alt=\"\" width=\"500\" height=\"667\" srcset=\"https:\/\/static-blogs.diariosur.es\/wp-content\/uploads\/sites\/12\/2012\/12\/085.jpg 500w, https:\/\/static-blogs.diariosur.es\/wp-content\/uploads\/sites\/12\/2012\/12\/085-300x400.jpg 300w\" sizes=\"(max-width: 500px) 100vw, 500px\" \/><\/a><\/p>\n<p><strong>Y que diferencia de dia del s\u00e1bado al domingo, la humedad era mayor y el viento de sur sureste hacia que la sensaci\u00f3n de\u00a0fr\u00edo\u00a0fuera un poco mas alta. Los cielos no estaban tan limpios como el s\u00e1bado.<\/strong><\/p>\n<p><a href=\"https:\/\/blogs.diariosur.es\/tormentas-y-rayos\/2012\/12\/10\/impresionantes-senos-meteorologicos-apto-para-todos-los-publicos\/olympus-digital-camera-969\/\" rel=\"attachment wp-att-4373\"><img loading=\"lazy\" class=\"aligncenter size-full wp-image-4373\" title=\"OLYMPUS DIGITAL CAMERA\" src=\"\/tormentas-y-rayos\/wp-content\/uploads\/sites\/12\/2012\/12\/087.jpg\" alt=\"\" width=\"670\" height=\"503\" srcset=\"https:\/\/static-blogs.diariosur.es\/wp-content\/uploads\/sites\/12\/2012\/12\/087.jpg 670w, https:\/\/static-blogs.diariosur.es\/wp-content\/uploads\/sites\/12\/2012\/12\/087-533x400.jpg 533w\" sizes=\"(max-width: 670px) 100vw, 670px\" \/><\/a><\/p>\n<p>&nbsp;<\/p>\n<p><a href=\"https:\/\/blogs.diariosur.es\/tormentas-y-rayos\/2012\/12\/10\/impresionantes-senos-meteorologicos-apto-para-todos-los-publicos\/olympus-digital-camera-970\/\" rel=\"attachment wp-att-4374\"><img loading=\"lazy\" class=\"aligncenter size-full wp-image-4374\" title=\"OLYMPUS DIGITAL CAMERA\" src=\"\/tormentas-y-rayos\/wp-content\/uploads\/sites\/12\/2012\/12\/088.jpg\" alt=\"\" width=\"670\" height=\"503\" srcset=\"https:\/\/static-blogs.diariosur.es\/wp-content\/uploads\/sites\/12\/2012\/12\/088.jpg 670w, https:\/\/static-blogs.diariosur.es\/wp-content\/uploads\/sites\/12\/2012\/12\/088-533x400.jpg 533w\" sizes=\"(max-width: 670px) 100vw, 670px\" \/><\/a><\/p>\n<p><strong>\u00a0Por la tarde, las nubes bajas se quitaron de la zona occidental y dieron paso a unos cirros uncinus que\u00a0fotografie\u00a0desde la casa.<\/strong><\/p>\n<p><a href=\"https:\/\/blogs.diariosur.es\/tormentas-y-rayos\/2012\/12\/10\/impresionantes-senos-meteorologicos-apto-para-todos-los-publicos\/olympus-digital-camera-971\/\" rel=\"attachment wp-att-4380\"><img loading=\"lazy\" class=\"aligncenter size-full wp-image-4380\" title=\"OLYMPUS DIGITAL CAMERA\" src=\"\/tormentas-y-rayos\/wp-content\/uploads\/sites\/12\/2012\/12\/091.jpg\" alt=\"\" width=\"670\" height=\"503\" srcset=\"https:\/\/static-blogs.diariosur.es\/wp-content\/uploads\/sites\/12\/2012\/12\/091.jpg 670w, https:\/\/static-blogs.diariosur.es\/wp-content\/uploads\/sites\/12\/2012\/12\/091-533x400.jpg 533w\" sizes=\"(max-width: 670px) 100vw, 670px\" \/><\/a><\/p>\n<p>&nbsp;<\/p>\n<p>&nbsp;<\/p>\n<p><span style=\"color: #0000ff;\"><strong>Que poca\u00a0paciencia\u00a0ten\u00e9is,&#8221; venga &#8220;os pongo estos pedazos de senos mammatus fotografiados en el corredor de los tornados. Son una pasada amigos, quien pudiera verlos en directo.\u00a0<\/strong><\/span><\/p>\n<p><strong>Por gentileza de photo is my life<\/strong><\/p>\n<p><a href=\"https:\/\/blogs.diariosur.es\/tormentas-y-rayos\/2012\/12\/10\/impresionantes-senos-meteorologicos-apto-para-todos-los-publicos\/photo-is-my-life\/\" rel=\"attachment wp-att-4375\"><img loading=\"lazy\" class=\"aligncenter size-full wp-image-4375\" title=\"photo Is my Life\" src=\"\/tormentas-y-rayos\/wp-content\/uploads\/sites\/12\/2012\/12\/photo-Is-my-Life.jpg\" alt=\"\" width=\"480\" height=\"719\" srcset=\"https:\/\/static-blogs.diariosur.es\/wp-content\/uploads\/sites\/12\/2012\/12\/photo-Is-my-Life.jpg 480w, https:\/\/static-blogs.diariosur.es\/wp-content\/uploads\/sites\/12\/2012\/12\/photo-Is-my-Life-267x400.jpg 267w\" sizes=\"(max-width: 480px) 100vw, 480px\" \/><\/a><\/p>\n<p><strong>Y estos otros por antonyspemcer.<\/strong><\/p>\n<p><a href=\"https:\/\/blogs.diariosur.es\/tormentas-y-rayos\/2012\/12\/10\/impresionantes-senos-meteorologicos-apto-para-todos-los-publicos\/antonyspencer\/\" rel=\"attachment wp-att-4376\"><img loading=\"lazy\" class=\"aligncenter size-full wp-image-4376\" title=\"antonyspencer\" src=\"\/tormentas-y-rayos\/wp-content\/uploads\/sites\/12\/2012\/12\/antonyspencer.jpg\" alt=\"\" width=\"680\" height=\"453\" srcset=\"https:\/\/static-blogs.diariosur.es\/wp-content\/uploads\/sites\/12\/2012\/12\/antonyspencer.jpg 680w, https:\/\/static-blogs.diariosur.es\/wp-content\/uploads\/sites\/12\/2012\/12\/antonyspencer-600x400.jpg 600w\" sizes=\"(max-width: 680px) 100vw, 680px\" \/><\/a><\/p>\n<p><strong>Bueno amigos espero que os haya gustado.<\/strong><\/p>\n<p><strong style=\"color: #008000;\">Sobre el famoso rombo que se esperaba para mediados de semana, de momento se\u00a0aplaza, asi es la meteo. Los modelos han dado un vuelco total<\/strong><span><span style=\"color: #008000;\">. <\/span><strong><span style=\"color: #008000;\">A partir del\u00a0mi\u00e9rcoles\u00a0o jueves \u00a0varios frentes cruzaran la\u00a0pen\u00ednsula, pero llegaran algo desgastados a nuestra provincia. Las borrascas circularan al norte de las Islas Britanicas. \u00a0Os\u00a0ir\u00e9\u00a0informando\u00a0durante esta semana.<\/span><\/strong><\/span><\/p>\n<p><span style=\"color: #0000ff;\"><strong>Hoy lunes y ma\u00f1ana martes no se esperan lluvias en Andaluc\u00eda, las temperaturas\u00a0m\u00e1ximas\u00a0en M\u00e1laga \u00a0ser\u00e1n\u00a0suaves y las\u00a0m\u00ednimas\u00a0no muy bajas.<\/strong><\/span><\/p>\n<p><strong> Y poco mas que contar, hoy os dejo con estos impresionantes fotones \u00a0de Miguel Angel \u00a0\u00c1vila Claros, es un amanecer desde Torre de Benagalb\u00f3n. Ya\u00a0sab\u00e9is\u00a0que durante este \u00a0mes de Diciembre, el sol sale y se oculta por el mar. \u00a0Un abrazo a todos y gracias por los comentarios.<\/strong><\/p>\n<p><a href=\"https:\/\/blogs.diariosur.es\/tormentas-y-rayos\/2012\/12\/10\/impresionantes-senos-meteorologicos-apto-para-todos-los-publicos\/migu\/\" rel=\"attachment wp-att-4378\"><img loading=\"lazy\" class=\"aligncenter size-full wp-image-4378\" title=\"migu\" src=\"\/tormentas-y-rayos\/wp-content\/uploads\/sites\/12\/2012\/12\/migu.jpg\" alt=\"\" width=\"670\" height=\"447\" srcset=\"https:\/\/static-blogs.diariosur.es\/wp-content\/uploads\/sites\/12\/2012\/12\/migu.jpg 670w, https:\/\/static-blogs.diariosur.es\/wp-content\/uploads\/sites\/12\/2012\/12\/migu-600x400.jpg 600w\" sizes=\"(max-width: 670px) 100vw, 670px\" \/><\/a><\/p>\n<p>&nbsp;<\/p>\n<p><a href=\"https:\/\/blogs.diariosur.es\/tormentas-y-rayos\/2012\/12\/10\/impresionantes-senos-meteorologicos-apto-para-todos-los-publicos\/miguel\/\" rel=\"attachment wp-att-4379\"><img loading=\"lazy\" class=\"aligncenter size-full wp-image-4379\" title=\"miguel\" src=\"\/tormentas-y-rayos\/wp-content\/uploads\/sites\/12\/2012\/12\/miguel.jpg\" alt=\"\" width=\"670\" height=\"447\" srcset=\"https:\/\/static-blogs.diariosur.es\/wp-content\/uploads\/sites\/12\/2012\/12\/miguel.jpg 670w, https:\/\/static-blogs.diariosur.es\/wp-content\/uploads\/sites\/12\/2012\/12\/miguel-600x400.jpg 600w\" sizes=\"(max-width: 670px) 100vw, 670px\" \/><\/a><\/p>\n<p>&nbsp;<\/p>\n<p>&nbsp;<\/p>\n","protected":false},"excerpt":{"rendered":"<p>Buenos dias amigos de la meteo. Son las seis de la ma\u00f1ana, registro 10,9 grados y los cielos est\u00e1n \u00a0nubosos. Viendo el\u00a0sat\u00e9lite,\u00a0creo que son nubes altas de tipo cirros, que pueden dejar un bonito amanecer. Seguro que nuestro amigo Antonio Portillo nos trae un pedazo de amanecer. Si puedo lo fotografiare desde el curro. &nbsp; [&hellip;]<\/p>\n","protected":false},"author":16,"featured_media":4358,"comment_status":"open","ping_status":"closed","sticky":false,"template":"","format":"standard","meta":[],"categories":[2],"tags":[504,905],"_links":{"self":[{"href":"https:\/\/blogs.diariosur.es\/tormentas-y-rayos\/wp-json\/wp\/v2\/posts\/4356"}],"collection":[{"href":"https:\/\/blogs.diariosur.es\/tormentas-y-rayos\/wp-json\/wp\/v2\/posts"}],"about":[{"href":"https:\/\/blogs.diariosur.es\/tormentas-y-rayos\/wp-json\/wp\/v2\/types\/post"}],"author":[{"embeddable":true,"href":"https:\/\/blogs.diariosur.es\/tormentas-y-rayos\/wp-json\/wp\/v2\/users\/16"}],"replies":[{"embeddable":true,"href":"https:\/\/blogs.diariosur.es\/tormentas-y-rayos\/wp-json\/wp\/v2\/comments?post=4356"}],"version-history":[{"count":0,"href":"https:\/\/blogs.diariosur.es\/tormentas-y-rayos\/wp-json\/wp\/v2\/posts\/4356\/revisions"}],"wp:featuredmedia":[{"embeddable":true,"href":"https:\/\/blogs.diariosur.es\/tormentas-y-rayos\/wp-json\/wp\/v2\/media\/4358"}],"wp:attachment":[{"href":"https:\/\/blogs.diariosur.es\/tormentas-y-rayos\/wp-json\/wp\/v2\/media?parent=4356"}],"wp:term":[{"taxonomy":"category","embeddable":true,"href":"https:\/\/blogs.diariosur.es\/tormentas-y-rayos\/wp-json\/wp\/v2\/categories?post=4356"},{"taxonomy":"post_tag","embeddable":true,"href":"https:\/\/blogs.diariosur.es\/tormentas-y-rayos\/wp-json\/wp\/v2\/tags?post=4356"}],"curies":[{"name":"wp","href":"https:\/\/api.w.org\/{rel}","templated":true}]}}