{"id":43628,"date":"2025-03-01T08:13:55","date_gmt":"2025-03-01T07:13:55","guid":{"rendered":"https:\/\/blogs.diariosur.es\/tormentas-y-rayos\/?p=43628"},"modified":"2025-10-06T10:00:58","modified_gmt":"2025-10-06T08:00:58","slug":"probables-acumulados-manana-domingo-en-la-provincia-de-malaga-temporal-de-olas-de-levante-aviso-amarillo","status":"publish","type":"post","link":"https:\/\/blogs.diariosur.es\/tormentas-y-rayos\/2025\/03\/01\/probables-acumulados-manana-domingo-en-la-provincia-de-malaga-temporal-de-olas-de-levante-aviso-amarillo\/","title":{"rendered":"Probables acumulados ma\u00f1ana domingo en la provincia de M\u00e1laga. Temporal de olas de levante, aviso amarillo"},"content":{"rendered":"<p><a href=\"https:\/\/static-blogs.diariosur.es\/wp-content\/uploads\/sites\/12\/2025\/01\/474591997_10231480374091459_5977821584942016476_n-1.jpg\"><img loading=\"lazy\" class=\"aligncenter size-thumbnail wp-image-43211\" src=\"https:\/\/static-blogs.diariosur.es\/wp-content\/uploads\/sites\/12\/2025\/01\/474591997_10231480374091459_5977821584942016476_n-1-150x150.jpg\" alt=\"\" width=\"150\" height=\"150\" srcset=\"https:\/\/static-blogs.diariosur.es\/wp-content\/uploads\/sites\/12\/2025\/01\/474591997_10231480374091459_5977821584942016476_n-1-150x150.jpg 150w, https:\/\/static-blogs.diariosur.es\/wp-content\/uploads\/sites\/12\/2025\/01\/474591997_10231480374091459_5977821584942016476_n-1-400x400.jpg 400w, https:\/\/static-blogs.diariosur.es\/wp-content\/uploads\/sites\/12\/2025\/01\/474591997_10231480374091459_5977821584942016476_n-1-408x408.jpg 408w, https:\/\/static-blogs.diariosur.es\/wp-content\/uploads\/sites\/12\/2025\/01\/474591997_10231480374091459_5977821584942016476_n-1-768x768.jpg 768w, https:\/\/static-blogs.diariosur.es\/wp-content\/uploads\/sites\/12\/2025\/01\/474591997_10231480374091459_5977821584942016476_n-1.jpg 1000w\" sizes=\"(max-width: 150px) 100vw, 150px\" \/><\/a><\/p>\n<p data-pm-slice=\"1 1 []\">Muy buenos d\u00edas, amigos de la meteo. Esta pasada madrugada de hoy s\u00e1bado 1 de marzo, se han registrado precipitaciones en algunos puntos de la provincia malague\u00f1a. Hasta el mediod\u00eda baja la probabilidad de precipitaciones hoy s\u00e1bado; a \u00faltima hora de la tarde aumenta la probabilidad de precipitaciones en la zona occidental de la provincia.<\/p>\n<p>Os paso algunos acumulados hasta las siete de la ma\u00f1ana de hoy s\u00e1bado, <strong>fuentes Aemet, Red Hidrosur, Meteoclimatic, Wunderground,\u00a0Acamet.\u00a0<\/strong><\/p>\n<p>Sierra Mijas\u00a019,2\u00a0mm<\/p>\n<p>Oj\u00e9n\u00a012,9 mm<\/p>\n<p>Co\u00edn 10 mm<\/p>\n<p>Juanar 17 mm<\/p>\n<p>Pereila Alta 14 mm<\/p>\n<p>Coto la Corcha 19 mm<\/p>\n<p>Torrox 3,7<\/p>\n<p>Rio Grande 5,9 mm<\/p>\n<p>Fuengirola 29 mm<\/p>\n<p>Torremolinos 14 mm<\/p>\n<p>Marbella 9,6 mm<\/p>\n<p>Algarrobo\u00a06,6 mm<\/p>\n<p>M\u00e1laga Aeropuerto 3,5 mm<\/p>\n<p>Mijas Pueblo 13,8 mm<\/p>\n<p>Benalm\u00e1dena Arroyo de la Miel\u00a011,6 mm<\/p>\n<p>Ist\u00e1n 10,4 mm<\/p>\n<p>Alhaur\u00edn el Grande\u00a09 mm<\/p>\n<p>Alhaur\u00edn de la Torre 8 mm<\/p>\n<p>Tolox 6,4 mm<\/p>\n<p>Rinc\u00f3n de la Victoria 3,9 mm<\/p>\n<p>El Borge 3,8 mm<\/p>\n<p>Almachar 3,6 mm<\/p>\n<p>Guaro 13,6 mm<\/p>\n<p>Monda 13,6 mm<\/p>\n<p>Os paso, por si no lo vio alguno, los acumulados de ayer d\u00eda 28; pinchar en el enlace.<\/p>\n<h3 class=\"voc-blogs-section\"><a href=\"https:\/\/blogs.diariosur.es\/tormentas-y-rayos\/2025\/02\/28\/acumulados-de-precipitacion-en-la-provincia-de-malaga-hoy-28-de-febrero-hasta-las-1730-de-la-tarde\/\">Acumulados de precipitaci\u00f3n en la provincia de M\u00e1laga 28 de febrero hasta las 17:30 de la tarde<\/a><\/h3>\n<h3><\/h3>\n<h3 data-pm-slice=\"1 1 []\">Temporal de olas de levante ma\u00f1ana, aviso amarillo por fen\u00f3menos costeros en toda la costa de la provincia de M\u00e1laga.<\/h3>\n<p>Hora de comienzo a las 16:00 horas, finaliza a las 23:59. Viento del este y nordeste de 50 a 60 km\/h (fuerza 7) con olas de 2 a 3 m.<\/p>\n<p>Esperemos que no haga mucho da\u00f1o a las playas ma\u00f1ana domingo.<\/p>\n<p>&nbsp;<\/p>\n<p><a href=\"https:\/\/static-blogs.diariosur.es\/wp-content\/uploads\/sites\/12\/2025\/03\/Captura-de-pantalla-2025-03-01-075222.jpg\"><img loading=\"lazy\" class=\"aligncenter size-full wp-image-43629\" src=\"https:\/\/static-blogs.diariosur.es\/wp-content\/uploads\/sites\/12\/2025\/03\/Captura-de-pantalla-2025-03-01-075222.jpg\" alt=\"\" width=\"1045\" height=\"817\" srcset=\"https:\/\/static-blogs.diariosur.es\/wp-content\/uploads\/sites\/12\/2025\/03\/Captura-de-pantalla-2025-03-01-075222.jpg 1045w, https:\/\/static-blogs.diariosur.es\/wp-content\/uploads\/sites\/12\/2025\/03\/Captura-de-pantalla-2025-03-01-075222-512x400.jpg 512w, https:\/\/static-blogs.diariosur.es\/wp-content\/uploads\/sites\/12\/2025\/03\/Captura-de-pantalla-2025-03-01-075222-522x408.jpg 522w, https:\/\/static-blogs.diariosur.es\/wp-content\/uploads\/sites\/12\/2025\/03\/Captura-de-pantalla-2025-03-01-075222-768x600.jpg 768w\" sizes=\"(max-width: 1045px) 100vw, 1045px\" \/><\/a><\/p>\n<h3><\/h3>\n<h3 data-pm-slice=\"1 1 []\"><strong>Probables acumulados ma\u00f1ana domingo en la provincia de M\u00e1laga.<\/strong><\/h3>\n<p>Os paso los probables acumulados de distintos modelos. Esto no quiere decir que est\u00e9 lloviendo todo el d\u00eda. En algunos puntos lo puede hacer durante la madrugada, como ha pasado hoy; en otros, a otras horas. Los que duerman profundamente no se enterar\u00e1n.<\/p>\n<p>&nbsp;<\/p>\n<p>MODELO EUROPEO<\/p>\n<p>&nbsp;<\/p>\n<p><a href=\"https:\/\/static-blogs.diariosur.es\/wp-content\/uploads\/sites\/12\/2025\/03\/europeo.jpg\"><img loading=\"lazy\" class=\"aligncenter size-full wp-image-43630\" src=\"https:\/\/static-blogs.diariosur.es\/wp-content\/uploads\/sites\/12\/2025\/03\/europeo.jpg\" alt=\"\" width=\"1135\" height=\"1183\" srcset=\"https:\/\/static-blogs.diariosur.es\/wp-content\/uploads\/sites\/12\/2025\/03\/europeo.jpg 1135w, https:\/\/static-blogs.diariosur.es\/wp-content\/uploads\/sites\/12\/2025\/03\/europeo-384x400.jpg 384w, https:\/\/static-blogs.diariosur.es\/wp-content\/uploads\/sites\/12\/2025\/03\/europeo-391x408.jpg 391w, https:\/\/static-blogs.diariosur.es\/wp-content\/uploads\/sites\/12\/2025\/03\/europeo-768x800.jpg 768w\" sizes=\"(max-width: 1135px) 100vw, 1135px\" \/><\/a><\/p>\n<p>&nbsp;<\/p>\n<p>MODELO AMERICANO<\/p>\n<p>&nbsp;<\/p>\n<p><a href=\"https:\/\/static-blogs.diariosur.es\/wp-content\/uploads\/sites\/12\/2025\/03\/americano.jpg\"><img loading=\"lazy\" class=\"aligncenter size-full wp-image-43631\" src=\"https:\/\/static-blogs.diariosur.es\/wp-content\/uploads\/sites\/12\/2025\/03\/americano.jpg\" alt=\"\" width=\"1138\" height=\"1180\" srcset=\"https:\/\/static-blogs.diariosur.es\/wp-content\/uploads\/sites\/12\/2025\/03\/americano.jpg 1138w, https:\/\/static-blogs.diariosur.es\/wp-content\/uploads\/sites\/12\/2025\/03\/americano-386x400.jpg 386w, https:\/\/static-blogs.diariosur.es\/wp-content\/uploads\/sites\/12\/2025\/03\/americano-393x408.jpg 393w, https:\/\/static-blogs.diariosur.es\/wp-content\/uploads\/sites\/12\/2025\/03\/americano-768x796.jpg 768w\" sizes=\"(max-width: 1138px) 100vw, 1138px\" \/><\/a><\/p>\n<p>&nbsp;<\/p>\n<p>MODELO REINO UNIDO<\/p>\n<p>&nbsp;<\/p>\n<p><a href=\"https:\/\/static-blogs.diariosur.es\/wp-content\/uploads\/sites\/12\/2025\/03\/reino-unido.jpg\"><img loading=\"lazy\" class=\"aligncenter size-full wp-image-43632\" src=\"https:\/\/static-blogs.diariosur.es\/wp-content\/uploads\/sites\/12\/2025\/03\/reino-unido.jpg\" alt=\"\" width=\"1141\" height=\"1162\" srcset=\"https:\/\/static-blogs.diariosur.es\/wp-content\/uploads\/sites\/12\/2025\/03\/reino-unido.jpg 1141w, https:\/\/static-blogs.diariosur.es\/wp-content\/uploads\/sites\/12\/2025\/03\/reino-unido-393x400.jpg 393w, https:\/\/static-blogs.diariosur.es\/wp-content\/uploads\/sites\/12\/2025\/03\/reino-unido-401x408.jpg 401w, https:\/\/static-blogs.diariosur.es\/wp-content\/uploads\/sites\/12\/2025\/03\/reino-unido-768x782.jpg 768w\" sizes=\"(max-width: 1141px) 100vw, 1141px\" \/><\/a><\/p>\n<p>&nbsp;<\/p>\n<p>MODELO ICONO<\/p>\n<p>&nbsp;<\/p>\n<p><a href=\"https:\/\/static-blogs.diariosur.es\/wp-content\/uploads\/sites\/12\/2025\/03\/icono.jpg\"><img loading=\"lazy\" class=\"aligncenter size-full wp-image-43633\" src=\"https:\/\/static-blogs.diariosur.es\/wp-content\/uploads\/sites\/12\/2025\/03\/icono.jpg\" alt=\"\" width=\"1126\" height=\"1183\" srcset=\"https:\/\/static-blogs.diariosur.es\/wp-content\/uploads\/sites\/12\/2025\/03\/icono.jpg 1126w, https:\/\/static-blogs.diariosur.es\/wp-content\/uploads\/sites\/12\/2025\/03\/icono-381x400.jpg 381w, https:\/\/static-blogs.diariosur.es\/wp-content\/uploads\/sites\/12\/2025\/03\/icono-388x408.jpg 388w, https:\/\/static-blogs.diariosur.es\/wp-content\/uploads\/sites\/12\/2025\/03\/icono-768x807.jpg 768w\" sizes=\"(max-width: 1126px) 100vw, 1126px\" \/><\/a><\/p>\n<p>&nbsp;<\/p>\n<p>MODELO ARPEGIO<\/p>\n<p>&nbsp;<\/p>\n<p><a href=\"https:\/\/static-blogs.diariosur.es\/wp-content\/uploads\/sites\/12\/2025\/03\/arpegio.jpg\"><img loading=\"lazy\" class=\"aligncenter size-full wp-image-43634\" src=\"https:\/\/static-blogs.diariosur.es\/wp-content\/uploads\/sites\/12\/2025\/03\/arpegio.jpg\" alt=\"\" width=\"1156\" height=\"1201\" srcset=\"https:\/\/static-blogs.diariosur.es\/wp-content\/uploads\/sites\/12\/2025\/03\/arpegio.jpg 1156w, https:\/\/static-blogs.diariosur.es\/wp-content\/uploads\/sites\/12\/2025\/03\/arpegio-385x400.jpg 385w, https:\/\/static-blogs.diariosur.es\/wp-content\/uploads\/sites\/12\/2025\/03\/arpegio-393x408.jpg 393w, https:\/\/static-blogs.diariosur.es\/wp-content\/uploads\/sites\/12\/2025\/03\/arpegio-768x798.jpg 768w\" sizes=\"(max-width: 1156px) 100vw, 1156px\" \/><\/a><\/p>\n","protected":false},"excerpt":{"rendered":"<p>Muy buenos d\u00edas, amigos de la meteo. Esta pasada madrugada de hoy s\u00e1bado 1 de marzo, se han registrado precipitaciones en algunos puntos de la provincia malague\u00f1a. Hasta el mediod\u00eda baja la probabilidad de precipitaciones hoy s\u00e1bado; a \u00faltima hora de la tarde aumenta la probabilidad de precipitaciones en la zona occidental de la provincia. [&hellip;]<\/p>\n","protected":false},"author":16,"featured_media":43636,"comment_status":"open","ping_status":"open","sticky":false,"template":"","format":"standard","meta":[],"categories":[2],"tags":[94,151,288,307,358,406,587,736,800],"_links":{"self":[{"href":"https:\/\/blogs.diariosur.es\/tormentas-y-rayos\/wp-json\/wp\/v2\/posts\/43628"}],"collection":[{"href":"https:\/\/blogs.diariosur.es\/tormentas-y-rayos\/wp-json\/wp\/v2\/posts"}],"about":[{"href":"https:\/\/blogs.diariosur.es\/tormentas-y-rayos\/wp-json\/wp\/v2\/types\/post"}],"author":[{"embeddable":true,"href":"https:\/\/blogs.diariosur.es\/tormentas-y-rayos\/wp-json\/wp\/v2\/users\/16"}],"replies":[{"embeddable":true,"href":"https:\/\/blogs.diariosur.es\/tormentas-y-rayos\/wp-json\/wp\/v2\/comments?post=43628"}],"version-history":[{"count":6,"href":"https:\/\/blogs.diariosur.es\/tormentas-y-rayos\/wp-json\/wp\/v2\/posts\/43628\/revisions"}],"predecessor-version":[{"id":46730,"href":"https:\/\/blogs.diariosur.es\/tormentas-y-rayos\/wp-json\/wp\/v2\/posts\/43628\/revisions\/46730"}],"wp:featuredmedia":[{"embeddable":true,"href":"https:\/\/blogs.diariosur.es\/tormentas-y-rayos\/wp-json\/wp\/v2\/media\/43636"}],"wp:attachment":[{"href":"https:\/\/blogs.diariosur.es\/tormentas-y-rayos\/wp-json\/wp\/v2\/media?parent=43628"}],"wp:term":[{"taxonomy":"category","embeddable":true,"href":"https:\/\/blogs.diariosur.es\/tormentas-y-rayos\/wp-json\/wp\/v2\/categories?post=43628"},{"taxonomy":"post_tag","embeddable":true,"href":"https:\/\/blogs.diariosur.es\/tormentas-y-rayos\/wp-json\/wp\/v2\/tags?post=43628"}],"curies":[{"name":"wp","href":"https:\/\/api.w.org\/{rel}","templated":true}]}}