{"id":43654,"date":"2025-03-01T11:28:32","date_gmt":"2025-03-01T10:28:32","guid":{"rendered":"https:\/\/blogs.diariosur.es\/tormentas-y-rayos\/?p=43654"},"modified":"2025-10-06T10:02:01","modified_gmt":"2025-10-06T08:02:01","slug":"se-activa-el-aviso-amarillo-por-lluvias-manana-domingo-en-sol-y-guadalhorce","status":"publish","type":"post","link":"https:\/\/blogs.diariosur.es\/tormentas-y-rayos\/2025\/03\/01\/se-activa-el-aviso-amarillo-por-lluvias-manana-domingo-en-sol-y-guadalhorce\/","title":{"rendered":"Se activa el aviso amarillo por lluvias ma\u00f1ana domingo en Sol y Guadalhorce."},"content":{"rendered":"<p><a href=\"https:\/\/static-blogs.diariosur.es\/wp-content\/uploads\/sites\/12\/2025\/01\/474591997_10231480374091459_5977821584942016476_n-1.jpg\"><img loading=\"lazy\" class=\"aligncenter size-thumbnail wp-image-43211\" src=\"https:\/\/static-blogs.diariosur.es\/wp-content\/uploads\/sites\/12\/2025\/01\/474591997_10231480374091459_5977821584942016476_n-1-150x150.jpg\" alt=\"\" width=\"150\" height=\"150\" srcset=\"https:\/\/static-blogs.diariosur.es\/wp-content\/uploads\/sites\/12\/2025\/01\/474591997_10231480374091459_5977821584942016476_n-1-150x150.jpg 150w, https:\/\/static-blogs.diariosur.es\/wp-content\/uploads\/sites\/12\/2025\/01\/474591997_10231480374091459_5977821584942016476_n-1-400x400.jpg 400w, https:\/\/static-blogs.diariosur.es\/wp-content\/uploads\/sites\/12\/2025\/01\/474591997_10231480374091459_5977821584942016476_n-1-408x408.jpg 408w, https:\/\/static-blogs.diariosur.es\/wp-content\/uploads\/sites\/12\/2025\/01\/474591997_10231480374091459_5977821584942016476_n-1-768x768.jpg 768w, https:\/\/static-blogs.diariosur.es\/wp-content\/uploads\/sites\/12\/2025\/01\/474591997_10231480374091459_5977821584942016476_n-1.jpg 1000w\" sizes=\"(max-width: 150px) 100vw, 150px\" \/><\/a><\/p>\n<p>Buenos d\u00edas de nuevo, amigos de la meteo. La aemet acaba de activar el aviso amarillo por lluvias en Sol y Guadalhorce para ma\u00f1ana domingo.<\/p>\n<p><strong>Precipitaci\u00f3n acumulada en 12 horas: 40 mm. <span style=\"color: #ff0000;\">El aviso se refiere a la parte occidental de la comarca.<\/span><\/strong><\/p>\n<p>&nbsp;<\/p>\n<p><a href=\"https:\/\/static-blogs.diariosur.es\/wp-content\/uploads\/sites\/12\/2025\/03\/Captura-de-pantalla-2025-03-01-113653.jpg\"><img loading=\"lazy\" class=\"aligncenter size-full wp-image-43657\" src=\"https:\/\/static-blogs.diariosur.es\/wp-content\/uploads\/sites\/12\/2025\/03\/Captura-de-pantalla-2025-03-01-113653.jpg\" alt=\"\" width=\"1057\" height=\"820\" srcset=\"https:\/\/static-blogs.diariosur.es\/wp-content\/uploads\/sites\/12\/2025\/03\/Captura-de-pantalla-2025-03-01-113653.jpg 1057w, https:\/\/static-blogs.diariosur.es\/wp-content\/uploads\/sites\/12\/2025\/03\/Captura-de-pantalla-2025-03-01-113653-516x400.jpg 516w, https:\/\/static-blogs.diariosur.es\/wp-content\/uploads\/sites\/12\/2025\/03\/Captura-de-pantalla-2025-03-01-113653-526x408.jpg 526w, https:\/\/static-blogs.diariosur.es\/wp-content\/uploads\/sites\/12\/2025\/03\/Captura-de-pantalla-2025-03-01-113653-768x596.jpg 768w\" sizes=\"(max-width: 1057px) 100vw, 1057px\" \/><\/a><\/p>\n<p>&nbsp;<\/p>\n<p>Parece que se desactiva el de fen\u00f3menos costeros, solo esta vigente en la costa de la Axarqu\u00eda<\/p>\n<p>&nbsp;<\/p>\n<p><a href=\"https:\/\/static-blogs.diariosur.es\/wp-content\/uploads\/sites\/12\/2025\/03\/Captura-de-pantalla-2025-03-01-113934.jpg\"><img loading=\"lazy\" class=\"aligncenter size-full wp-image-43660\" src=\"https:\/\/static-blogs.diariosur.es\/wp-content\/uploads\/sites\/12\/2025\/03\/Captura-de-pantalla-2025-03-01-113934.jpg\" alt=\"\" width=\"1044\" height=\"828\" srcset=\"https:\/\/static-blogs.diariosur.es\/wp-content\/uploads\/sites\/12\/2025\/03\/Captura-de-pantalla-2025-03-01-113934.jpg 1044w, https:\/\/static-blogs.diariosur.es\/wp-content\/uploads\/sites\/12\/2025\/03\/Captura-de-pantalla-2025-03-01-113934-504x400.jpg 504w, https:\/\/static-blogs.diariosur.es\/wp-content\/uploads\/sites\/12\/2025\/03\/Captura-de-pantalla-2025-03-01-113934-514x408.jpg 514w, https:\/\/static-blogs.diariosur.es\/wp-content\/uploads\/sites\/12\/2025\/03\/Captura-de-pantalla-2025-03-01-113934-768x609.jpg 768w\" sizes=\"(max-width: 1044px) 100vw, 1044px\" \/><\/a><\/p>\n<p>Hasta ma\u00f1ana<\/p>\n","protected":false},"excerpt":{"rendered":"<p>Buenos d\u00edas de nuevo, amigos de la meteo. La aemet acaba de activar el aviso amarillo por lluvias en Sol y Guadalhorce para ma\u00f1ana domingo. Precipitaci\u00f3n acumulada en 12 horas: 40 mm. El aviso se refiere a la parte occidental de la comarca. &nbsp; &nbsp; Parece que se desactiva el de fen\u00f3menos costeros, solo esta [&hellip;]<\/p>\n","protected":false},"author":16,"featured_media":43655,"comment_status":"open","ping_status":"open","sticky":false,"template":"","format":"standard","meta":[],"categories":[2],"tags":[94,151,569,587],"_links":{"self":[{"href":"https:\/\/blogs.diariosur.es\/tormentas-y-rayos\/wp-json\/wp\/v2\/posts\/43654"}],"collection":[{"href":"https:\/\/blogs.diariosur.es\/tormentas-y-rayos\/wp-json\/wp\/v2\/posts"}],"about":[{"href":"https:\/\/blogs.diariosur.es\/tormentas-y-rayos\/wp-json\/wp\/v2\/types\/post"}],"author":[{"embeddable":true,"href":"https:\/\/blogs.diariosur.es\/tormentas-y-rayos\/wp-json\/wp\/v2\/users\/16"}],"replies":[{"embeddable":true,"href":"https:\/\/blogs.diariosur.es\/tormentas-y-rayos\/wp-json\/wp\/v2\/comments?post=43654"}],"version-history":[{"count":5,"href":"https:\/\/blogs.diariosur.es\/tormentas-y-rayos\/wp-json\/wp\/v2\/posts\/43654\/revisions"}],"predecessor-version":[{"id":43662,"href":"https:\/\/blogs.diariosur.es\/tormentas-y-rayos\/wp-json\/wp\/v2\/posts\/43654\/revisions\/43662"}],"wp:featuredmedia":[{"embeddable":true,"href":"https:\/\/blogs.diariosur.es\/tormentas-y-rayos\/wp-json\/wp\/v2\/media\/43655"}],"wp:attachment":[{"href":"https:\/\/blogs.diariosur.es\/tormentas-y-rayos\/wp-json\/wp\/v2\/media?parent=43654"}],"wp:term":[{"taxonomy":"category","embeddable":true,"href":"https:\/\/blogs.diariosur.es\/tormentas-y-rayos\/wp-json\/wp\/v2\/categories?post=43654"},{"taxonomy":"post_tag","embeddable":true,"href":"https:\/\/blogs.diariosur.es\/tormentas-y-rayos\/wp-json\/wp\/v2\/tags?post=43654"}],"curies":[{"name":"wp","href":"https:\/\/api.w.org\/{rel}","templated":true}]}}