{"id":43664,"date":"2025-03-02T08:32:47","date_gmt":"2025-03-02T07:32:47","guid":{"rendered":"https:\/\/blogs.diariosur.es\/tormentas-y-rayos\/?p=43664"},"modified":"2025-10-06T09:58:00","modified_gmt":"2025-10-06T07:58:00","slug":"el-tiempo-manana-lunes-en-la-provincia-de-malaga-se-activa-el-aviso-amarillo-por-lluvias","status":"publish","type":"post","link":"https:\/\/blogs.diariosur.es\/tormentas-y-rayos\/2025\/03\/02\/el-tiempo-manana-lunes-en-la-provincia-de-malaga-se-activa-el-aviso-amarillo-por-lluvias\/","title":{"rendered":"El tiempo ma\u00f1ana lunes en la provincia de M\u00e1laga. Se activa el aviso naranja por lluvias."},"content":{"rendered":"<p><a href=\"https:\/\/static-blogs.diariosur.es\/wp-content\/uploads\/sites\/12\/2025\/03\/474591997_10231480374091459_5977821584942016476_n.jpg\"><img loading=\"lazy\" class=\"aligncenter size-thumbnail wp-image-43666\" src=\"https:\/\/static-blogs.diariosur.es\/wp-content\/uploads\/sites\/12\/2025\/03\/474591997_10231480374091459_5977821584942016476_n-150x150.jpg\" alt=\"\" width=\"150\" height=\"150\" srcset=\"https:\/\/static-blogs.diariosur.es\/wp-content\/uploads\/sites\/12\/2025\/03\/474591997_10231480374091459_5977821584942016476_n-150x150.jpg 150w, https:\/\/static-blogs.diariosur.es\/wp-content\/uploads\/sites\/12\/2025\/03\/474591997_10231480374091459_5977821584942016476_n-400x400.jpg 400w, https:\/\/static-blogs.diariosur.es\/wp-content\/uploads\/sites\/12\/2025\/03\/474591997_10231480374091459_5977821584942016476_n-408x408.jpg 408w, https:\/\/static-blogs.diariosur.es\/wp-content\/uploads\/sites\/12\/2025\/03\/474591997_10231480374091459_5977821584942016476_n-768x768.jpg 768w, https:\/\/static-blogs.diariosur.es\/wp-content\/uploads\/sites\/12\/2025\/03\/474591997_10231480374091459_5977821584942016476_n.jpg 1000w\" sizes=\"(max-width: 150px) 100vw, 150px\" \/><\/a><\/p>\n<p data-pm-slice=\"1 1 []\">Muy buenos d\u00edas, amigos de la meteo. La lluvia sigue de protagonista en algunos puntos de la provincia malague\u00f1a; destaca M\u00e1laga Aeropuerto con 16 mm, Casarabonela 16,3 mm, Oj\u00e9n 12,7 mm, Pujerra 11 mm, Co\u00edn 11 mm y Benalm\u00e1dena Arroyo de la Miel 14 mm. En otras zonas de la provincia han rondado entre 1 mm y 8 mm.<\/p>\n<p>Os paso este video que he grabado a las ocho de la ma\u00f1ana en mi portal.<\/p>\n<p>&nbsp;<\/p>\n<p><iframe loading=\"lazy\" title=\"Sigue lloviendo hoy domingo 3 de marzo  en M\u00e1laga capital\" width=\"500\" height=\"281\" src=\"https:\/\/www.youtube.com\/embed\/5TUU1-QP_4o?feature=oembed\" frameborder=\"0\" allow=\"accelerometer; autoplay; clipboard-write; encrypted-media; gyroscope; picture-in-picture; web-share\" referrerpolicy=\"strict-origin-when-cross-origin\" allowfullscreen><\/iframe><\/p>\n<p>&nbsp;<\/p>\n<p>&nbsp;<\/p>\n<p>&nbsp;<\/p>\n<p data-pm-slice=\"1 1 []\"><strong>El tiempo ma\u00f1ana lunes en la provincia de M\u00e1laga. Se activa el aviso amarillo por lluvias.<\/strong><\/p>\n<p>Reedito, aviso naranja en Sol y Guadalhorce. Precipitaci\u00f3n acumulada en 12 horas: 80 mm. Estos acumulados son m\u00e1s probables en la parte occidental de la comarca.<\/p>\n<p>Ma\u00f1ana lunes la Aemet activa el aviso amarillo por lluvias en Sol y Guadalhorce, zona m\u00e1s occidental. Os pongo el comentario.<\/p>\n<p><strong>Precipitaci\u00f3n acumulada en una hora: 20 mm. Los avisos se refieren a la parte occidental de la comarca.<\/strong><\/p>\n<p><strong>Precipitaci\u00f3n acumulada en 12 horas: 70 mm. Los avisos se refieren a la parte occidental de la comarca.<\/strong><\/p>\n<p>En toda la provincia no llover\u00e1 igual, en unas zonas m\u00e1s y en otras menos.<\/p>\n<p>&nbsp;<\/p>\n<p>&nbsp;<\/p>\n<p><a href=\"https:\/\/static-blogs.diariosur.es\/wp-content\/uploads\/sites\/12\/2025\/03\/Captura-de-pantalla-2025-03-02-081612.jpg\"><img loading=\"lazy\" class=\"aligncenter size-full wp-image-43667\" src=\"https:\/\/static-blogs.diariosur.es\/wp-content\/uploads\/sites\/12\/2025\/03\/Captura-de-pantalla-2025-03-02-081612.jpg\" alt=\"\" width=\"1050\" height=\"819\" srcset=\"https:\/\/static-blogs.diariosur.es\/wp-content\/uploads\/sites\/12\/2025\/03\/Captura-de-pantalla-2025-03-02-081612.jpg 1050w, https:\/\/static-blogs.diariosur.es\/wp-content\/uploads\/sites\/12\/2025\/03\/Captura-de-pantalla-2025-03-02-081612-513x400.jpg 513w, https:\/\/static-blogs.diariosur.es\/wp-content\/uploads\/sites\/12\/2025\/03\/Captura-de-pantalla-2025-03-02-081612-523x408.jpg 523w, https:\/\/static-blogs.diariosur.es\/wp-content\/uploads\/sites\/12\/2025\/03\/Captura-de-pantalla-2025-03-02-081612-768x599.jpg 768w\" sizes=\"(max-width: 1050px) 100vw, 1050px\" \/><\/a><\/p>\n<p>&nbsp;<\/p>\n<p data-pm-slice=\"1 1 []\"><strong>Os doy una probable buena noticia para la semana entrante. Entre el jueves y el domingo podemos tener buenos acumulados de lluvias en toda la provincia de M\u00e1laga. Una probable borrasca de la de antes (no DANA) dar\u00eda un buen empuj\u00f3n a los embalses malague\u00f1os. Ojal\u00e1 se cumpla.\u00a0<\/strong><\/p>\n<p>&nbsp;<\/p>\n","protected":false},"excerpt":{"rendered":"<p>Muy buenos d\u00edas, amigos de la meteo. La lluvia sigue de protagonista en algunos puntos de la provincia malague\u00f1a; destaca M\u00e1laga Aeropuerto con 16 mm, Casarabonela 16,3 mm, Oj\u00e9n 12,7 mm, Pujerra 11 mm, Co\u00edn 11 mm y Benalm\u00e1dena Arroyo de la Miel 14 mm. En otras zonas de la provincia han rondado entre 1 [&hellip;]<\/p>\n","protected":false},"author":16,"featured_media":43668,"comment_status":"open","ping_status":"open","sticky":false,"template":"","format":"standard","meta":[],"categories":[2],"tags":[94,151,358,569,587,800],"_links":{"self":[{"href":"https:\/\/blogs.diariosur.es\/tormentas-y-rayos\/wp-json\/wp\/v2\/posts\/43664"}],"collection":[{"href":"https:\/\/blogs.diariosur.es\/tormentas-y-rayos\/wp-json\/wp\/v2\/posts"}],"about":[{"href":"https:\/\/blogs.diariosur.es\/tormentas-y-rayos\/wp-json\/wp\/v2\/types\/post"}],"author":[{"embeddable":true,"href":"https:\/\/blogs.diariosur.es\/tormentas-y-rayos\/wp-json\/wp\/v2\/users\/16"}],"replies":[{"embeddable":true,"href":"https:\/\/blogs.diariosur.es\/tormentas-y-rayos\/wp-json\/wp\/v2\/comments?post=43664"}],"version-history":[{"count":9,"href":"https:\/\/blogs.diariosur.es\/tormentas-y-rayos\/wp-json\/wp\/v2\/posts\/43664\/revisions"}],"predecessor-version":[{"id":46729,"href":"https:\/\/blogs.diariosur.es\/tormentas-y-rayos\/wp-json\/wp\/v2\/posts\/43664\/revisions\/46729"}],"wp:featuredmedia":[{"embeddable":true,"href":"https:\/\/blogs.diariosur.es\/tormentas-y-rayos\/wp-json\/wp\/v2\/media\/43668"}],"wp:attachment":[{"href":"https:\/\/blogs.diariosur.es\/tormentas-y-rayos\/wp-json\/wp\/v2\/media?parent=43664"}],"wp:term":[{"taxonomy":"category","embeddable":true,"href":"https:\/\/blogs.diariosur.es\/tormentas-y-rayos\/wp-json\/wp\/v2\/categories?post=43664"},{"taxonomy":"post_tag","embeddable":true,"href":"https:\/\/blogs.diariosur.es\/tormentas-y-rayos\/wp-json\/wp\/v2\/tags?post=43664"}],"curies":[{"name":"wp","href":"https:\/\/api.w.org\/{rel}","templated":true}]}}