{"id":43695,"date":"2025-03-05T08:18:22","date_gmt":"2025-03-05T07:18:22","guid":{"rendered":"https:\/\/blogs.diariosur.es\/tormentas-y-rayos\/?p=43695"},"modified":"2025-10-06T09:50:01","modified_gmt":"2025-10-06T07:50:01","slug":"acumulados-de-precipitacion-desde-hoy-miercoles-al-martes-en-la-provincia-malaguena-umbrales-para-activar-los-avisos-la-aemet","status":"publish","type":"post","link":"https:\/\/blogs.diariosur.es\/tormentas-y-rayos\/2025\/03\/05\/acumulados-de-precipitacion-desde-hoy-miercoles-al-martes-en-la-provincia-malaguena-umbrales-para-activar-los-avisos-la-aemet\/","title":{"rendered":"Acumulados de precipitaci\u00f3n desde hoy mi\u00e9rcoles al martes en la provincia malague\u00f1a. Umbrales para activar los avisos la Aemet"},"content":{"rendered":"<p><a href=\"https:\/\/static-blogs.diariosur.es\/wp-content\/uploads\/sites\/12\/2025\/03\/474591997_10231480374091459_5977821584942016476_n.jpg\"><img loading=\"lazy\" class=\"aligncenter size-thumbnail wp-image-43666\" src=\"https:\/\/static-blogs.diariosur.es\/wp-content\/uploads\/sites\/12\/2025\/03\/474591997_10231480374091459_5977821584942016476_n-150x150.jpg\" alt=\"\" width=\"150\" height=\"150\" srcset=\"https:\/\/static-blogs.diariosur.es\/wp-content\/uploads\/sites\/12\/2025\/03\/474591997_10231480374091459_5977821584942016476_n-150x150.jpg 150w, https:\/\/static-blogs.diariosur.es\/wp-content\/uploads\/sites\/12\/2025\/03\/474591997_10231480374091459_5977821584942016476_n-400x400.jpg 400w, https:\/\/static-blogs.diariosur.es\/wp-content\/uploads\/sites\/12\/2025\/03\/474591997_10231480374091459_5977821584942016476_n-408x408.jpg 408w, https:\/\/static-blogs.diariosur.es\/wp-content\/uploads\/sites\/12\/2025\/03\/474591997_10231480374091459_5977821584942016476_n-768x768.jpg 768w, https:\/\/static-blogs.diariosur.es\/wp-content\/uploads\/sites\/12\/2025\/03\/474591997_10231480374091459_5977821584942016476_n.jpg 1000w\" sizes=\"(max-width: 150px) 100vw, 150px\" \/><\/a><\/p>\n<p data-pm-slice=\"1 1 []\">Buenos d\u00edas, amigos de la meteo. Las gotillas que caen ahora mismo en M\u00e1laga capital vienen acompa\u00f1adas de barro. No os asust\u00e9is, que no pasar\u00e1 como en marzo de 2022. Al final del post os hablo de los umbrales y avisos de la Aemet.<\/p>\n<p>A petici\u00f3n de muchos de vosotros, os pongo los acumulados de precipitaci\u00f3n probables de distintos modelos desde hoy mi\u00e9rcoles 5 al martes 11. Recordar que la porra que he hecho son estos d\u00edas los que entran. Ojal\u00e1 se cumpla.<\/p>\n<p><strong>MODELO EUROPEO<\/strong><\/p>\n<p>&nbsp;<\/p>\n<p>&nbsp;<\/p>\n<p><a href=\"https:\/\/static-blogs.diariosur.es\/wp-content\/uploads\/sites\/12\/2025\/03\/1-EUROPEO.jpg\"><img loading=\"lazy\" class=\"aligncenter size-full wp-image-43702\" src=\"https:\/\/static-blogs.diariosur.es\/wp-content\/uploads\/sites\/12\/2025\/03\/1-EUROPEO.jpg\" alt=\"\" width=\"1140\" height=\"1180\" srcset=\"https:\/\/static-blogs.diariosur.es\/wp-content\/uploads\/sites\/12\/2025\/03\/1-EUROPEO.jpg 1140w, https:\/\/static-blogs.diariosur.es\/wp-content\/uploads\/sites\/12\/2025\/03\/1-EUROPEO-386x400.jpg 386w, https:\/\/static-blogs.diariosur.es\/wp-content\/uploads\/sites\/12\/2025\/03\/1-EUROPEO-394x408.jpg 394w, https:\/\/static-blogs.diariosur.es\/wp-content\/uploads\/sites\/12\/2025\/03\/1-EUROPEO-768x795.jpg 768w\" sizes=\"(max-width: 1140px) 100vw, 1140px\" \/><\/a><\/p>\n<p><strong>MODELO REINO UNIDO<\/strong><\/p>\n<p>&nbsp;<\/p>\n<p><a href=\"https:\/\/static-blogs.diariosur.es\/wp-content\/uploads\/sites\/12\/2025\/03\/5-REINO-UNIDO.jpg\"><img loading=\"lazy\" class=\"aligncenter size-full wp-image-43701\" src=\"https:\/\/static-blogs.diariosur.es\/wp-content\/uploads\/sites\/12\/2025\/03\/5-REINO-UNIDO.jpg\" alt=\"\" width=\"1152\" height=\"1218\" srcset=\"https:\/\/static-blogs.diariosur.es\/wp-content\/uploads\/sites\/12\/2025\/03\/5-REINO-UNIDO.jpg 1152w, https:\/\/static-blogs.diariosur.es\/wp-content\/uploads\/sites\/12\/2025\/03\/5-REINO-UNIDO-378x400.jpg 378w, https:\/\/static-blogs.diariosur.es\/wp-content\/uploads\/sites\/12\/2025\/03\/5-REINO-UNIDO-386x408.jpg 386w, https:\/\/static-blogs.diariosur.es\/wp-content\/uploads\/sites\/12\/2025\/03\/5-REINO-UNIDO-768x812.jpg 768w\" sizes=\"(max-width: 1152px) 100vw, 1152px\" \/><\/a><\/p>\n<p>&nbsp;<\/p>\n<p><strong>MODELO AMERICANO<\/strong><\/p>\n<p>&nbsp;<\/p>\n<p><a href=\"https:\/\/static-blogs.diariosur.es\/wp-content\/uploads\/sites\/12\/2025\/03\/2-americano.jpg\"><img loading=\"lazy\" class=\"aligncenter size-full wp-image-43698\" src=\"https:\/\/static-blogs.diariosur.es\/wp-content\/uploads\/sites\/12\/2025\/03\/2-americano.jpg\" alt=\"\" width=\"1137\" height=\"1135\" srcset=\"https:\/\/static-blogs.diariosur.es\/wp-content\/uploads\/sites\/12\/2025\/03\/2-americano.jpg 1137w, https:\/\/static-blogs.diariosur.es\/wp-content\/uploads\/sites\/12\/2025\/03\/2-americano-401x400.jpg 401w, https:\/\/static-blogs.diariosur.es\/wp-content\/uploads\/sites\/12\/2025\/03\/2-americano-409x408.jpg 409w, https:\/\/static-blogs.diariosur.es\/wp-content\/uploads\/sites\/12\/2025\/03\/2-americano-150x150.jpg 150w, https:\/\/static-blogs.diariosur.es\/wp-content\/uploads\/sites\/12\/2025\/03\/2-americano-768x767.jpg 768w\" sizes=\"(max-width: 1137px) 100vw, 1137px\" \/><\/a><\/p>\n<p>&nbsp;<\/p>\n<p><strong>MODELO ICONO<\/strong><\/p>\n<p>&nbsp;<\/p>\n<p><a href=\"https:\/\/static-blogs.diariosur.es\/wp-content\/uploads\/sites\/12\/2025\/03\/3-icono.jpg\"><img loading=\"lazy\" class=\"aligncenter size-full wp-image-43699\" src=\"https:\/\/static-blogs.diariosur.es\/wp-content\/uploads\/sites\/12\/2025\/03\/3-icono.jpg\" alt=\"\" width=\"1131\" height=\"1165\" srcset=\"https:\/\/static-blogs.diariosur.es\/wp-content\/uploads\/sites\/12\/2025\/03\/3-icono.jpg 1131w, https:\/\/static-blogs.diariosur.es\/wp-content\/uploads\/sites\/12\/2025\/03\/3-icono-388x400.jpg 388w, https:\/\/static-blogs.diariosur.es\/wp-content\/uploads\/sites\/12\/2025\/03\/3-icono-396x408.jpg 396w, https:\/\/static-blogs.diariosur.es\/wp-content\/uploads\/sites\/12\/2025\/03\/3-icono-768x791.jpg 768w\" sizes=\"(max-width: 1131px) 100vw, 1131px\" \/><\/a><\/p>\n<p>&nbsp;<\/p>\n<p><strong>MODELO CANADIENSE<\/strong><\/p>\n<p>&nbsp;<\/p>\n<p><a href=\"https:\/\/static-blogs.diariosur.es\/wp-content\/uploads\/sites\/12\/2025\/03\/4-canadiense.jpg\"><img loading=\"lazy\" class=\"aligncenter size-full wp-image-43700\" src=\"https:\/\/static-blogs.diariosur.es\/wp-content\/uploads\/sites\/12\/2025\/03\/4-canadiense.jpg\" alt=\"\" width=\"1150\" height=\"1183\" srcset=\"https:\/\/static-blogs.diariosur.es\/wp-content\/uploads\/sites\/12\/2025\/03\/4-canadiense.jpg 1150w, https:\/\/static-blogs.diariosur.es\/wp-content\/uploads\/sites\/12\/2025\/03\/4-canadiense-389x400.jpg 389w, https:\/\/static-blogs.diariosur.es\/wp-content\/uploads\/sites\/12\/2025\/03\/4-canadiense-397x408.jpg 397w, https:\/\/static-blogs.diariosur.es\/wp-content\/uploads\/sites\/12\/2025\/03\/4-canadiense-768x790.jpg 768w\" sizes=\"(max-width: 1150px) 100vw, 1150px\" \/><\/a><\/p>\n<p>&nbsp;<\/p>\n<p>&nbsp;<\/p>\n<p>&nbsp;<\/p>\n<p>Primeramente, comentaros que la aemet activa avisos, luego los organismos oficiales activan alertas y fases de emergencia ante el riesgo de inundaciones, temperaturas, viento, fen\u00f3menos costeros.<\/p>\n<ul>\n<li><strong>Nivel amarillo<\/strong>: el peligro es bajo, pero los bienes y la poblaci\u00f3n vulnerables o en zonas expuestas al FMA podr\u00edan sufrir algunos impactos.<\/li>\n<\/ul>\n<p>Recomendaci\u00f3n: EST\u00c9 ATENTO. Mant\u00e9ngase informado de la predicci\u00f3n meteorol\u00f3gica m\u00e1s actualizada. Se pueden producir da\u00f1os moderados a personas y bienes, especialmente aquellos vulnerables o en zonas expuestas al fen\u00f3meno.<\/p>\n<ul>\n<li><strong>Nivel naranja<\/strong>: el peligro es importante. Los bienes y la poblaci\u00f3n vulnerables o en zonas expuestas podr\u00edan sufrir impactos graves.<\/li>\n<\/ul>\n<p>Recomendaci\u00f3n: EST\u00c9 PREPARADO. Tome precauciones y mant\u00e9ngase informado de la predicci\u00f3n meteorol\u00f3gica m\u00e1s actualizada. Se pueden producir da\u00f1os graves a personas y bienes, especialmente aquellos vulnerables o en zonas expuestas al fen\u00f3meno.<\/p>\n<ul>\n<li><strong>Nivel rojo<\/strong>: el peligro es extraordinario. Los bienes y la poblaci\u00f3n vulnerables o en zonas expuestas podr\u00edan sufrir impactos muy graves o catastr\u00f3ficos.<\/li>\n<\/ul>\n<p>Recomendaci\u00f3n: Tome medidas preventivas y ACT\u00daE seg\u00fan las indicaciones de las autoridades. Mant\u00e9ngase informado de la predicci\u00f3n meteorol\u00f3gica m\u00e1s actualizada. No viaje salvo que sea estrictamente necesario. Se pueden producir da\u00f1os muy graves o catastr\u00f3ficos a personas y bienes, especialmente aquellos vulnerables o en zonas expuestas al fen\u00f3meno.<\/p>\n<p>Si no pod\u00e9is ver la captura de los umbrales, pinchar en el enlace. Es muy interesante<\/p>\n<h3><a href=\"https:\/\/www.aemet.es\/documentos\/es\/eltiempo\/prediccion\/avisos\/plan_meteoalerta\/METEOALERTA_ANX1_Umbrales_y_niveles_de_aviso.pdf\" rel=\"external nofollow\"><strong>Umbrales para activar los avisos la Aemet<\/strong><\/a><\/h3>\n<p><a href=\"https:\/\/static-blogs.diariosur.es\/wp-content\/uploads\/sites\/12\/2025\/03\/umbrales-e1741153797287.jpg\"><img loading=\"lazy\" class=\"aligncenter size-full wp-image-43696\" src=\"https:\/\/static-blogs.diariosur.es\/wp-content\/uploads\/sites\/12\/2025\/03\/umbrales-e1741153797287.jpg\" alt=\"\" width=\"1200\" height=\"1131\" \/><\/a><\/p>\n<p>&nbsp;<\/p>\n<p>Os dejo con esta graciosa foto que ha hecho mi amigo Crist\u00f3bal Gambero<\/p>\n<p>&nbsp;<\/p>\n<p><a href=\"https:\/\/static-blogs.diariosur.es\/wp-content\/uploads\/sites\/12\/2025\/03\/480916094_9188255471223365_177124139631805440_n.jpg\"><img loading=\"lazy\" class=\"aligncenter size-full wp-image-43703\" src=\"https:\/\/static-blogs.diariosur.es\/wp-content\/uploads\/sites\/12\/2025\/03\/480916094_9188255471223365_177124139631805440_n.jpg\" alt=\"\" width=\"1170\" height=\"882\" srcset=\"https:\/\/static-blogs.diariosur.es\/wp-content\/uploads\/sites\/12\/2025\/03\/480916094_9188255471223365_177124139631805440_n.jpg 1170w, https:\/\/static-blogs.diariosur.es\/wp-content\/uploads\/sites\/12\/2025\/03\/480916094_9188255471223365_177124139631805440_n-531x400.jpg 531w, https:\/\/static-blogs.diariosur.es\/wp-content\/uploads\/sites\/12\/2025\/03\/480916094_9188255471223365_177124139631805440_n-541x408.jpg 541w, https:\/\/static-blogs.diariosur.es\/wp-content\/uploads\/sites\/12\/2025\/03\/480916094_9188255471223365_177124139631805440_n-768x579.jpg 768w\" sizes=\"(max-width: 1170px) 100vw, 1170px\" \/><\/a><\/p>\n","protected":false},"excerpt":{"rendered":"<p>Buenos d\u00edas, amigos de la meteo. Las gotillas que caen ahora mismo en M\u00e1laga capital vienen acompa\u00f1adas de barro. No os asust\u00e9is, que no pasar\u00e1 como en marzo de 2022. Al final del post os hablo de los umbrales y avisos de la Aemet. A petici\u00f3n de muchos de vosotros, os pongo los acumulados de [&hellip;]<\/p>\n","protected":false},"author":16,"featured_media":43703,"comment_status":"open","ping_status":"open","sticky":false,"template":"","format":"standard","meta":[],"categories":[2],"tags":[1093,94,151,358,569,587],"_links":{"self":[{"href":"https:\/\/blogs.diariosur.es\/tormentas-y-rayos\/wp-json\/wp\/v2\/posts\/43695"}],"collection":[{"href":"https:\/\/blogs.diariosur.es\/tormentas-y-rayos\/wp-json\/wp\/v2\/posts"}],"about":[{"href":"https:\/\/blogs.diariosur.es\/tormentas-y-rayos\/wp-json\/wp\/v2\/types\/post"}],"author":[{"embeddable":true,"href":"https:\/\/blogs.diariosur.es\/tormentas-y-rayos\/wp-json\/wp\/v2\/users\/16"}],"replies":[{"embeddable":true,"href":"https:\/\/blogs.diariosur.es\/tormentas-y-rayos\/wp-json\/wp\/v2\/comments?post=43695"}],"version-history":[{"count":3,"href":"https:\/\/blogs.diariosur.es\/tormentas-y-rayos\/wp-json\/wp\/v2\/posts\/43695\/revisions"}],"predecessor-version":[{"id":46723,"href":"https:\/\/blogs.diariosur.es\/tormentas-y-rayos\/wp-json\/wp\/v2\/posts\/43695\/revisions\/46723"}],"wp:featuredmedia":[{"embeddable":true,"href":"https:\/\/blogs.diariosur.es\/tormentas-y-rayos\/wp-json\/wp\/v2\/media\/43703"}],"wp:attachment":[{"href":"https:\/\/blogs.diariosur.es\/tormentas-y-rayos\/wp-json\/wp\/v2\/media?parent=43695"}],"wp:term":[{"taxonomy":"category","embeddable":true,"href":"https:\/\/blogs.diariosur.es\/tormentas-y-rayos\/wp-json\/wp\/v2\/categories?post=43695"},{"taxonomy":"post_tag","embeddable":true,"href":"https:\/\/blogs.diariosur.es\/tormentas-y-rayos\/wp-json\/wp\/v2\/tags?post=43695"}],"curies":[{"name":"wp","href":"https:\/\/api.w.org\/{rel}","templated":true}]}}