{"id":43716,"date":"2025-03-06T12:42:18","date_gmt":"2025-03-06T11:42:18","guid":{"rendered":"https:\/\/blogs.diariosur.es\/tormentas-y-rayos\/?p=43716"},"modified":"2025-10-06T09:48:36","modified_gmt":"2025-10-06T07:48:36","slug":"ultima-hora-se-activa-el-aviso-amarilllo-por-lluvias-el-sabado-en-yoda-la-provincia-malaguena","status":"publish","type":"post","link":"https:\/\/blogs.diariosur.es\/tormentas-y-rayos\/2025\/03\/06\/ultima-hora-se-activa-el-aviso-amarilllo-por-lluvias-el-sabado-en-yoda-la-provincia-malaguena\/","title":{"rendered":"\u00daltima hora. Se activa el aviso amarillo por lluvias el sab\u00e1do en toda la provincia malague\u00f1a."},"content":{"rendered":"<p><a href=\"https:\/\/static-blogs.diariosur.es\/wp-content\/uploads\/sites\/12\/2025\/03\/474591997_10231480374091459_5977821584942016476_n.jpg\"><img loading=\"lazy\" class=\"aligncenter size-thumbnail wp-image-43666\" src=\"https:\/\/static-blogs.diariosur.es\/wp-content\/uploads\/sites\/12\/2025\/03\/474591997_10231480374091459_5977821584942016476_n-150x150.jpg\" alt=\"\" width=\"150\" height=\"150\" srcset=\"https:\/\/static-blogs.diariosur.es\/wp-content\/uploads\/sites\/12\/2025\/03\/474591997_10231480374091459_5977821584942016476_n-150x150.jpg 150w, https:\/\/static-blogs.diariosur.es\/wp-content\/uploads\/sites\/12\/2025\/03\/474591997_10231480374091459_5977821584942016476_n-400x400.jpg 400w, https:\/\/static-blogs.diariosur.es\/wp-content\/uploads\/sites\/12\/2025\/03\/474591997_10231480374091459_5977821584942016476_n-408x408.jpg 408w, https:\/\/static-blogs.diariosur.es\/wp-content\/uploads\/sites\/12\/2025\/03\/474591997_10231480374091459_5977821584942016476_n-768x768.jpg 768w, https:\/\/static-blogs.diariosur.es\/wp-content\/uploads\/sites\/12\/2025\/03\/474591997_10231480374091459_5977821584942016476_n.jpg 1000w\" sizes=\"(max-width: 150px) 100vw, 150px\" \/><\/a><\/p>\n<p>Buenas tardes, amigos de la meteo. Muy buenas noticias para el s\u00e1bado.<\/p>\n<p>Se activa el aviso amarillo en toda la provincia malague\u00f1a.<\/p>\n<p>Precipitaci\u00f3n acumulada en una hora: 20 mm. Las precipitaciones ir\u00e1n acompa\u00f1adas de tormentas.<\/p>\n<p>Precipitaci\u00f3n acumulada en 12 horas: 60 mm. Las precipitaciones ir\u00e1n acompa\u00f1adas de tormentas.<\/p>\n<p>&nbsp;<\/p>\n<p>&nbsp;<\/p>\n<p>&nbsp;<\/p>\n","protected":false},"excerpt":{"rendered":"<p>Buenas tardes, amigos de la meteo. Muy buenas noticias para el s\u00e1bado. Se activa el aviso amarillo en toda la provincia malague\u00f1a. Precipitaci\u00f3n acumulada en una hora: 20 mm. Las precipitaciones ir\u00e1n acompa\u00f1adas de tormentas. Precipitaci\u00f3n acumulada en 12 horas: 60 mm. Las precipitaciones ir\u00e1n acompa\u00f1adas de tormentas. &nbsp; &nbsp; &nbsp;<\/p>\n","protected":false},"author":16,"featured_media":43369,"comment_status":"open","ping_status":"open","sticky":false,"template":"","format":"standard","meta":[],"categories":[2],"tags":[],"_links":{"self":[{"href":"https:\/\/blogs.diariosur.es\/tormentas-y-rayos\/wp-json\/wp\/v2\/posts\/43716"}],"collection":[{"href":"https:\/\/blogs.diariosur.es\/tormentas-y-rayos\/wp-json\/wp\/v2\/posts"}],"about":[{"href":"https:\/\/blogs.diariosur.es\/tormentas-y-rayos\/wp-json\/wp\/v2\/types\/post"}],"author":[{"embeddable":true,"href":"https:\/\/blogs.diariosur.es\/tormentas-y-rayos\/wp-json\/wp\/v2\/users\/16"}],"replies":[{"embeddable":true,"href":"https:\/\/blogs.diariosur.es\/tormentas-y-rayos\/wp-json\/wp\/v2\/comments?post=43716"}],"version-history":[{"count":3,"href":"https:\/\/blogs.diariosur.es\/tormentas-y-rayos\/wp-json\/wp\/v2\/posts\/43716\/revisions"}],"predecessor-version":[{"id":46722,"href":"https:\/\/blogs.diariosur.es\/tormentas-y-rayos\/wp-json\/wp\/v2\/posts\/43716\/revisions\/46722"}],"wp:featuredmedia":[{"embeddable":true,"href":"https:\/\/blogs.diariosur.es\/tormentas-y-rayos\/wp-json\/wp\/v2\/media\/43369"}],"wp:attachment":[{"href":"https:\/\/blogs.diariosur.es\/tormentas-y-rayos\/wp-json\/wp\/v2\/media?parent=43716"}],"wp:term":[{"taxonomy":"category","embeddable":true,"href":"https:\/\/blogs.diariosur.es\/tormentas-y-rayos\/wp-json\/wp\/v2\/categories?post=43716"},{"taxonomy":"post_tag","embeddable":true,"href":"https:\/\/blogs.diariosur.es\/tormentas-y-rayos\/wp-json\/wp\/v2\/tags?post=43716"}],"curies":[{"name":"wp","href":"https:\/\/api.w.org\/{rel}","templated":true}]}}