{"id":43719,"date":"2025-03-07T07:44:05","date_gmt":"2025-03-07T06:44:05","guid":{"rendered":"https:\/\/blogs.diariosur.es\/tormentas-y-rayos\/?p=43719"},"modified":"2025-03-07T07:46:25","modified_gmt":"2025-03-07T06:46:25","slug":"borrasca-jana-probables-acumulados-de-precipitacion-manana-sabado-en-la-provincia-de-malaga","status":"publish","type":"post","link":"https:\/\/blogs.diariosur.es\/tormentas-y-rayos\/2025\/03\/07\/borrasca-jana-probables-acumulados-de-precipitacion-manana-sabado-en-la-provincia-de-malaga\/","title":{"rendered":"Borrasca Jana. Probables acumulados de precipitaciones ma\u00f1ana s\u00e1bado en la provincia de M\u00e1laga"},"content":{"rendered":"<p><a href=\"https:\/\/static-blogs.diariosur.es\/wp-content\/uploads\/sites\/12\/2025\/03\/474591997_10231480374091459_5977821584942016476_n.jpg\"><img loading=\"lazy\" class=\"aligncenter size-thumbnail wp-image-43666\" src=\"https:\/\/static-blogs.diariosur.es\/wp-content\/uploads\/sites\/12\/2025\/03\/474591997_10231480374091459_5977821584942016476_n-150x150.jpg\" alt=\"\" width=\"150\" height=\"150\" srcset=\"https:\/\/static-blogs.diariosur.es\/wp-content\/uploads\/sites\/12\/2025\/03\/474591997_10231480374091459_5977821584942016476_n-150x150.jpg 150w, https:\/\/static-blogs.diariosur.es\/wp-content\/uploads\/sites\/12\/2025\/03\/474591997_10231480374091459_5977821584942016476_n-400x400.jpg 400w, https:\/\/static-blogs.diariosur.es\/wp-content\/uploads\/sites\/12\/2025\/03\/474591997_10231480374091459_5977821584942016476_n-408x408.jpg 408w, https:\/\/static-blogs.diariosur.es\/wp-content\/uploads\/sites\/12\/2025\/03\/474591997_10231480374091459_5977821584942016476_n-768x768.jpg 768w, https:\/\/static-blogs.diariosur.es\/wp-content\/uploads\/sites\/12\/2025\/03\/474591997_10231480374091459_5977821584942016476_n.jpg 1000w\" sizes=\"(max-width: 150px) 100vw, 150px\" \/><\/a><\/p>\n<p>Buenos d\u00edas, amigos de la meteo. Antes de poneros los acumulados previstos para ma\u00f1ana s\u00e1bado, os informo que el Embalse de la Concepci\u00f3n esta al<span style=\"color: #ff0000;\"><strong> 81%<\/strong><\/span> y el Conde del Guadalhorce al <span style=\"color: #ff0000;\">79,2%<\/span>. Pero como siempre digo: hay que tener precauci\u00f3n porque a\u00fan no hemos salido de la sequia, esperemos que cuando termine el mes, la Vi\u00f1uela, Guadalteba y Gudalhorce tengan una buena subida, estoy convencido que si. Me apuesto dejarme el bigote jijijij<\/p>\n<p>Por fin nos afectara una borrasca atl\u00e1ntica con vientos muy h\u00famedos y frentes muy jugosos que regaran toda la provincia de M\u00e1laga y buena parte de nuestra comunidad. Pero lo mejor es que la pr\u00f3xima semana tambi\u00e9n hay probabilidad de precipitaciones, nuevas borrascas atl\u00e1nticas nos traer\u00e1n las ansiadas lluvias.<\/p>\n<p>Mapa de superficie previsto por la aemet para ma\u00f1ana.<\/p>\n<p>&nbsp;<\/p>\n<p><a href=\"https:\/\/static-blogs.diariosur.es\/wp-content\/uploads\/sites\/12\/2025\/03\/2025030612048_ww_g1x0a2d2-e1741326928625.gif\"><img loading=\"lazy\" class=\"aligncenter size-full wp-image-43720\" src=\"https:\/\/static-blogs.diariosur.es\/wp-content\/uploads\/sites\/12\/2025\/03\/2025030612048_ww_g1x0a2d2-e1741326928625.gif\" alt=\"\" width=\"1000\" height=\"700\" \/><\/a><\/p>\n<p>&nbsp;<\/p>\n<p>Os pongo los probables acumulados previstos de distintos modelos.<\/p>\n<p><strong>Europeo<\/strong><\/p>\n<p>&nbsp;<\/p>\n<p><a href=\"https:\/\/static-blogs.diariosur.es\/wp-content\/uploads\/sites\/12\/2025\/03\/europeo-1.jpg\"><img loading=\"lazy\" class=\"aligncenter size-full wp-image-43721\" src=\"https:\/\/static-blogs.diariosur.es\/wp-content\/uploads\/sites\/12\/2025\/03\/europeo-1.jpg\" alt=\"\" width=\"1143\" height=\"1249\" srcset=\"https:\/\/static-blogs.diariosur.es\/wp-content\/uploads\/sites\/12\/2025\/03\/europeo-1.jpg 1143w, https:\/\/static-blogs.diariosur.es\/wp-content\/uploads\/sites\/12\/2025\/03\/europeo-1-366x400.jpg 366w, https:\/\/static-blogs.diariosur.es\/wp-content\/uploads\/sites\/12\/2025\/03\/europeo-1-373x408.jpg 373w, https:\/\/static-blogs.diariosur.es\/wp-content\/uploads\/sites\/12\/2025\/03\/europeo-1-768x839.jpg 768w\" sizes=\"(max-width: 1143px) 100vw, 1143px\" \/><\/a><\/p>\n<p>&nbsp;<\/p>\n<p><strong>Americano<\/strong><\/p>\n<p><a href=\"https:\/\/static-blogs.diariosur.es\/wp-content\/uploads\/sites\/12\/2025\/03\/americano-1.jpg\"><img loading=\"lazy\" class=\"aligncenter size-full wp-image-43722\" src=\"https:\/\/static-blogs.diariosur.es\/wp-content\/uploads\/sites\/12\/2025\/03\/americano-1.jpg\" alt=\"\" width=\"1143\" height=\"1201\" srcset=\"https:\/\/static-blogs.diariosur.es\/wp-content\/uploads\/sites\/12\/2025\/03\/americano-1.jpg 1143w, https:\/\/static-blogs.diariosur.es\/wp-content\/uploads\/sites\/12\/2025\/03\/americano-1-381x400.jpg 381w, https:\/\/static-blogs.diariosur.es\/wp-content\/uploads\/sites\/12\/2025\/03\/americano-1-388x408.jpg 388w, https:\/\/static-blogs.diariosur.es\/wp-content\/uploads\/sites\/12\/2025\/03\/americano-1-768x807.jpg 768w\" sizes=\"(max-width: 1143px) 100vw, 1143px\" \/><\/a><\/p>\n<p><strong>Arpegio<\/strong><\/p>\n<p><a href=\"https:\/\/static-blogs.diariosur.es\/wp-content\/uploads\/sites\/12\/2025\/03\/arpegio-1.jpg\"><img loading=\"lazy\" class=\"aligncenter size-full wp-image-43723\" src=\"https:\/\/static-blogs.diariosur.es\/wp-content\/uploads\/sites\/12\/2025\/03\/arpegio-1.jpg\" alt=\"\" width=\"1155\" height=\"1197\" srcset=\"https:\/\/static-blogs.diariosur.es\/wp-content\/uploads\/sites\/12\/2025\/03\/arpegio-1.jpg 1155w, https:\/\/static-blogs.diariosur.es\/wp-content\/uploads\/sites\/12\/2025\/03\/arpegio-1-386x400.jpg 386w, https:\/\/static-blogs.diariosur.es\/wp-content\/uploads\/sites\/12\/2025\/03\/arpegio-1-394x408.jpg 394w, https:\/\/static-blogs.diariosur.es\/wp-content\/uploads\/sites\/12\/2025\/03\/arpegio-1-768x796.jpg 768w\" sizes=\"(max-width: 1155px) 100vw, 1155px\" \/><\/a><\/p>\n<p><strong>Icono<\/strong><\/p>\n<p><a href=\"https:\/\/static-blogs.diariosur.es\/wp-content\/uploads\/sites\/12\/2025\/03\/icono-1.jpg\"><img loading=\"lazy\" class=\"aligncenter size-full wp-image-43724\" src=\"https:\/\/static-blogs.diariosur.es\/wp-content\/uploads\/sites\/12\/2025\/03\/icono-1.jpg\" alt=\"\" width=\"1150\" height=\"1179\" srcset=\"https:\/\/static-blogs.diariosur.es\/wp-content\/uploads\/sites\/12\/2025\/03\/icono-1.jpg 1150w, https:\/\/static-blogs.diariosur.es\/wp-content\/uploads\/sites\/12\/2025\/03\/icono-1-390x400.jpg 390w, https:\/\/static-blogs.diariosur.es\/wp-content\/uploads\/sites\/12\/2025\/03\/icono-1-398x408.jpg 398w, https:\/\/static-blogs.diariosur.es\/wp-content\/uploads\/sites\/12\/2025\/03\/icono-1-768x787.jpg 768w\" sizes=\"(max-width: 1150px) 100vw, 1150px\" \/><\/a><\/p>\n<p><strong>Reino Unido<\/strong><\/p>\n<p><a href=\"https:\/\/static-blogs.diariosur.es\/wp-content\/uploads\/sites\/12\/2025\/03\/reino-unido-1.jpg\"><img loading=\"lazy\" class=\"aligncenter size-full wp-image-43726\" src=\"https:\/\/static-blogs.diariosur.es\/wp-content\/uploads\/sites\/12\/2025\/03\/reino-unido-1.jpg\" alt=\"\" width=\"1149\" height=\"1227\" srcset=\"https:\/\/static-blogs.diariosur.es\/wp-content\/uploads\/sites\/12\/2025\/03\/reino-unido-1.jpg 1149w, https:\/\/static-blogs.diariosur.es\/wp-content\/uploads\/sites\/12\/2025\/03\/reino-unido-1-375x400.jpg 375w, https:\/\/static-blogs.diariosur.es\/wp-content\/uploads\/sites\/12\/2025\/03\/reino-unido-1-382x408.jpg 382w, https:\/\/static-blogs.diariosur.es\/wp-content\/uploads\/sites\/12\/2025\/03\/reino-unido-1-768x820.jpg 768w\" sizes=\"(max-width: 1149px) 100vw, 1149px\" \/><\/a><\/p>\n<p>&nbsp;<\/p>\n<p>Nos vemos ma\u00f1ana con los probables acumulados previstos para el domingo, en esta ocasi\u00f3n ser\u00e1n menos en algunos puntos, pero hay probabilidad que en la Axarqu\u00eda tengan m\u00e1s.<\/p>\n","protected":false},"excerpt":{"rendered":"<p>Buenos d\u00edas, amigos de la meteo. Antes de poneros los acumulados previstos para ma\u00f1ana s\u00e1bado, os informo que el Embalse de la Concepci\u00f3n esta al 81% y el Conde del Guadalhorce al 79,2%. Pero como siempre digo: hay que tener precauci\u00f3n porque a\u00fan no hemos salido de la sequia, esperemos que cuando termine el mes, [&hellip;]<\/p>\n","protected":false},"author":16,"featured_media":43727,"comment_status":"open","ping_status":"open","sticky":false,"template":"","format":"standard","meta":[],"categories":[2],"tags":[94,151,188,358,2000,587,800],"_links":{"self":[{"href":"https:\/\/blogs.diariosur.es\/tormentas-y-rayos\/wp-json\/wp\/v2\/posts\/43719"}],"collection":[{"href":"https:\/\/blogs.diariosur.es\/tormentas-y-rayos\/wp-json\/wp\/v2\/posts"}],"about":[{"href":"https:\/\/blogs.diariosur.es\/tormentas-y-rayos\/wp-json\/wp\/v2\/types\/post"}],"author":[{"embeddable":true,"href":"https:\/\/blogs.diariosur.es\/tormentas-y-rayos\/wp-json\/wp\/v2\/users\/16"}],"replies":[{"embeddable":true,"href":"https:\/\/blogs.diariosur.es\/tormentas-y-rayos\/wp-json\/wp\/v2\/comments?post=43719"}],"version-history":[{"count":3,"href":"https:\/\/blogs.diariosur.es\/tormentas-y-rayos\/wp-json\/wp\/v2\/posts\/43719\/revisions"}],"predecessor-version":[{"id":43729,"href":"https:\/\/blogs.diariosur.es\/tormentas-y-rayos\/wp-json\/wp\/v2\/posts\/43719\/revisions\/43729"}],"wp:featuredmedia":[{"embeddable":true,"href":"https:\/\/blogs.diariosur.es\/tormentas-y-rayos\/wp-json\/wp\/v2\/media\/43727"}],"wp:attachment":[{"href":"https:\/\/blogs.diariosur.es\/tormentas-y-rayos\/wp-json\/wp\/v2\/media?parent=43719"}],"wp:term":[{"taxonomy":"category","embeddable":true,"href":"https:\/\/blogs.diariosur.es\/tormentas-y-rayos\/wp-json\/wp\/v2\/categories?post=43719"},{"taxonomy":"post_tag","embeddable":true,"href":"https:\/\/blogs.diariosur.es\/tormentas-y-rayos\/wp-json\/wp\/v2\/tags?post=43719"}],"curies":[{"name":"wp","href":"https:\/\/api.w.org\/{rel}","templated":true}]}}