{"id":43730,"date":"2025-03-08T06:35:47","date_gmt":"2025-03-08T05:35:47","guid":{"rendered":"https:\/\/blogs.diariosur.es\/tormentas-y-rayos\/?p=43730"},"modified":"2025-10-06T09:44:58","modified_gmt":"2025-10-06T07:44:58","slug":"probables-acumulados-de-precipitaciones-manana-domingo-en-la-provincia-de-malaga-si-os-duele-la-cabeza-es-por-culpa-de-jana","status":"publish","type":"post","link":"https:\/\/blogs.diariosur.es\/tormentas-y-rayos\/2025\/03\/08\/probables-acumulados-de-precipitaciones-manana-domingo-en-la-provincia-de-malaga-si-os-duele-la-cabeza-es-por-culpa-de-jana\/","title":{"rendered":"Probables acumulados de precipitaciones ma\u00f1ana domingo en la provincia de M\u00e1laga. Si os duele la cabeza es por culpa de Jana"},"content":{"rendered":"<p><a href=\"https:\/\/static-blogs.diariosur.es\/wp-content\/uploads\/sites\/12\/2025\/03\/474591997_10231480374091459_5977821584942016476_n.jpg\"><img loading=\"lazy\" class=\"aligncenter size-thumbnail wp-image-43666\" src=\"https:\/\/static-blogs.diariosur.es\/wp-content\/uploads\/sites\/12\/2025\/03\/474591997_10231480374091459_5977821584942016476_n-150x150.jpg\" alt=\"\" width=\"150\" height=\"150\" srcset=\"https:\/\/static-blogs.diariosur.es\/wp-content\/uploads\/sites\/12\/2025\/03\/474591997_10231480374091459_5977821584942016476_n-150x150.jpg 150w, https:\/\/static-blogs.diariosur.es\/wp-content\/uploads\/sites\/12\/2025\/03\/474591997_10231480374091459_5977821584942016476_n-400x400.jpg 400w, https:\/\/static-blogs.diariosur.es\/wp-content\/uploads\/sites\/12\/2025\/03\/474591997_10231480374091459_5977821584942016476_n-408x408.jpg 408w, https:\/\/static-blogs.diariosur.es\/wp-content\/uploads\/sites\/12\/2025\/03\/474591997_10231480374091459_5977821584942016476_n-768x768.jpg 768w, https:\/\/static-blogs.diariosur.es\/wp-content\/uploads\/sites\/12\/2025\/03\/474591997_10231480374091459_5977821584942016476_n.jpg 1000w\" sizes=\"(max-width: 150px) 100vw, 150px\" \/><\/a><\/p>\n<p>Muy buenos d\u00edas, amigos de la meteo. Que lluvia mas buena ha ca\u00eddo esta pasada madrugada en algunos puntos de la provincia y sobre todo en M\u00e1laga capital. Si os duele la cabeza, es por culpa de la borrasca Jana. Ha bajado la presi\u00f3n mucho en pocas horas.<\/p>\n<p>Y a\u00fan quedan algunas horas mas de lluvia. As\u00ed llovia en mi barrio a las tres de la ma\u00f1ana.<\/p>\n<p>&nbsp;<\/p>\n<p><iframe loading=\"lazy\" title=\"La lluvia protagonista en M\u00e1laga capital hoy s\u00e1bado 8 de marzo\" width=\"500\" height=\"281\" src=\"https:\/\/www.youtube.com\/embed\/vrDmw5fJs1Y?feature=oembed\" frameborder=\"0\" allow=\"accelerometer; autoplay; clipboard-write; encrypted-media; gyroscope; picture-in-picture; web-share\" referrerpolicy=\"strict-origin-when-cross-origin\" allowfullscreen><\/iframe><\/p>\n<p>&nbsp;<\/p>\n<p data-pm-slice=\"1 1 []\"><strong>Os pongo algunos datos m\u00e1s destacados hasta las <\/strong><strong>6 de la ma\u00f1ana<\/strong><strong>.\u00a0<\/strong><\/p>\n<p>Fuente: Aemet, Meteoclimatic, Red Hidrosur y Wunderground.<\/p>\n<p>M\u00e1laga capital Centro Meteorol\u00f3gico 44,2 mm<\/p>\n<p>Torremolinos 20 mm<\/p>\n<p>Alhaur\u00edn el Grande 26 mm<\/p>\n<p>Alhaur\u00edn de la Torre 33 mm<\/p>\n<p>Co\u00edn 17,8 mm<\/p>\n<p>Ist\u00e1n 25,2 mm<\/p>\n<p>Mijas 25 mm<\/p>\n<p>Oj\u00e9n 27 mm<\/p>\n<p>Embalse Casasola: 27,2 mm<\/p>\n<p>Villanueva de la Concepci\u00f3n 40 mm<\/p>\n<p>R\u00edo Benamargosa: 16,7 mm<\/p>\n<p>Embalse de la Concepci\u00f3n: 17,7 mm<\/p>\n<p>Marbella 16,5 mm<\/p>\n<p>El Borge 16 mm<\/p>\n<p>Almachar\u00a016,8<\/p>\n<p>Periana 10 mm<\/p>\n<p>Villanueva del Trabuco 29 mm<\/p>\n<p>Villanueva del Rosario\u00a030 mm<\/p>\n<p>Casabermeja 22 mm<\/p>\n<p>Antequera\u00a012 mm<\/p>\n<p>Alfarnatejo 18 mm<\/p>\n<h3><strong>Probables acumulados de precipitaci\u00f3n ma\u00f1ana domingo.\u00a0<\/strong><\/h3>\n<p>Hay diferencia en acumulados.<\/p>\n<p><strong>Europeo.<\/strong><\/p>\n<p>&nbsp;<\/p>\n<p><a href=\"https:\/\/static-blogs.diariosur.es\/wp-content\/uploads\/sites\/12\/2025\/03\/europeo-2.jpg\"><img loading=\"lazy\" class=\"aligncenter size-full wp-image-43738\" src=\"https:\/\/static-blogs.diariosur.es\/wp-content\/uploads\/sites\/12\/2025\/03\/europeo-2.jpg\" alt=\"\" width=\"1147\" height=\"1177\" srcset=\"https:\/\/static-blogs.diariosur.es\/wp-content\/uploads\/sites\/12\/2025\/03\/europeo-2.jpg 1147w, https:\/\/static-blogs.diariosur.es\/wp-content\/uploads\/sites\/12\/2025\/03\/europeo-2-390x400.jpg 390w, https:\/\/static-blogs.diariosur.es\/wp-content\/uploads\/sites\/12\/2025\/03\/europeo-2-398x408.jpg 398w, https:\/\/static-blogs.diariosur.es\/wp-content\/uploads\/sites\/12\/2025\/03\/europeo-2-768x788.jpg 768w\" sizes=\"(max-width: 1147px) 100vw, 1147px\" \/><\/a><\/p>\n<p><strong>Americano<\/strong><\/p>\n<p>&nbsp;<\/p>\n<p><a href=\"https:\/\/static-blogs.diariosur.es\/wp-content\/uploads\/sites\/12\/2025\/03\/americano-2.jpg\"><img loading=\"lazy\" class=\"aligncenter size-full wp-image-43734\" src=\"https:\/\/static-blogs.diariosur.es\/wp-content\/uploads\/sites\/12\/2025\/03\/americano-2.jpg\" alt=\"\" width=\"1140\" height=\"1237\" srcset=\"https:\/\/static-blogs.diariosur.es\/wp-content\/uploads\/sites\/12\/2025\/03\/americano-2.jpg 1140w, https:\/\/static-blogs.diariosur.es\/wp-content\/uploads\/sites\/12\/2025\/03\/americano-2-369x400.jpg 369w, https:\/\/static-blogs.diariosur.es\/wp-content\/uploads\/sites\/12\/2025\/03\/americano-2-376x408.jpg 376w, https:\/\/static-blogs.diariosur.es\/wp-content\/uploads\/sites\/12\/2025\/03\/americano-2-768x833.jpg 768w\" sizes=\"(max-width: 1140px) 100vw, 1140px\" \/><\/a><\/p>\n<p><strong>Icono<\/strong><\/p>\n<p>&nbsp;<\/p>\n<p><a href=\"https:\/\/static-blogs.diariosur.es\/wp-content\/uploads\/sites\/12\/2025\/03\/icono-2.jpg\"><img loading=\"lazy\" class=\"aligncenter size-full wp-image-43735\" src=\"https:\/\/static-blogs.diariosur.es\/wp-content\/uploads\/sites\/12\/2025\/03\/icono-2.jpg\" alt=\"\" width=\"1143\" height=\"1189\" srcset=\"https:\/\/static-blogs.diariosur.es\/wp-content\/uploads\/sites\/12\/2025\/03\/icono-2.jpg 1143w, https:\/\/static-blogs.diariosur.es\/wp-content\/uploads\/sites\/12\/2025\/03\/icono-2-385x400.jpg 385w, https:\/\/static-blogs.diariosur.es\/wp-content\/uploads\/sites\/12\/2025\/03\/icono-2-392x408.jpg 392w, https:\/\/static-blogs.diariosur.es\/wp-content\/uploads\/sites\/12\/2025\/03\/icono-2-768x799.jpg 768w\" sizes=\"(max-width: 1143px) 100vw, 1143px\" \/><\/a><\/p>\n<p><strong>Arpegio<\/strong><\/p>\n<p>&nbsp;<\/p>\n<p><a href=\"https:\/\/static-blogs.diariosur.es\/wp-content\/uploads\/sites\/12\/2025\/03\/arpegio-2.jpg\"><img loading=\"lazy\" class=\"aligncenter size-full wp-image-43736\" src=\"https:\/\/static-blogs.diariosur.es\/wp-content\/uploads\/sites\/12\/2025\/03\/arpegio-2.jpg\" alt=\"\" width=\"1144\" height=\"1204\" srcset=\"https:\/\/static-blogs.diariosur.es\/wp-content\/uploads\/sites\/12\/2025\/03\/arpegio-2.jpg 1144w, https:\/\/static-blogs.diariosur.es\/wp-content\/uploads\/sites\/12\/2025\/03\/arpegio-2-380x400.jpg 380w, https:\/\/static-blogs.diariosur.es\/wp-content\/uploads\/sites\/12\/2025\/03\/arpegio-2-388x408.jpg 388w, https:\/\/static-blogs.diariosur.es\/wp-content\/uploads\/sites\/12\/2025\/03\/arpegio-2-768x808.jpg 768w\" sizes=\"(max-width: 1144px) 100vw, 1144px\" \/><\/a><\/p>\n<p><strong>Reino Unido<\/strong><\/p>\n<p>&nbsp;<\/p>\n<p><a href=\"https:\/\/static-blogs.diariosur.es\/wp-content\/uploads\/sites\/12\/2025\/03\/reino-unido-2.jpg\"><img loading=\"lazy\" class=\"aligncenter size-full wp-image-43737\" src=\"https:\/\/static-blogs.diariosur.es\/wp-content\/uploads\/sites\/12\/2025\/03\/reino-unido-2.jpg\" alt=\"\" width=\"1137\" height=\"1203\" srcset=\"https:\/\/static-blogs.diariosur.es\/wp-content\/uploads\/sites\/12\/2025\/03\/reino-unido-2.jpg 1137w, https:\/\/static-blogs.diariosur.es\/wp-content\/uploads\/sites\/12\/2025\/03\/reino-unido-2-378x400.jpg 378w, https:\/\/static-blogs.diariosur.es\/wp-content\/uploads\/sites\/12\/2025\/03\/reino-unido-2-386x408.jpg 386w, https:\/\/static-blogs.diariosur.es\/wp-content\/uploads\/sites\/12\/2025\/03\/reino-unido-2-768x813.jpg 768w\" sizes=\"(max-width: 1137px) 100vw, 1137px\" \/><\/a><\/p>\n<p>&nbsp;<\/p>\n<p>&nbsp;<\/p>\n<p>&nbsp;<\/p>\n<p>&nbsp;<\/p>\n<p>&nbsp;<\/p>\n<p>&nbsp;<\/p>\n<p>&nbsp;<\/p>\n<p>&nbsp;<\/p>\n","protected":false},"excerpt":{"rendered":"<p>Muy buenos d\u00edas, amigos de la meteo. Que lluvia mas buena ha ca\u00eddo esta pasada madrugada en algunos puntos de la provincia y sobre todo en M\u00e1laga capital. Si os duele la cabeza, es por culpa de la borrasca Jana. Ha bajado la presi\u00f3n mucho en pocas horas. Y a\u00fan quedan algunas horas mas de [&hellip;]<\/p>\n","protected":false},"author":16,"featured_media":42506,"comment_status":"open","ping_status":"open","sticky":false,"template":"","format":"standard","meta":[],"categories":[2],"tags":[94,151,188,358,2000,587,676,800],"_links":{"self":[{"href":"https:\/\/blogs.diariosur.es\/tormentas-y-rayos\/wp-json\/wp\/v2\/posts\/43730"}],"collection":[{"href":"https:\/\/blogs.diariosur.es\/tormentas-y-rayos\/wp-json\/wp\/v2\/posts"}],"about":[{"href":"https:\/\/blogs.diariosur.es\/tormentas-y-rayos\/wp-json\/wp\/v2\/types\/post"}],"author":[{"embeddable":true,"href":"https:\/\/blogs.diariosur.es\/tormentas-y-rayos\/wp-json\/wp\/v2\/users\/16"}],"replies":[{"embeddable":true,"href":"https:\/\/blogs.diariosur.es\/tormentas-y-rayos\/wp-json\/wp\/v2\/comments?post=43730"}],"version-history":[{"count":7,"href":"https:\/\/blogs.diariosur.es\/tormentas-y-rayos\/wp-json\/wp\/v2\/posts\/43730\/revisions"}],"predecessor-version":[{"id":46720,"href":"https:\/\/blogs.diariosur.es\/tormentas-y-rayos\/wp-json\/wp\/v2\/posts\/43730\/revisions\/46720"}],"wp:featuredmedia":[{"embeddable":true,"href":"https:\/\/blogs.diariosur.es\/tormentas-y-rayos\/wp-json\/wp\/v2\/media\/42506"}],"wp:attachment":[{"href":"https:\/\/blogs.diariosur.es\/tormentas-y-rayos\/wp-json\/wp\/v2\/media?parent=43730"}],"wp:term":[{"taxonomy":"category","embeddable":true,"href":"https:\/\/blogs.diariosur.es\/tormentas-y-rayos\/wp-json\/wp\/v2\/categories?post=43730"},{"taxonomy":"post_tag","embeddable":true,"href":"https:\/\/blogs.diariosur.es\/tormentas-y-rayos\/wp-json\/wp\/v2\/tags?post=43730"}],"curies":[{"name":"wp","href":"https:\/\/api.w.org\/{rel}","templated":true}]}}