{"id":43744,"date":"2025-03-09T08:13:05","date_gmt":"2025-03-09T07:13:05","guid":{"rendered":"https:\/\/blogs.diariosur.es\/tormentas-y-rayos\/?p=43744"},"modified":"2025-10-06T09:42:45","modified_gmt":"2025-10-06T07:42:45","slug":"acumulados-previstos-para-manana-lunes-en-la-provincia-de-malaga-la-vinuela-se-esta-recuperando","status":"publish","type":"post","link":"https:\/\/blogs.diariosur.es\/tormentas-y-rayos\/2025\/03\/09\/acumulados-previstos-para-manana-lunes-en-la-provincia-de-malaga-la-vinuela-se-esta-recuperando\/","title":{"rendered":"Acumulados previstos para ma\u00f1ana lunes en la provincia de M\u00e1laga. \u00bfLa Vi\u00f1uela se esta recuperando?"},"content":{"rendered":"<p><a href=\"https:\/\/static-blogs.diariosur.es\/wp-content\/uploads\/sites\/12\/2025\/03\/474591997_10231480374091459_5977821584942016476_n.jpg\"><img loading=\"lazy\" class=\"aligncenter size-thumbnail wp-image-43666\" src=\"https:\/\/static-blogs.diariosur.es\/wp-content\/uploads\/sites\/12\/2025\/03\/474591997_10231480374091459_5977821584942016476_n-150x150.jpg\" alt=\"\" width=\"150\" height=\"150\" srcset=\"https:\/\/static-blogs.diariosur.es\/wp-content\/uploads\/sites\/12\/2025\/03\/474591997_10231480374091459_5977821584942016476_n-150x150.jpg 150w, https:\/\/static-blogs.diariosur.es\/wp-content\/uploads\/sites\/12\/2025\/03\/474591997_10231480374091459_5977821584942016476_n-400x400.jpg 400w, https:\/\/static-blogs.diariosur.es\/wp-content\/uploads\/sites\/12\/2025\/03\/474591997_10231480374091459_5977821584942016476_n-408x408.jpg 408w, https:\/\/static-blogs.diariosur.es\/wp-content\/uploads\/sites\/12\/2025\/03\/474591997_10231480374091459_5977821584942016476_n-768x768.jpg 768w, https:\/\/static-blogs.diariosur.es\/wp-content\/uploads\/sites\/12\/2025\/03\/474591997_10231480374091459_5977821584942016476_n.jpg 1000w\" sizes=\"(max-width: 150px) 100vw, 150px\" \/><\/a><\/p>\n<p>&nbsp;<\/p>\n<p data-pm-slice=\"1 1 []\">Muy buenos d\u00edas, amigos de la meteo. Es una pasada oler a petricor y registrar ahora a las siete y media de la ma\u00f1ana 9 \u00baC. Esta pasada madrugada se han registrado algunos chubascos espor\u00e1dicos leves y ocasionales, destacando.<\/p>\n<p>Estepona con 3,8 mm<\/p>\n<p>R\u00edo Genal Jubrique 6,7 mm<\/p>\n<p>Cuevas del Becerro 4,8 mm<\/p>\n<p>Archidona Huertas del R\u00edo 6,3 mm<\/p>\n<p>Ronda con 6 mm.<\/p>\n<p>Nerja 9 mm<\/p>\n<p>Fuentes: Aemet, Red Hidrosur, Meteoclimatic<\/p>\n<p>Hoy domingo, por la tarde, se esperan m\u00e1s precipitaciones en la mayor parte de la provincia; nos cruzar\u00e1 una l\u00ednea de inestabilidad que puede dejar fen\u00f3menos tormentosos por la zona m\u00e1s occidental de la provincia malague\u00f1a.<\/p>\n<p>La buena noticia es que el Embalse de la Vi\u00f1uela ha recuperado 5 hect\u00f3metros c\u00fabicos con las lluvias de ayer. Recordar que el a\u00f1o pasado en esta fecha estaba al 8% y hoy al 25%.<\/p>\n<p>Os paso el estado actual de los embalses de la provincia de M\u00e1laga. Tenemos almacenados 234 hect\u00f3metros c\u00fabicos; el a\u00f1o pasado, 98.<\/p>\n<p>&nbsp;<\/p>\n<p><a href=\"https:\/\/static-blogs.diariosur.es\/wp-content\/uploads\/sites\/12\/2025\/03\/Captura-de-pantalla-2025-03-09-073820.jpg\"><img loading=\"lazy\" class=\"aligncenter size-full wp-image-43745\" src=\"https:\/\/static-blogs.diariosur.es\/wp-content\/uploads\/sites\/12\/2025\/03\/Captura-de-pantalla-2025-03-09-073820.jpg\" alt=\"\" width=\"1038\" height=\"543\" srcset=\"https:\/\/static-blogs.diariosur.es\/wp-content\/uploads\/sites\/12\/2025\/03\/Captura-de-pantalla-2025-03-09-073820.jpg 1038w, https:\/\/static-blogs.diariosur.es\/wp-content\/uploads\/sites\/12\/2025\/03\/Captura-de-pantalla-2025-03-09-073820-640x335.jpg 640w, https:\/\/static-blogs.diariosur.es\/wp-content\/uploads\/sites\/12\/2025\/03\/Captura-de-pantalla-2025-03-09-073820-780x408.jpg 780w, https:\/\/static-blogs.diariosur.es\/wp-content\/uploads\/sites\/12\/2025\/03\/Captura-de-pantalla-2025-03-09-073820-768x402.jpg 768w\" sizes=\"(max-width: 1038px) 100vw, 1038px\" \/><\/a><\/p>\n<p data-pm-slice=\"1 1 []\">Antes de daros los probables acumulados de distintos modelos para ma\u00f1ana lunes, os paso este video que hice ayer cuando nos afect\u00f3 un chaparr\u00f3n muy fuerte que ven\u00eda acompa\u00f1ado de rachas fuertes de viento.<\/p>\n<p>&nbsp;<\/p>\n<p><iframe loading=\"lazy\" title=\"Chaparr\u00f3n fuerte  acompa\u00f1ado de rachas  fuertes de viento\" width=\"500\" height=\"281\" src=\"https:\/\/www.youtube.com\/embed\/yYR7zBHId3w?feature=oembed\" frameborder=\"0\" allow=\"accelerometer; autoplay; clipboard-write; encrypted-media; gyroscope; picture-in-picture; web-share\" referrerpolicy=\"strict-origin-when-cross-origin\" allowfullscreen><\/iframe><\/p>\n<p>&nbsp;<\/p>\n<p>&nbsp;<\/p>\n<h3><span style=\"color: #0000ff;\"><strong>ACUMULADOS PREVISTOS PARA MA\u00d1ANA LUNES<\/strong><\/span><\/h3>\n<p>La mayor\u00eda coinciden que la zona m\u00e1s beneficiada ser\u00e1 la <span style=\"color: #ff0000;\"><strong>Axarqu\u00eda malague\u00f1a<\/strong><\/span>, en zonas del Valle del Guadalhorce se espera menos. Al ser l\u00edneas de inestabilidad hay incertidumbre para los modelos.<\/p>\n<p>&nbsp;<\/p>\n<p>EUROPEO<\/p>\n<p>&nbsp;<\/p>\n<p><a href=\"https:\/\/static-blogs.diariosur.es\/wp-content\/uploads\/sites\/12\/2025\/03\/EUROPEO-3.jpg\"><img loading=\"lazy\" class=\"aligncenter size-full wp-image-43746\" src=\"https:\/\/static-blogs.diariosur.es\/wp-content\/uploads\/sites\/12\/2025\/03\/EUROPEO-3.jpg\" alt=\"\" width=\"1137\" height=\"1207\" srcset=\"https:\/\/static-blogs.diariosur.es\/wp-content\/uploads\/sites\/12\/2025\/03\/EUROPEO-3.jpg 1137w, https:\/\/static-blogs.diariosur.es\/wp-content\/uploads\/sites\/12\/2025\/03\/EUROPEO-3-377x400.jpg 377w, https:\/\/static-blogs.diariosur.es\/wp-content\/uploads\/sites\/12\/2025\/03\/EUROPEO-3-384x408.jpg 384w, https:\/\/static-blogs.diariosur.es\/wp-content\/uploads\/sites\/12\/2025\/03\/EUROPEO-3-768x815.jpg 768w\" sizes=\"(max-width: 1137px) 100vw, 1137px\" \/><\/a><\/p>\n<p>&nbsp;<\/p>\n<p>AMERICANO<\/p>\n<p>&nbsp;<\/p>\n<p><a href=\"https:\/\/static-blogs.diariosur.es\/wp-content\/uploads\/sites\/12\/2025\/03\/AMERICANO-3.jpg\"><img loading=\"lazy\" class=\"aligncenter size-full wp-image-43747\" src=\"https:\/\/static-blogs.diariosur.es\/wp-content\/uploads\/sites\/12\/2025\/03\/AMERICANO-3.jpg\" alt=\"\" width=\"1138\" height=\"1183\" srcset=\"https:\/\/static-blogs.diariosur.es\/wp-content\/uploads\/sites\/12\/2025\/03\/AMERICANO-3.jpg 1138w, https:\/\/static-blogs.diariosur.es\/wp-content\/uploads\/sites\/12\/2025\/03\/AMERICANO-3-385x400.jpg 385w, https:\/\/static-blogs.diariosur.es\/wp-content\/uploads\/sites\/12\/2025\/03\/AMERICANO-3-392x408.jpg 392w, https:\/\/static-blogs.diariosur.es\/wp-content\/uploads\/sites\/12\/2025\/03\/AMERICANO-3-768x798.jpg 768w\" sizes=\"(max-width: 1138px) 100vw, 1138px\" \/><\/a><\/p>\n<p>&nbsp;<\/p>\n<p>ARPEGIO<\/p>\n<p>&nbsp;<\/p>\n<p><a href=\"https:\/\/static-blogs.diariosur.es\/wp-content\/uploads\/sites\/12\/2025\/03\/ARPEGIO-3.jpg\"><img loading=\"lazy\" class=\"aligncenter size-full wp-image-43748\" src=\"https:\/\/static-blogs.diariosur.es\/wp-content\/uploads\/sites\/12\/2025\/03\/ARPEGIO-3.jpg\" alt=\"\" width=\"1140\" height=\"1213\" srcset=\"https:\/\/static-blogs.diariosur.es\/wp-content\/uploads\/sites\/12\/2025\/03\/ARPEGIO-3.jpg 1140w, https:\/\/static-blogs.diariosur.es\/wp-content\/uploads\/sites\/12\/2025\/03\/ARPEGIO-3-376x400.jpg 376w, https:\/\/static-blogs.diariosur.es\/wp-content\/uploads\/sites\/12\/2025\/03\/ARPEGIO-3-383x408.jpg 383w, https:\/\/static-blogs.diariosur.es\/wp-content\/uploads\/sites\/12\/2025\/03\/ARPEGIO-3-768x817.jpg 768w\" sizes=\"(max-width: 1140px) 100vw, 1140px\" \/><\/a><\/p>\n<p>&nbsp;<\/p>\n<p>ICONO<\/p>\n<p>&nbsp;<\/p>\n<p><a href=\"https:\/\/static-blogs.diariosur.es\/wp-content\/uploads\/sites\/12\/2025\/03\/ICONO-3.jpg\"><img loading=\"lazy\" class=\"aligncenter size-full wp-image-43749\" src=\"https:\/\/static-blogs.diariosur.es\/wp-content\/uploads\/sites\/12\/2025\/03\/ICONO-3.jpg\" alt=\"\" width=\"1153\" height=\"1185\" srcset=\"https:\/\/static-blogs.diariosur.es\/wp-content\/uploads\/sites\/12\/2025\/03\/ICONO-3.jpg 1153w, https:\/\/static-blogs.diariosur.es\/wp-content\/uploads\/sites\/12\/2025\/03\/ICONO-3-389x400.jpg 389w, https:\/\/static-blogs.diariosur.es\/wp-content\/uploads\/sites\/12\/2025\/03\/ICONO-3-397x408.jpg 397w, https:\/\/static-blogs.diariosur.es\/wp-content\/uploads\/sites\/12\/2025\/03\/ICONO-3-768x789.jpg 768w\" sizes=\"(max-width: 1153px) 100vw, 1153px\" \/><\/a><\/p>\n<p>&nbsp;<\/p>\n<p>REINO UNIDO<\/p>\n<p>&nbsp;<\/p>\n<p><a href=\"https:\/\/static-blogs.diariosur.es\/wp-content\/uploads\/sites\/12\/2025\/03\/REINO-UNIDO-3.jpg\"><img loading=\"lazy\" class=\"aligncenter size-full wp-image-43750\" src=\"https:\/\/static-blogs.diariosur.es\/wp-content\/uploads\/sites\/12\/2025\/03\/REINO-UNIDO-3.jpg\" alt=\"\" width=\"1152\" height=\"1171\" srcset=\"https:\/\/static-blogs.diariosur.es\/wp-content\/uploads\/sites\/12\/2025\/03\/REINO-UNIDO-3.jpg 1152w, https:\/\/static-blogs.diariosur.es\/wp-content\/uploads\/sites\/12\/2025\/03\/REINO-UNIDO-3-394x400.jpg 394w, https:\/\/static-blogs.diariosur.es\/wp-content\/uploads\/sites\/12\/2025\/03\/REINO-UNIDO-3-401x408.jpg 401w, https:\/\/static-blogs.diariosur.es\/wp-content\/uploads\/sites\/12\/2025\/03\/REINO-UNIDO-3-768x781.jpg 768w\" sizes=\"(max-width: 1152px) 100vw, 1152px\" \/><\/a><\/p>\n<p>&nbsp;<\/p>\n<p>Nos vemos ma\u00f1ana con los probables acumulados previstos para el martes. A partir del mi\u00e9rcoles nos afectar\u00e1 otra borrasca que probablemente tambi\u00e9n la nombre, se llamara Konrand<\/p>\n<p>Fot\u00f3n de mi amigo Crist\u00f3bal Gambero en Mijas Puebloa<\/p>\n<p><a href=\"https:\/\/static-blogs.diariosur.es\/wp-content\/uploads\/sites\/12\/2025\/03\/480194474_9226397527409159_6725142565393196587_n-e1741504098124.jpg\"><img loading=\"lazy\" class=\"aligncenter size-full wp-image-43753\" src=\"https:\/\/static-blogs.diariosur.es\/wp-content\/uploads\/sites\/12\/2025\/03\/480194474_9226397527409159_6725142565393196587_n-e1741504098124.jpg\" alt=\"\" width=\"1000\" height=\"563\" \/><\/a><\/p>\n","protected":false},"excerpt":{"rendered":"<p>&nbsp; Muy buenos d\u00edas, amigos de la meteo. Es una pasada oler a petricor y registrar ahora a las siete y media de la ma\u00f1ana 9 \u00baC. Esta pasada madrugada se han registrado algunos chubascos espor\u00e1dicos leves y ocasionales, destacando. Estepona con 3,8 mm R\u00edo Genal Jubrique 6,7 mm Cuevas del Becerro 4,8 mm Archidona [&hellip;]<\/p>\n","protected":false},"author":16,"featured_media":43753,"comment_status":"open","ping_status":"open","sticky":false,"template":"","format":"standard","meta":[],"categories":[2],"tags":[188,358,2000,587,800],"_links":{"self":[{"href":"https:\/\/blogs.diariosur.es\/tormentas-y-rayos\/wp-json\/wp\/v2\/posts\/43744"}],"collection":[{"href":"https:\/\/blogs.diariosur.es\/tormentas-y-rayos\/wp-json\/wp\/v2\/posts"}],"about":[{"href":"https:\/\/blogs.diariosur.es\/tormentas-y-rayos\/wp-json\/wp\/v2\/types\/post"}],"author":[{"embeddable":true,"href":"https:\/\/blogs.diariosur.es\/tormentas-y-rayos\/wp-json\/wp\/v2\/users\/16"}],"replies":[{"embeddable":true,"href":"https:\/\/blogs.diariosur.es\/tormentas-y-rayos\/wp-json\/wp\/v2\/comments?post=43744"}],"version-history":[{"count":5,"href":"https:\/\/blogs.diariosur.es\/tormentas-y-rayos\/wp-json\/wp\/v2\/posts\/43744\/revisions"}],"predecessor-version":[{"id":46719,"href":"https:\/\/blogs.diariosur.es\/tormentas-y-rayos\/wp-json\/wp\/v2\/posts\/43744\/revisions\/46719"}],"wp:featuredmedia":[{"embeddable":true,"href":"https:\/\/blogs.diariosur.es\/tormentas-y-rayos\/wp-json\/wp\/v2\/media\/43753"}],"wp:attachment":[{"href":"https:\/\/blogs.diariosur.es\/tormentas-y-rayos\/wp-json\/wp\/v2\/media?parent=43744"}],"wp:term":[{"taxonomy":"category","embeddable":true,"href":"https:\/\/blogs.diariosur.es\/tormentas-y-rayos\/wp-json\/wp\/v2\/categories?post=43744"},{"taxonomy":"post_tag","embeddable":true,"href":"https:\/\/blogs.diariosur.es\/tormentas-y-rayos\/wp-json\/wp\/v2\/tags?post=43744"}],"curies":[{"name":"wp","href":"https:\/\/api.w.org\/{rel}","templated":true}]}}