{"id":43756,"date":"2025-03-10T07:41:16","date_gmt":"2025-03-10T06:41:16","guid":{"rendered":"https:\/\/blogs.diariosur.es\/tormentas-y-rayos\/?p=43756"},"modified":"2025-10-06T09:40:43","modified_gmt":"2025-10-06T07:40:43","slug":"embalses-al-40-acumulados-de-precipitacion-el-martes-en-la-provincia-de-malaga-ruta-de-las-cascadas-en-tolox-impresionante","status":"publish","type":"post","link":"https:\/\/blogs.diariosur.es\/tormentas-y-rayos\/2025\/03\/10\/embalses-al-40-acumulados-de-precipitacion-el-martes-en-la-provincia-de-malaga-ruta-de-las-cascadas-en-tolox-impresionante\/","title":{"rendered":"Embalses al 40%. Acumulados de precipitaci\u00f3n el martes en la provincia de M\u00e1laga. Ruta de las cascadas en Tolox, impresionante."},"content":{"rendered":"<p><a href=\"https:\/\/static-blogs.diariosur.es\/wp-content\/uploads\/sites\/12\/2025\/03\/474591997_10231480374091459_5977821584942016476_n.jpg\"><img loading=\"lazy\" class=\"aligncenter size-thumbnail wp-image-43666\" src=\"https:\/\/static-blogs.diariosur.es\/wp-content\/uploads\/sites\/12\/2025\/03\/474591997_10231480374091459_5977821584942016476_n-150x150.jpg\" alt=\"\" width=\"150\" height=\"150\" srcset=\"https:\/\/static-blogs.diariosur.es\/wp-content\/uploads\/sites\/12\/2025\/03\/474591997_10231480374091459_5977821584942016476_n-150x150.jpg 150w, https:\/\/static-blogs.diariosur.es\/wp-content\/uploads\/sites\/12\/2025\/03\/474591997_10231480374091459_5977821584942016476_n-400x400.jpg 400w, https:\/\/static-blogs.diariosur.es\/wp-content\/uploads\/sites\/12\/2025\/03\/474591997_10231480374091459_5977821584942016476_n-408x408.jpg 408w, https:\/\/static-blogs.diariosur.es\/wp-content\/uploads\/sites\/12\/2025\/03\/474591997_10231480374091459_5977821584942016476_n-768x768.jpg 768w, https:\/\/static-blogs.diariosur.es\/wp-content\/uploads\/sites\/12\/2025\/03\/474591997_10231480374091459_5977821584942016476_n.jpg 1000w\" sizes=\"(max-width: 150px) 100vw, 150px\" \/><\/a><\/p>\n<p data-pm-slice=\"1 1 []\">Buenos d\u00edas, amigos de la meteo. Antes de poneros los probables acumulados que se esperan para ma\u00f1ana martes en la provincia de M\u00e1laga, quiero que disfrut\u00e9is de este impresionante video de mi amigo Antonio Jes\u00fas Galiano. Muchos conoc\u00e9is a Tony; es una m\u00e1quina. Sus amigos Antonio Chaves y David Florido le acompa\u00f1aron en esta preciosa ruta por las cascadas de Tolox. Muchas gracias.<\/p>\n<p>&nbsp;<\/p>\n<p>&nbsp;<\/p>\n<p><iframe loading=\"lazy\" title=\"Ruta de las cascadas 09\/03\/2025 ( Tolox)\" width=\"500\" height=\"281\" src=\"https:\/\/www.youtube.com\/embed\/WbErKsD2SHw?feature=oembed\" frameborder=\"0\" allow=\"accelerometer; autoplay; clipboard-write; encrypted-media; gyroscope; picture-in-picture; web-share\" referrerpolicy=\"strict-origin-when-cross-origin\" allowfullscreen><\/iframe><\/p>\n<p>&nbsp;<\/p>\n<h3><span style=\"color: #0000ff;\"><strong>\u00a0<\/strong><\/span><\/h3>\n<p data-pm-slice=\"1 1 []\"><strong>Ma\u00f1ana martes est\u00e1 en aviso la Axarqu\u00eda de M\u00e1laga: precipitaci\u00f3n acumulada en 12 horas: 40 mm. Precipitaci\u00f3n acumulada en una hora: 15 mm<\/strong><\/p>\n<p><strong>Toda la costa malague\u00f1a entra en aviso amarillo por fen\u00f3menos costeros: viento del oeste y suroeste de 50 a 60 km\/h (fuerza 7) y olas de 2 m.<\/strong><\/p>\n<h3><strong>Os paso los datos actualizados de los embalses de la provincia de M\u00e1laga. Llegan en conjunto al 40%.<\/strong><\/h3>\n<p>&nbsp;<\/p>\n<p><a href=\"https:\/\/static-blogs.diariosur.es\/wp-content\/uploads\/sites\/12\/2025\/03\/z.jpg\"><img loading=\"lazy\" class=\"aligncenter size-full wp-image-43763\" src=\"https:\/\/static-blogs.diariosur.es\/wp-content\/uploads\/sites\/12\/2025\/03\/z.jpg\" alt=\"\" width=\"1069\" height=\"493\" srcset=\"https:\/\/static-blogs.diariosur.es\/wp-content\/uploads\/sites\/12\/2025\/03\/z.jpg 1069w, https:\/\/static-blogs.diariosur.es\/wp-content\/uploads\/sites\/12\/2025\/03\/z-640x295.jpg 640w, https:\/\/static-blogs.diariosur.es\/wp-content\/uploads\/sites\/12\/2025\/03\/z-885x408.jpg 885w, https:\/\/static-blogs.diariosur.es\/wp-content\/uploads\/sites\/12\/2025\/03\/z-768x354.jpg 768w\" sizes=\"(max-width: 1069px) 100vw, 1069px\" \/><\/a><\/p>\n<h3><\/h3>\n<h3><span style=\"color: #0000ff;\"><strong>Probables acumulados de precipitaci\u00f3n para ma\u00f1ana martes en la provincia de M\u00e1laga.<\/strong><\/span><\/h3>\n<p>&nbsp;<\/p>\n<p><strong>EUROPEO<\/strong><\/p>\n<p>&nbsp;<\/p>\n<p><a href=\"https:\/\/static-blogs.diariosur.es\/wp-content\/uploads\/sites\/12\/2025\/03\/EUROPEO-4.jpg\"><img loading=\"lazy\" class=\"aligncenter size-full wp-image-43757\" src=\"https:\/\/static-blogs.diariosur.es\/wp-content\/uploads\/sites\/12\/2025\/03\/EUROPEO-4.jpg\" alt=\"\" width=\"1143\" height=\"1275\" srcset=\"https:\/\/static-blogs.diariosur.es\/wp-content\/uploads\/sites\/12\/2025\/03\/EUROPEO-4.jpg 1143w, https:\/\/static-blogs.diariosur.es\/wp-content\/uploads\/sites\/12\/2025\/03\/EUROPEO-4-359x400.jpg 359w, https:\/\/static-blogs.diariosur.es\/wp-content\/uploads\/sites\/12\/2025\/03\/EUROPEO-4-366x408.jpg 366w, https:\/\/static-blogs.diariosur.es\/wp-content\/uploads\/sites\/12\/2025\/03\/EUROPEO-4-768x857.jpg 768w\" sizes=\"(max-width: 1143px) 100vw, 1143px\" \/><\/a><\/p>\n<p>&nbsp;<\/p>\n<p><strong>AMERICANO<\/strong><\/p>\n<p>&nbsp;<\/p>\n<p><a href=\"https:\/\/static-blogs.diariosur.es\/wp-content\/uploads\/sites\/12\/2025\/03\/AMERICANO-4.jpg\"><img loading=\"lazy\" class=\"aligncenter size-full wp-image-43758\" src=\"https:\/\/static-blogs.diariosur.es\/wp-content\/uploads\/sites\/12\/2025\/03\/AMERICANO-4.jpg\" alt=\"\" width=\"1138\" height=\"1182\" srcset=\"https:\/\/static-blogs.diariosur.es\/wp-content\/uploads\/sites\/12\/2025\/03\/AMERICANO-4.jpg 1138w, https:\/\/static-blogs.diariosur.es\/wp-content\/uploads\/sites\/12\/2025\/03\/AMERICANO-4-385x400.jpg 385w, https:\/\/static-blogs.diariosur.es\/wp-content\/uploads\/sites\/12\/2025\/03\/AMERICANO-4-393x408.jpg 393w, https:\/\/static-blogs.diariosur.es\/wp-content\/uploads\/sites\/12\/2025\/03\/AMERICANO-4-768x798.jpg 768w\" sizes=\"(max-width: 1138px) 100vw, 1138px\" \/><\/a><\/p>\n<p>&nbsp;<\/p>\n<p><strong>ARPEGIO<\/strong><\/p>\n<p>&nbsp;<\/p>\n<p><a href=\"https:\/\/static-blogs.diariosur.es\/wp-content\/uploads\/sites\/12\/2025\/03\/ARPEGIO-4.jpg\"><img loading=\"lazy\" class=\"aligncenter size-full wp-image-43759\" src=\"https:\/\/static-blogs.diariosur.es\/wp-content\/uploads\/sites\/12\/2025\/03\/ARPEGIO-4.jpg\" alt=\"\" width=\"1144\" height=\"1231\" srcset=\"https:\/\/static-blogs.diariosur.es\/wp-content\/uploads\/sites\/12\/2025\/03\/ARPEGIO-4.jpg 1144w, https:\/\/static-blogs.diariosur.es\/wp-content\/uploads\/sites\/12\/2025\/03\/ARPEGIO-4-372x400.jpg 372w, https:\/\/static-blogs.diariosur.es\/wp-content\/uploads\/sites\/12\/2025\/03\/ARPEGIO-4-379x408.jpg 379w, https:\/\/static-blogs.diariosur.es\/wp-content\/uploads\/sites\/12\/2025\/03\/ARPEGIO-4-768x826.jpg 768w\" sizes=\"(max-width: 1144px) 100vw, 1144px\" \/><\/a><\/p>\n<p>&nbsp;<\/p>\n<p>ICONO<\/p>\n<p>&nbsp;<\/p>\n<p><a href=\"https:\/\/static-blogs.diariosur.es\/wp-content\/uploads\/sites\/12\/2025\/03\/ICONO-4.jpg\"><img loading=\"lazy\" class=\"aligncenter size-full wp-image-43760\" src=\"https:\/\/static-blogs.diariosur.es\/wp-content\/uploads\/sites\/12\/2025\/03\/ICONO-4.jpg\" alt=\"\" width=\"1141\" height=\"1240\" srcset=\"https:\/\/static-blogs.diariosur.es\/wp-content\/uploads\/sites\/12\/2025\/03\/ICONO-4.jpg 1141w, https:\/\/static-blogs.diariosur.es\/wp-content\/uploads\/sites\/12\/2025\/03\/ICONO-4-368x400.jpg 368w, https:\/\/static-blogs.diariosur.es\/wp-content\/uploads\/sites\/12\/2025\/03\/ICONO-4-375x408.jpg 375w, https:\/\/static-blogs.diariosur.es\/wp-content\/uploads\/sites\/12\/2025\/03\/ICONO-4-768x835.jpg 768w\" sizes=\"(max-width: 1141px) 100vw, 1141px\" \/><\/a><\/p>\n<p>&nbsp;<\/p>\n<p><strong>REINO UNIDO<\/strong><\/p>\n<p>&nbsp;<\/p>\n<p><a href=\"https:\/\/static-blogs.diariosur.es\/wp-content\/uploads\/sites\/12\/2025\/03\/REINO-UNIDO-4.jpg\"><img loading=\"lazy\" class=\"aligncenter size-full wp-image-43761\" src=\"https:\/\/static-blogs.diariosur.es\/wp-content\/uploads\/sites\/12\/2025\/03\/REINO-UNIDO-4.jpg\" alt=\"\" width=\"1147\" height=\"1237\" srcset=\"https:\/\/static-blogs.diariosur.es\/wp-content\/uploads\/sites\/12\/2025\/03\/REINO-UNIDO-4.jpg 1147w, https:\/\/static-blogs.diariosur.es\/wp-content\/uploads\/sites\/12\/2025\/03\/REINO-UNIDO-4-371x400.jpg 371w, https:\/\/static-blogs.diariosur.es\/wp-content\/uploads\/sites\/12\/2025\/03\/REINO-UNIDO-4-378x408.jpg 378w, https:\/\/static-blogs.diariosur.es\/wp-content\/uploads\/sites\/12\/2025\/03\/REINO-UNIDO-4-768x828.jpg 768w\" sizes=\"(max-width: 1147px) 100vw, 1147px\" \/><\/a><\/p>\n<p>&nbsp;<\/p>\n<p>&nbsp;<\/p>\n<p>&nbsp;<\/p>\n<p>&nbsp;<\/p>\n","protected":false},"excerpt":{"rendered":"<p>Buenos d\u00edas, amigos de la meteo. Antes de poneros los probables acumulados que se esperan para ma\u00f1ana martes en la provincia de M\u00e1laga, quiero que disfrut\u00e9is de este impresionante video de mi amigo Antonio Jes\u00fas Galiano. Muchos conoc\u00e9is a Tony; es una m\u00e1quina. Sus amigos Antonio Chaves y David Florido le acompa\u00f1aron en esta preciosa [&hellip;]<\/p>\n","protected":false},"author":16,"featured_media":43762,"comment_status":"open","ping_status":"open","sticky":false,"template":"","format":"standard","meta":[],"categories":[2],"tags":[94,151,188,2001,1135,2000,587,800],"_links":{"self":[{"href":"https:\/\/blogs.diariosur.es\/tormentas-y-rayos\/wp-json\/wp\/v2\/posts\/43756"}],"collection":[{"href":"https:\/\/blogs.diariosur.es\/tormentas-y-rayos\/wp-json\/wp\/v2\/posts"}],"about":[{"href":"https:\/\/blogs.diariosur.es\/tormentas-y-rayos\/wp-json\/wp\/v2\/types\/post"}],"author":[{"embeddable":true,"href":"https:\/\/blogs.diariosur.es\/tormentas-y-rayos\/wp-json\/wp\/v2\/users\/16"}],"replies":[{"embeddable":true,"href":"https:\/\/blogs.diariosur.es\/tormentas-y-rayos\/wp-json\/wp\/v2\/comments?post=43756"}],"version-history":[{"count":4,"href":"https:\/\/blogs.diariosur.es\/tormentas-y-rayos\/wp-json\/wp\/v2\/posts\/43756\/revisions"}],"predecessor-version":[{"id":46717,"href":"https:\/\/blogs.diariosur.es\/tormentas-y-rayos\/wp-json\/wp\/v2\/posts\/43756\/revisions\/46717"}],"wp:featuredmedia":[{"embeddable":true,"href":"https:\/\/blogs.diariosur.es\/tormentas-y-rayos\/wp-json\/wp\/v2\/media\/43762"}],"wp:attachment":[{"href":"https:\/\/blogs.diariosur.es\/tormentas-y-rayos\/wp-json\/wp\/v2\/media?parent=43756"}],"wp:term":[{"taxonomy":"category","embeddable":true,"href":"https:\/\/blogs.diariosur.es\/tormentas-y-rayos\/wp-json\/wp\/v2\/categories?post=43756"},{"taxonomy":"post_tag","embeddable":true,"href":"https:\/\/blogs.diariosur.es\/tormentas-y-rayos\/wp-json\/wp\/v2\/tags?post=43756"}],"curies":[{"name":"wp","href":"https:\/\/api.w.org\/{rel}","templated":true}]}}