{"id":43772,"date":"2025-03-11T12:57:51","date_gmt":"2025-03-11T11:57:51","guid":{"rendered":"https:\/\/blogs.diariosur.es\/tormentas-y-rayos\/?p=43772"},"modified":"2025-10-06T09:37:51","modified_gmt":"2025-10-06T07:37:51","slug":"la-borrasca-konrad-viene-fuerte-el-jueves-avisos-por-lluvias-y-viento-en-la-provincia-de-malaga","status":"publish","type":"post","link":"https:\/\/blogs.diariosur.es\/tormentas-y-rayos\/2025\/03\/11\/la-borrasca-konrad-viene-fuerte-el-jueves-avisos-por-lluvias-y-viento-en-la-provincia-de-malaga\/","title":{"rendered":"La borrasca Konrad viene fuerte. El jueves avisos por lluvias y viento en la provincia de M\u00e1laga."},"content":{"rendered":"<blockquote><p><img loading=\"lazy\" class=\"aligncenter size-thumbnail wp-image-43666\" src=\"https:\/\/static-blogs.diariosur.es\/wp-content\/uploads\/sites\/12\/2025\/03\/474591997_10231480374091459_5977821584942016476_n-150x150.jpg\" alt=\"\" width=\"150\" height=\"150\" srcset=\"https:\/\/static-blogs.diariosur.es\/wp-content\/uploads\/sites\/12\/2025\/03\/474591997_10231480374091459_5977821584942016476_n-150x150.jpg 150w, https:\/\/static-blogs.diariosur.es\/wp-content\/uploads\/sites\/12\/2025\/03\/474591997_10231480374091459_5977821584942016476_n-400x400.jpg 400w, https:\/\/static-blogs.diariosur.es\/wp-content\/uploads\/sites\/12\/2025\/03\/474591997_10231480374091459_5977821584942016476_n-408x408.jpg 408w, https:\/\/static-blogs.diariosur.es\/wp-content\/uploads\/sites\/12\/2025\/03\/474591997_10231480374091459_5977821584942016476_n-768x768.jpg 768w, https:\/\/static-blogs.diariosur.es\/wp-content\/uploads\/sites\/12\/2025\/03\/474591997_10231480374091459_5977821584942016476_n.jpg 1000w\" sizes=\"(max-width: 150px) 100vw, 150px\" \/><\/p><\/blockquote>\n<p>&nbsp;<\/p>\n<p data-pm-slice=\"1 1 []\">Buenas tardes, amigos de la meteo. Acabo de venir del Conde del Guadalhorce y es una pasada. Ma\u00f1ana os pondr\u00e9 fotos y v\u00eddeos de un antes seco y un despu\u00e9s, lleno.<br \/>\nEl jueves entramos en aviso amarillo por lluvias en toda la provincia:<br \/>\n&#8211; Precipitaci\u00f3n acumulada en una hora: 15 mm.<br \/>\n&#8211; Precipitaci\u00f3n acumulada en 12 horas: 40 mm.<\/p>\n<p>Tambi\u00e9n se activa el aviso amarillo por viento en Sol, Guadalhorce y Ronda, por rachas m\u00e1ximas de 70 km\/h. Vientos de componente oeste.<\/p>\n<p>&nbsp;<\/p>\n<p><a href=\"https:\/\/static-blogs.diariosur.es\/wp-content\/uploads\/sites\/12\/2025\/03\/2025031012048_ww_g1x0a2d2-e1741694227762.gif\"><img loading=\"lazy\" class=\"aligncenter size-full wp-image-43776\" src=\"https:\/\/static-blogs.diariosur.es\/wp-content\/uploads\/sites\/12\/2025\/03\/2025031012048_ww_g1x0a2d2-e1741694227762.gif\" alt=\"\" width=\"1000\" height=\"700\" \/><\/a><\/p>\n<p>&nbsp;<\/p>\n","protected":false},"excerpt":{"rendered":"<p>&nbsp; Buenas tardes, amigos de la meteo. Acabo de venir del Conde del Guadalhorce y es una pasada. Ma\u00f1ana os pondr\u00e9 fotos y v\u00eddeos de un antes seco y un despu\u00e9s, lleno. El jueves entramos en aviso amarillo por lluvias en toda la provincia: &#8211; Precipitaci\u00f3n acumulada en una hora: 15 mm. &#8211; Precipitaci\u00f3n acumulada [&hellip;]<\/p>\n","protected":false},"author":16,"featured_media":43775,"comment_status":"open","ping_status":"open","sticky":false,"template":"","format":"standard","meta":[],"categories":[2],"tags":[93,151,188,358,2003,587,2004],"_links":{"self":[{"href":"https:\/\/blogs.diariosur.es\/tormentas-y-rayos\/wp-json\/wp\/v2\/posts\/43772"}],"collection":[{"href":"https:\/\/blogs.diariosur.es\/tormentas-y-rayos\/wp-json\/wp\/v2\/posts"}],"about":[{"href":"https:\/\/blogs.diariosur.es\/tormentas-y-rayos\/wp-json\/wp\/v2\/types\/post"}],"author":[{"embeddable":true,"href":"https:\/\/blogs.diariosur.es\/tormentas-y-rayos\/wp-json\/wp\/v2\/users\/16"}],"replies":[{"embeddable":true,"href":"https:\/\/blogs.diariosur.es\/tormentas-y-rayos\/wp-json\/wp\/v2\/comments?post=43772"}],"version-history":[{"count":6,"href":"https:\/\/blogs.diariosur.es\/tormentas-y-rayos\/wp-json\/wp\/v2\/posts\/43772\/revisions"}],"predecessor-version":[{"id":46715,"href":"https:\/\/blogs.diariosur.es\/tormentas-y-rayos\/wp-json\/wp\/v2\/posts\/43772\/revisions\/46715"}],"wp:featuredmedia":[{"embeddable":true,"href":"https:\/\/blogs.diariosur.es\/tormentas-y-rayos\/wp-json\/wp\/v2\/media\/43775"}],"wp:attachment":[{"href":"https:\/\/blogs.diariosur.es\/tormentas-y-rayos\/wp-json\/wp\/v2\/media?parent=43772"}],"wp:term":[{"taxonomy":"category","embeddable":true,"href":"https:\/\/blogs.diariosur.es\/tormentas-y-rayos\/wp-json\/wp\/v2\/categories?post=43772"},{"taxonomy":"post_tag","embeddable":true,"href":"https:\/\/blogs.diariosur.es\/tormentas-y-rayos\/wp-json\/wp\/v2\/tags?post=43772"}],"curies":[{"name":"wp","href":"https:\/\/api.w.org\/{rel}","templated":true}]}}