{"id":43800,"date":"2025-03-12T06:58:34","date_gmt":"2025-03-12T05:58:34","guid":{"rendered":"https:\/\/blogs.diariosur.es\/tormentas-y-rayos\/?p=43800"},"modified":"2025-10-06T08:31:49","modified_gmt":"2025-10-06T06:31:49","slug":"mi-mas-sincera-reflexion","status":"publish","type":"post","link":"https:\/\/blogs.diariosur.es\/tormentas-y-rayos\/2025\/03\/12\/mi-mas-sincera-reflexion\/","title":{"rendered":"Mi m\u00e1s sincera reflexi\u00f3n"},"content":{"rendered":"<p><a href=\"https:\/\/static-blogs.diariosur.es\/wp-content\/uploads\/sites\/12\/2025\/03\/474591997_10231480374091459_5977821584942016476_n.jpg\"><img loading=\"lazy\" class=\"aligncenter size-thumbnail wp-image-43666\" src=\"https:\/\/static-blogs.diariosur.es\/wp-content\/uploads\/sites\/12\/2025\/03\/474591997_10231480374091459_5977821584942016476_n-150x150.jpg\" alt=\"\" width=\"150\" height=\"150\" srcset=\"https:\/\/static-blogs.diariosur.es\/wp-content\/uploads\/sites\/12\/2025\/03\/474591997_10231480374091459_5977821584942016476_n-150x150.jpg 150w, https:\/\/static-blogs.diariosur.es\/wp-content\/uploads\/sites\/12\/2025\/03\/474591997_10231480374091459_5977821584942016476_n-400x400.jpg 400w, https:\/\/static-blogs.diariosur.es\/wp-content\/uploads\/sites\/12\/2025\/03\/474591997_10231480374091459_5977821584942016476_n-408x408.jpg 408w, https:\/\/static-blogs.diariosur.es\/wp-content\/uploads\/sites\/12\/2025\/03\/474591997_10231480374091459_5977821584942016476_n-768x768.jpg 768w, https:\/\/static-blogs.diariosur.es\/wp-content\/uploads\/sites\/12\/2025\/03\/474591997_10231480374091459_5977821584942016476_n.jpg 1000w\" sizes=\"(max-width: 150px) 100vw, 150px\" \/><\/a><\/p>\n<p data-pm-slice=\"1 1 []\">Hola, amigos de la meteo. Hoy os dejo este post, que no es m\u00e1s que una simple reflexi\u00f3n de una parcela de mi vida.<\/p>\n<p>Desde muy temprana edad ya sab\u00e9is que naci\u00f3 mi pasi\u00f3n por la meteorolog\u00eda, y que afortunadamente sigo manteniendo hasta el d\u00eda de hoy.<\/p>\n<p>Esta relaci\u00f3n la comparo con las relaciones humanas, esas que a veces se ti\u00f1en de miradas llenas de juicio, resentimiento y que pueden llegar a ser complejas, como la observaci\u00f3n del tiempo. Tomemos como ejemplo el fen\u00f3meno de la envidia; esto es cuando alguien ve que otra persona tiene cierto repunte en ciertos lugares, sin pararse a intentar comprender el sacrificio que hay detr\u00e1s, y sale el veneno que lleva dentro. No deber\u00eda llamarle la atenci\u00f3n el lugar que ocupa, sino la pasi\u00f3n, la dedicaci\u00f3n y el esfuerzo que se ha invertido para estar en ese punto.<\/p>\n<p>Desde muy joven he dedicado horas y horas, madrugones que no siempre me apetec\u00eda darme o noches en vela, horas de estudio y lectura con el \u00fanico prop\u00f3sito de intentar estar lo m\u00e1s pr\u00f3ximo a cumplir un sue\u00f1o m\u00e1s all\u00e1 de lo material: entender y comprender el cielo, el clima y sus variables.<\/p>\n<p>Uno de mis prop\u00f3sitos ha sido disfrutar de la meteorolog\u00eda y eso es lo que he ganado. Ahora que estoy jubilado, una jubilaci\u00f3n bien merecida (ya que desde los dieciocho a\u00f1os he estado trabajando), puedo disfrutar desde la serenidad que me dan mis a\u00f1os, seguir estudiando estos fen\u00f3menos y vivir mis d\u00edas con la satisfacci\u00f3n de hacer lo que me gusta.<\/p>\n<p>Sin embargo, del mismo modo que me causa tristeza ver arroyos o r\u00edos sin agua, me causa cierta indignaci\u00f3n ver c\u00f3mo hay personas que, en lugar de reconocer este esfuerzo, sienten la necesidad de criticar e incluso descalificar lo que no comprenden. Las redes sociales me dan mucho trabajo, tambi\u00e9n la alegr\u00eda de conocer a muchas personas que son estupendas, o poder seguir \u201cconectado\u201d con compa\u00f1eros que comparten la misma afici\u00f3n aunque est\u00e9n lejos. Pero tambi\u00e9n observo que las redes sociales permiten hacer comentarios desde el anonimato, con la impunidad de no mostrar ni rostro ni nombre real, intentando rebajar la dignidad de quien se critica.<\/p>\n<p>Lo m\u00e1s curioso es que lo hacen sin darse cuenta de que realmente quedan retratados en esos comentarios: no es la persona que lo recibe quien queda afectada, sino el propio cr\u00edtico.<\/p>\n<p>Le\u00ed por ah\u00ed que una falta de ortograf\u00eda, un error que delata la simple imperfecci\u00f3n en las palabras, es simplemente eso. <strong>Quien critica, quien intenta esconderse en el anonimato, no puede esconder su propia inseguridad y frustraci\u00f3n.<\/strong><\/p>\n<p>El problema no est\u00e1 en el \u00e9xito de la persona que se ha esforzado, no est\u00e1 tampoco en la meteorolog\u00eda; verdaderamente est\u00e1\u00a0en quienes no saben c\u00f3mo valorar el esfuerzo ajeno ni la dedicaci\u00f3n que hay detr\u00e1s de lo que otros hacemos. Pero recordar que las cr\u00edticas, aquellas que no son constructivas, que estas s\u00ed las acepto de buen grado, son sombras que se desvanecen sin m\u00e1s.<\/p>\n<p>Aunque intenten oscurecer mi camino, mi pasi\u00f3n y dedicaci\u00f3n van a perdurar.<\/p>\n<p>Sobre la una de la tarde os pondr\u00e9 los probables acumulados para ma\u00f1ana jueves.<\/p>\n","protected":false},"excerpt":{"rendered":"<p>Hola, amigos de la meteo. Hoy os dejo este post, que no es m\u00e1s que una simple reflexi\u00f3n de una parcela de mi vida. Desde muy temprana edad ya sab\u00e9is que naci\u00f3 mi pasi\u00f3n por la meteorolog\u00eda, y que afortunadamente sigo manteniendo hasta el d\u00eda de hoy. Esta relaci\u00f3n la comparo con las relaciones humanas, [&hellip;]<\/p>\n","protected":false},"author":16,"featured_media":43801,"comment_status":"open","ping_status":"open","sticky":false,"template":"","format":"standard","meta":[],"categories":[2],"tags":[358,1365,1363,1364,2005],"_links":{"self":[{"href":"https:\/\/blogs.diariosur.es\/tormentas-y-rayos\/wp-json\/wp\/v2\/posts\/43800"}],"collection":[{"href":"https:\/\/blogs.diariosur.es\/tormentas-y-rayos\/wp-json\/wp\/v2\/posts"}],"about":[{"href":"https:\/\/blogs.diariosur.es\/tormentas-y-rayos\/wp-json\/wp\/v2\/types\/post"}],"author":[{"embeddable":true,"href":"https:\/\/blogs.diariosur.es\/tormentas-y-rayos\/wp-json\/wp\/v2\/users\/16"}],"replies":[{"embeddable":true,"href":"https:\/\/blogs.diariosur.es\/tormentas-y-rayos\/wp-json\/wp\/v2\/comments?post=43800"}],"version-history":[{"count":2,"href":"https:\/\/blogs.diariosur.es\/tormentas-y-rayos\/wp-json\/wp\/v2\/posts\/43800\/revisions"}],"predecessor-version":[{"id":46713,"href":"https:\/\/blogs.diariosur.es\/tormentas-y-rayos\/wp-json\/wp\/v2\/posts\/43800\/revisions\/46713"}],"wp:featuredmedia":[{"embeddable":true,"href":"https:\/\/blogs.diariosur.es\/tormentas-y-rayos\/wp-json\/wp\/v2\/media\/43801"}],"wp:attachment":[{"href":"https:\/\/blogs.diariosur.es\/tormentas-y-rayos\/wp-json\/wp\/v2\/media?parent=43800"}],"wp:term":[{"taxonomy":"category","embeddable":true,"href":"https:\/\/blogs.diariosur.es\/tormentas-y-rayos\/wp-json\/wp\/v2\/categories?post=43800"},{"taxonomy":"post_tag","embeddable":true,"href":"https:\/\/blogs.diariosur.es\/tormentas-y-rayos\/wp-json\/wp\/v2\/tags?post=43800"}],"curies":[{"name":"wp","href":"https:\/\/api.w.org\/{rel}","templated":true}]}}