{"id":43804,"date":"2025-03-12T12:06:04","date_gmt":"2025-03-12T11:06:04","guid":{"rendered":"https:\/\/blogs.diariosur.es\/tormentas-y-rayos\/?p=43804"},"modified":"2025-10-06T08:34:14","modified_gmt":"2025-10-06T06:34:14","slug":"probables-acumulados-manana-jueves-en-la-provincia-de-malaga-avisos-por-lluvias-viento-tormentas-y-fenomenos-costeros","status":"publish","type":"post","link":"https:\/\/blogs.diariosur.es\/tormentas-y-rayos\/2025\/03\/12\/probables-acumulados-manana-jueves-en-la-provincia-de-malaga-avisos-por-lluvias-viento-tormentas-y-fenomenos-costeros\/","title":{"rendered":"Probables acumulados ma\u00f1ana jueves en la provincia de M\u00e1laga. Avisos por lluvias, viento, tormentas y fen\u00f3menos costeros"},"content":{"rendered":"<p><a href=\"https:\/\/static-blogs.diariosur.es\/wp-content\/uploads\/sites\/12\/2025\/03\/474591997_10231480374091459_5977821584942016476_n.jpg\"><img loading=\"lazy\" class=\"aligncenter size-thumbnail wp-image-43666\" src=\"https:\/\/static-blogs.diariosur.es\/wp-content\/uploads\/sites\/12\/2025\/03\/474591997_10231480374091459_5977821584942016476_n-150x150.jpg\" alt=\"\" width=\"150\" height=\"150\" srcset=\"https:\/\/static-blogs.diariosur.es\/wp-content\/uploads\/sites\/12\/2025\/03\/474591997_10231480374091459_5977821584942016476_n-150x150.jpg 150w, https:\/\/static-blogs.diariosur.es\/wp-content\/uploads\/sites\/12\/2025\/03\/474591997_10231480374091459_5977821584942016476_n-400x400.jpg 400w, https:\/\/static-blogs.diariosur.es\/wp-content\/uploads\/sites\/12\/2025\/03\/474591997_10231480374091459_5977821584942016476_n-408x408.jpg 408w, https:\/\/static-blogs.diariosur.es\/wp-content\/uploads\/sites\/12\/2025\/03\/474591997_10231480374091459_5977821584942016476_n-768x768.jpg 768w, https:\/\/static-blogs.diariosur.es\/wp-content\/uploads\/sites\/12\/2025\/03\/474591997_10231480374091459_5977821584942016476_n.jpg 1000w\" sizes=\"(max-width: 150px) 100vw, 150px\" \/><\/a><\/p>\n<p data-pm-slice=\"1 1 []\">Hola, amigos de la meteo. Hoy mi\u00e9rcoles por la tarde noche, ya hay probabilidad de precipitaciones en la provincia de M\u00e1laga; empezar\u00e1n por la zona occidental. Adem\u00e1s de la borrasca Konrad, la formaci\u00f3n de una baja secundaria en el Golfo de C\u00e1diz ser\u00e1 la que traiga las rachas fuertes de viento.<\/p>\n<p>Ayer tuvimos una sorpresa en Nerja; no lo esperaba. Mi amigo Francisco Luis M\u00e1rquez Soto, me manda este video de la Calle el Barrio que hizo por la tarde. Algunos que pusieron lavadoras se acordar\u00e1n de m\u00ed, jijijijiji. Por cierto, mi amigo Francis tiene una tienda en esta calle de Nerja que se llama M\u00e1laga con Sabor; os la recomiendo.<\/p>\n<p>&nbsp;<\/p>\n<p><iframe loading=\"lazy\" title=\"Autor. Francisco Luis M\u00e1rquez Soto. Chaparr\u00f3n en Nerja. Por la tarde no se esperaba\" width=\"500\" height=\"281\" src=\"https:\/\/www.youtube.com\/embed\/V058Y5BbOi8?feature=oembed\" frameborder=\"0\" allow=\"accelerometer; autoplay; clipboard-write; encrypted-media; gyroscope; picture-in-picture; web-share\" referrerpolicy=\"strict-origin-when-cross-origin\" allowfullscreen><\/iframe><\/p>\n<p>&nbsp;<\/p>\n<h3 data-pm-slice=\"1 1 []\"><strong>Avisos actualizados para ma\u00f1ana jueves en la provincia de M\u00e1laga.<\/strong><\/h3>\n<p><strong>AVISO AMARILLO POR LLUVIAS EN SOL, GUADALHORCE, RONDA Y AXARQU\u00cdA<\/strong><\/p>\n<p>Precipitaci\u00f3n acumulada en una hora: 15 mm.<\/p>\n<p>Precipitaci\u00f3n acumulada en 12 horas: 40 mm.<\/p>\n<p><strong>AVISO AMARILLO POR VIENTO EN SOL, GUADALHORCE, RONDA Y AXARQU\u00cdA<\/strong><\/p>\n<p>Rachas m\u00e1ximas: 70 km\/h. Vientos de componente oeste.<\/p>\n<p><strong>AVISO AMARILLO POR FEN\u00d3MENOS COSTEROS EN TODA LA COSTA MALAGUE\u00d1A<\/strong><\/p>\n<p>Viento del oeste y suroeste de 50 a 60 km\/h (fuerza 7) y olas de 2 a 3 m de altura significativa y mar combinada del W de 4 m.<\/p>\n<p><strong>AVISO AMARILLO POR TORMENTAS EN LA COMARCA DE RONDA<\/strong><\/p>\n<p>&nbsp;<\/p>\n<p>Os pongo los acumulados probables para ma\u00f1ana jueves. Si os fij\u00e1is, hay diferencia con algunos modelos. Este tipo de situaci\u00f3n le es muy favorable al interior de la Axarqu\u00eda.<\/p>\n<p><strong>EUROPEO<\/strong><\/p>\n<p>&nbsp;<\/p>\n<p><a href=\"https:\/\/static-blogs.diariosur.es\/wp-content\/uploads\/sites\/12\/2025\/03\/europeo-5.jpg\"><img loading=\"lazy\" class=\"aligncenter size-full wp-image-43805\" src=\"https:\/\/static-blogs.diariosur.es\/wp-content\/uploads\/sites\/12\/2025\/03\/europeo-5.jpg\" alt=\"\" width=\"1167\" height=\"1278\" srcset=\"https:\/\/static-blogs.diariosur.es\/wp-content\/uploads\/sites\/12\/2025\/03\/europeo-5.jpg 1167w, https:\/\/static-blogs.diariosur.es\/wp-content\/uploads\/sites\/12\/2025\/03\/europeo-5-365x400.jpg 365w, https:\/\/static-blogs.diariosur.es\/wp-content\/uploads\/sites\/12\/2025\/03\/europeo-5-373x408.jpg 373w, https:\/\/static-blogs.diariosur.es\/wp-content\/uploads\/sites\/12\/2025\/03\/europeo-5-768x841.jpg 768w\" sizes=\"(max-width: 1167px) 100vw, 1167px\" \/><\/a><\/p>\n<p>&nbsp;<\/p>\n<p><strong>AMERICANO<\/strong><\/p>\n<p>&nbsp;<\/p>\n<p><img loading=\"lazy\" class=\"aligncenter size-full wp-image-43806\" src=\"https:\/\/static-blogs.diariosur.es\/wp-content\/uploads\/sites\/12\/2025\/03\/americano-5.jpg\" alt=\"\" width=\"1165\" height=\"1252\" srcset=\"https:\/\/static-blogs.diariosur.es\/wp-content\/uploads\/sites\/12\/2025\/03\/americano-5.jpg 1165w, https:\/\/static-blogs.diariosur.es\/wp-content\/uploads\/sites\/12\/2025\/03\/americano-5-372x400.jpg 372w, https:\/\/static-blogs.diariosur.es\/wp-content\/uploads\/sites\/12\/2025\/03\/americano-5-380x408.jpg 380w, https:\/\/static-blogs.diariosur.es\/wp-content\/uploads\/sites\/12\/2025\/03\/americano-5-768x825.jpg 768w\" sizes=\"(max-width: 1165px) 100vw, 1165px\" \/><strong>ARPEGIO<\/strong><\/p>\n<p>&nbsp;<\/p>\n<p><a href=\"https:\/\/static-blogs.diariosur.es\/wp-content\/uploads\/sites\/12\/2025\/03\/ARPEGE.jpg\"><img loading=\"lazy\" class=\"aligncenter size-full wp-image-43807\" src=\"https:\/\/static-blogs.diariosur.es\/wp-content\/uploads\/sites\/12\/2025\/03\/ARPEGE.jpg\" alt=\"\" width=\"1150\" height=\"1261\" srcset=\"https:\/\/static-blogs.diariosur.es\/wp-content\/uploads\/sites\/12\/2025\/03\/ARPEGE.jpg 1150w, https:\/\/static-blogs.diariosur.es\/wp-content\/uploads\/sites\/12\/2025\/03\/ARPEGE-365x400.jpg 365w, https:\/\/static-blogs.diariosur.es\/wp-content\/uploads\/sites\/12\/2025\/03\/ARPEGE-372x408.jpg 372w, https:\/\/static-blogs.diariosur.es\/wp-content\/uploads\/sites\/12\/2025\/03\/ARPEGE-768x842.jpg 768w\" sizes=\"(max-width: 1150px) 100vw, 1150px\" \/><\/a><\/p>\n<p>&nbsp;<\/p>\n<p><strong>REINO UNIDO<\/strong><\/p>\n<p>&nbsp;<\/p>\n<p><a href=\"https:\/\/static-blogs.diariosur.es\/wp-content\/uploads\/sites\/12\/2025\/03\/REINO-UNIDO-5.jpg\"><img loading=\"lazy\" class=\"aligncenter size-full wp-image-43808\" src=\"https:\/\/static-blogs.diariosur.es\/wp-content\/uploads\/sites\/12\/2025\/03\/REINO-UNIDO-5.jpg\" alt=\"\" width=\"1152\" height=\"1245\" srcset=\"https:\/\/static-blogs.diariosur.es\/wp-content\/uploads\/sites\/12\/2025\/03\/REINO-UNIDO-5.jpg 1152w, https:\/\/static-blogs.diariosur.es\/wp-content\/uploads\/sites\/12\/2025\/03\/REINO-UNIDO-5-370x400.jpg 370w, https:\/\/static-blogs.diariosur.es\/wp-content\/uploads\/sites\/12\/2025\/03\/REINO-UNIDO-5-378x408.jpg 378w, https:\/\/static-blogs.diariosur.es\/wp-content\/uploads\/sites\/12\/2025\/03\/REINO-UNIDO-5-768x830.jpg 768w\" sizes=\"(max-width: 1152px) 100vw, 1152px\" \/><\/a><\/p>\n<p>&nbsp;<\/p>\n<p><strong>ICONO<\/strong><\/p>\n<p>&nbsp;<\/p>\n<p>&nbsp;<\/p>\n<p><a href=\"https:\/\/static-blogs.diariosur.es\/wp-content\/uploads\/sites\/12\/2025\/03\/ICONO-5.jpg\"><img loading=\"lazy\" class=\"aligncenter size-full wp-image-43809\" src=\"https:\/\/static-blogs.diariosur.es\/wp-content\/uploads\/sites\/12\/2025\/03\/ICONO-5.jpg\" alt=\"\" width=\"1149\" height=\"1257\" srcset=\"https:\/\/static-blogs.diariosur.es\/wp-content\/uploads\/sites\/12\/2025\/03\/ICONO-5.jpg 1149w, https:\/\/static-blogs.diariosur.es\/wp-content\/uploads\/sites\/12\/2025\/03\/ICONO-5-366x400.jpg 366w, https:\/\/static-blogs.diariosur.es\/wp-content\/uploads\/sites\/12\/2025\/03\/ICONO-5-373x408.jpg 373w, https:\/\/static-blogs.diariosur.es\/wp-content\/uploads\/sites\/12\/2025\/03\/ICONO-5-768x840.jpg 768w\" sizes=\"(max-width: 1149px) 100vw, 1149px\" \/><\/a><\/p>\n<p>&nbsp;<\/p>\n<p>Que siga la lluvia. Foto Jos\u00e9 Luis Escudero<\/p>\n<p>&nbsp;<\/p>\n<p><a href=\"https:\/\/static-blogs.diariosur.es\/wp-content\/uploads\/sites\/12\/2025\/03\/482059046_10231859648693087_830001141752644929_n-e1741765326330.jpg\"><img loading=\"lazy\" class=\"aligncenter size-full wp-image-43815\" src=\"https:\/\/static-blogs.diariosur.es\/wp-content\/uploads\/sites\/12\/2025\/03\/482059046_10231859648693087_830001141752644929_n-e1741765326330.jpg\" alt=\"\" width=\"1200\" height=\"900\" \/><\/a><\/p>\n","protected":false},"excerpt":{"rendered":"<p>Hola, amigos de la meteo. Hoy mi\u00e9rcoles por la tarde noche, ya hay probabilidad de precipitaciones en la provincia de M\u00e1laga; empezar\u00e1n por la zona occidental. Adem\u00e1s de la borrasca Konrad, la formaci\u00f3n de una baja secundaria en el Golfo de C\u00e1diz ser\u00e1 la que traiga las rachas fuertes de viento. Ayer tuvimos una sorpresa [&hellip;]<\/p>\n","protected":false},"author":16,"featured_media":43815,"comment_status":"open","ping_status":"open","sticky":false,"template":"","format":"standard","meta":[],"categories":[2],"tags":[94,151,188,358,2003,569,587,800,1059],"_links":{"self":[{"href":"https:\/\/blogs.diariosur.es\/tormentas-y-rayos\/wp-json\/wp\/v2\/posts\/43804"}],"collection":[{"href":"https:\/\/blogs.diariosur.es\/tormentas-y-rayos\/wp-json\/wp\/v2\/posts"}],"about":[{"href":"https:\/\/blogs.diariosur.es\/tormentas-y-rayos\/wp-json\/wp\/v2\/types\/post"}],"author":[{"embeddable":true,"href":"https:\/\/blogs.diariosur.es\/tormentas-y-rayos\/wp-json\/wp\/v2\/users\/16"}],"replies":[{"embeddable":true,"href":"https:\/\/blogs.diariosur.es\/tormentas-y-rayos\/wp-json\/wp\/v2\/comments?post=43804"}],"version-history":[{"count":10,"href":"https:\/\/blogs.diariosur.es\/tormentas-y-rayos\/wp-json\/wp\/v2\/posts\/43804\/revisions"}],"predecessor-version":[{"id":46714,"href":"https:\/\/blogs.diariosur.es\/tormentas-y-rayos\/wp-json\/wp\/v2\/posts\/43804\/revisions\/46714"}],"wp:featuredmedia":[{"embeddable":true,"href":"https:\/\/blogs.diariosur.es\/tormentas-y-rayos\/wp-json\/wp\/v2\/media\/43815"}],"wp:attachment":[{"href":"https:\/\/blogs.diariosur.es\/tormentas-y-rayos\/wp-json\/wp\/v2\/media?parent=43804"}],"wp:term":[{"taxonomy":"category","embeddable":true,"href":"https:\/\/blogs.diariosur.es\/tormentas-y-rayos\/wp-json\/wp\/v2\/categories?post=43804"},{"taxonomy":"post_tag","embeddable":true,"href":"https:\/\/blogs.diariosur.es\/tormentas-y-rayos\/wp-json\/wp\/v2\/tags?post=43804"}],"curies":[{"name":"wp","href":"https:\/\/api.w.org\/{rel}","templated":true}]}}