{"id":43823,"date":"2025-03-13T09:28:17","date_gmt":"2025-03-13T08:28:17","guid":{"rendered":"https:\/\/blogs.diariosur.es\/tormentas-y-rayos\/?p=43823"},"modified":"2025-10-06T08:30:21","modified_gmt":"2025-10-06T06:30:21","slug":"llovera-en-la-provincia-malaguena-este-proximo-fin-de-semana","status":"publish","type":"post","link":"https:\/\/blogs.diariosur.es\/tormentas-y-rayos\/2025\/03\/13\/llovera-en-la-provincia-malaguena-este-proximo-fin-de-semana\/","title":{"rendered":"\u00bfLlovera en la provincia malague\u00f1a este pr\u00f3ximo fin de semana?"},"content":{"rendered":"<p><a href=\"https:\/\/static-blogs.diariosur.es\/wp-content\/uploads\/sites\/12\/2025\/03\/474591997_10231480374091459_5977821584942016476_n.jpg\"><img loading=\"lazy\" class=\"aligncenter size-thumbnail wp-image-43666\" src=\"https:\/\/static-blogs.diariosur.es\/wp-content\/uploads\/sites\/12\/2025\/03\/474591997_10231480374091459_5977821584942016476_n-150x150.jpg\" alt=\"\" width=\"150\" height=\"150\" srcset=\"https:\/\/static-blogs.diariosur.es\/wp-content\/uploads\/sites\/12\/2025\/03\/474591997_10231480374091459_5977821584942016476_n-150x150.jpg 150w, https:\/\/static-blogs.diariosur.es\/wp-content\/uploads\/sites\/12\/2025\/03\/474591997_10231480374091459_5977821584942016476_n-400x400.jpg 400w, https:\/\/static-blogs.diariosur.es\/wp-content\/uploads\/sites\/12\/2025\/03\/474591997_10231480374091459_5977821584942016476_n-408x408.jpg 408w, https:\/\/static-blogs.diariosur.es\/wp-content\/uploads\/sites\/12\/2025\/03\/474591997_10231480374091459_5977821584942016476_n-768x768.jpg 768w, https:\/\/static-blogs.diariosur.es\/wp-content\/uploads\/sites\/12\/2025\/03\/474591997_10231480374091459_5977821584942016476_n.jpg 1000w\" sizes=\"(max-width: 150px) 100vw, 150px\" \/><\/a><\/p>\n<p data-pm-slice=\"1 1 []\">Muy buenos d\u00edas lluviosos, amigos de la meteo. Si os duele la cabeza, es por la borrasca secundaria que se ha formado cerca del golfo de C\u00e1diz. En estos momentos, a las nueve de la ma\u00f1ana, tenemos una presi\u00f3n de 998 hPa.<\/p>\n<p>Os pongo el mapa de superficie de la AEMET y la gr\u00e1fica de presi\u00f3n de la estaci\u00f3n del aeropuerto.<\/p>\n<p>&nbsp;<\/p>\n<p><a href=\"https:\/\/static-blogs.diariosur.es\/wp-content\/uploads\/sites\/12\/2025\/03\/2025031212024_ww_g1x0a2d1-e1741853054479.gif\"><img loading=\"lazy\" class=\"aligncenter size-full wp-image-43828\" src=\"https:\/\/static-blogs.diariosur.es\/wp-content\/uploads\/sites\/12\/2025\/03\/2025031212024_ww_g1x0a2d1-e1741853054479.gif\" alt=\"\" width=\"1000\" height=\"700\" \/><\/a><\/p>\n<p><a href=\"https:\/\/static-blogs.diariosur.es\/wp-content\/uploads\/sites\/12\/2025\/03\/Screenshot_20250313_085838_Chrome-e1741852845192.jpg\"><img loading=\"lazy\" class=\"aligncenter size-full wp-image-43826\" src=\"https:\/\/static-blogs.diariosur.es\/wp-content\/uploads\/sites\/12\/2025\/03\/Screenshot_20250313_085838_Chrome-e1741852845192.jpg\" alt=\"\" width=\"1100\" height=\"1071\" \/><\/a><\/p>\n<p>Acabo de venir del Arroyo las Ca\u00f1as en M\u00e1laga capital (Recinto Ferial Cortijo Torres), lleva muchos d\u00edas con agua. Os pongo el video.<\/p>\n<p>&nbsp;<\/p>\n<p><iframe loading=\"lazy\" title=\"Arroyo las Ca\u00f1as en M\u00e1laga capital.  Recinto Ferial Cortijo Torres\" width=\"500\" height=\"281\" src=\"https:\/\/www.youtube.com\/embed\/ibUrpZ-JpDg?feature=oembed\" frameborder=\"0\" allow=\"accelerometer; autoplay; clipboard-write; encrypted-media; gyroscope; picture-in-picture; web-share\" referrerpolicy=\"strict-origin-when-cross-origin\" allowfullscreen><\/iframe><\/p>\n<p>&nbsp;<\/p>\n<p>&nbsp;<\/p>\n<p data-pm-slice=\"1 1 []\">Ma\u00f1ana viernes sigue habiendo probabilidad de precipitaciones en la provincia de M\u00e1laga; ser\u00e1n m\u00e1s abundantes durante la madrugada y primeras horas de la ma\u00f1ana. Con un poco de suerte, cuando empiece ma\u00f1ana el Festival de Cine, bajar\u00e1 la probabilidad de lluvias.<\/p>\n<h3><\/h3>\n<h3><strong>\u00bfLlover\u00e1 en la provincia malague\u00f1a este pr\u00f3ximo fin de semana?<\/strong><\/h3>\n<p><strong>El s\u00e1bado 15<\/strong>, baja la probabilidad de precipitaciones en toda la provincia.<\/p>\n<p>Tendremos poniente y terral de primavera moderado.<\/p>\n<p>La AEMET prev\u00e9 estas temperaturas m\u00e1ximas y m\u00ednimas.<\/p>\n<p>&nbsp;<\/p>\n<p><a href=\"https:\/\/static-blogs.diariosur.es\/wp-content\/uploads\/sites\/12\/2025\/03\/sabado.jpg\"><img loading=\"lazy\" class=\"aligncenter size-full wp-image-43829\" src=\"https:\/\/static-blogs.diariosur.es\/wp-content\/uploads\/sites\/12\/2025\/03\/sabado.jpg\" alt=\"\" width=\"1047\" height=\"817\" srcset=\"https:\/\/static-blogs.diariosur.es\/wp-content\/uploads\/sites\/12\/2025\/03\/sabado.jpg 1047w, https:\/\/static-blogs.diariosur.es\/wp-content\/uploads\/sites\/12\/2025\/03\/sabado-513x400.jpg 513w, https:\/\/static-blogs.diariosur.es\/wp-content\/uploads\/sites\/12\/2025\/03\/sabado-523x408.jpg 523w, https:\/\/static-blogs.diariosur.es\/wp-content\/uploads\/sites\/12\/2025\/03\/sabado-768x599.jpg 768w\" sizes=\"(max-width: 1047px) 100vw, 1047px\" \/><\/a><\/p>\n<p>&nbsp;<\/p>\n<p data-pm-slice=\"1 1 []\">El domingo 16, aumenta la probabilidad de algunos chubascos <strong>d\u00e9biles y espor\u00e1dicos<\/strong> por el interior y zona occidental de la provincia.<\/p>\n<p>Seguiremos con poniente y terral de primavera.<\/p>\n<p>La AEMET prev\u00e9 estas temperaturas m\u00e1ximas y m\u00ednimas.<\/p>\n<p>&nbsp;<\/p>\n<p>&nbsp;<\/p>\n<p><a href=\"https:\/\/static-blogs.diariosur.es\/wp-content\/uploads\/sites\/12\/2025\/03\/domingo.jpg\"><img loading=\"lazy\" class=\"aligncenter size-full wp-image-43830\" src=\"https:\/\/static-blogs.diariosur.es\/wp-content\/uploads\/sites\/12\/2025\/03\/domingo.jpg\" alt=\"\" width=\"1036\" height=\"811\" srcset=\"https:\/\/static-blogs.diariosur.es\/wp-content\/uploads\/sites\/12\/2025\/03\/domingo.jpg 1036w, https:\/\/static-blogs.diariosur.es\/wp-content\/uploads\/sites\/12\/2025\/03\/domingo-511x400.jpg 511w, https:\/\/static-blogs.diariosur.es\/wp-content\/uploads\/sites\/12\/2025\/03\/domingo-521x408.jpg 521w, https:\/\/static-blogs.diariosur.es\/wp-content\/uploads\/sites\/12\/2025\/03\/domingo-768x601.jpg 768w\" sizes=\"(max-width: 1036px) 100vw, 1036px\" \/><\/a><\/p>\n<p>&nbsp;<\/p>\n<p>&nbsp;<\/p>\n<p>&nbsp;<\/p>\n<p data-pm-slice=\"1 1 []\">Aunque a\u00fan es pronto para confirmarlo, todo hace indicar que la pr\u00f3xima semana comenzar\u00e1 con lluvias.<\/p>\n<p>Os dejo hasta ma\u00f1ana con esta foto que hizo mi amigo Lui, G. Mar\u00edn.<\/p>\n<p>&nbsp;<\/p>\n<p>&nbsp;<\/p>\n<p><a href=\"https:\/\/static-blogs.diariosur.es\/wp-content\/uploads\/sites\/12\/2025\/03\/483920475_10231892821882396_4217339315511825622_n-e1741854403689.jpg\"><img loading=\"lazy\" class=\"aligncenter size-full wp-image-43831\" src=\"https:\/\/static-blogs.diariosur.es\/wp-content\/uploads\/sites\/12\/2025\/03\/483920475_10231892821882396_4217339315511825622_n-e1741854403689.jpg\" alt=\"\" width=\"800\" height=\"1043\" \/><\/a><\/p>\n","protected":false},"excerpt":{"rendered":"<p>Muy buenos d\u00edas lluviosos, amigos de la meteo. Si os duele la cabeza, es por la borrasca secundaria que se ha formado cerca del golfo de C\u00e1diz. En estos momentos, a las nueve de la ma\u00f1ana, tenemos una presi\u00f3n de 998 hPa. Os pongo el mapa de superficie de la AEMET y la gr\u00e1fica de [&hellip;]<\/p>\n","protected":false},"author":16,"featured_media":43831,"comment_status":"open","ping_status":"open","sticky":false,"template":"","format":"standard","meta":[],"categories":[2],"tags":[94,151,188,358,2006,569,587,1059],"_links":{"self":[{"href":"https:\/\/blogs.diariosur.es\/tormentas-y-rayos\/wp-json\/wp\/v2\/posts\/43823"}],"collection":[{"href":"https:\/\/blogs.diariosur.es\/tormentas-y-rayos\/wp-json\/wp\/v2\/posts"}],"about":[{"href":"https:\/\/blogs.diariosur.es\/tormentas-y-rayos\/wp-json\/wp\/v2\/types\/post"}],"author":[{"embeddable":true,"href":"https:\/\/blogs.diariosur.es\/tormentas-y-rayos\/wp-json\/wp\/v2\/users\/16"}],"replies":[{"embeddable":true,"href":"https:\/\/blogs.diariosur.es\/tormentas-y-rayos\/wp-json\/wp\/v2\/comments?post=43823"}],"version-history":[{"count":7,"href":"https:\/\/blogs.diariosur.es\/tormentas-y-rayos\/wp-json\/wp\/v2\/posts\/43823\/revisions"}],"predecessor-version":[{"id":46712,"href":"https:\/\/blogs.diariosur.es\/tormentas-y-rayos\/wp-json\/wp\/v2\/posts\/43823\/revisions\/46712"}],"wp:featuredmedia":[{"embeddable":true,"href":"https:\/\/blogs.diariosur.es\/tormentas-y-rayos\/wp-json\/wp\/v2\/media\/43831"}],"wp:attachment":[{"href":"https:\/\/blogs.diariosur.es\/tormentas-y-rayos\/wp-json\/wp\/v2\/media?parent=43823"}],"wp:term":[{"taxonomy":"category","embeddable":true,"href":"https:\/\/blogs.diariosur.es\/tormentas-y-rayos\/wp-json\/wp\/v2\/categories?post=43823"},{"taxonomy":"post_tag","embeddable":true,"href":"https:\/\/blogs.diariosur.es\/tormentas-y-rayos\/wp-json\/wp\/v2\/tags?post=43823"}],"curies":[{"name":"wp","href":"https:\/\/api.w.org\/{rel}","templated":true}]}}