{"id":4383,"date":"2012-12-11T20:41:47","date_gmt":"2012-12-11T19:41:47","guid":{"rendered":"http:\/\/blogs.diariosur.es\/tormentas-y-rayos\/?p=4383"},"modified":"2012-12-11T20:41:47","modified_gmt":"2012-12-11T19:41:47","slug":"posibles-chubascos-el-miercoles-12-en-la-costa-mediterranea-andaluza-a-partir-del-jueves-el-terral-de-otono-sera-el-protagonista-pero-no-por-el-frio","status":"publish","type":"post","link":"https:\/\/blogs.diariosur.es\/tormentas-y-rayos\/2012\/12\/11\/posibles-chubascos-el-miercoles-12-en-la-costa-mediterranea-andaluza-a-partir-del-jueves-el-terral-de-otono-sera-el-protagonista-pero-no-por-el-frio\/","title":{"rendered":"Posibles chubascos el mi\u00e9rcoles 12 en la Costa Mediterr\u00e1nea Andaluza. A partir del jueves el terral de oto\u00f1o sera el protagonista, pero no por el fr\u00edo."},"content":{"rendered":"<p><strong>Buenas noche amigos \u00a0de la meteo. Son las siete de la tarde, mi term\u00f3metro me marca 14 grados y los cielos est\u00e1n \u00a0nubosos. Ma\u00f1ana no podre actualizarlo el blog, tengo turno doble y me sera imposible, por eso lo hago a esta hora.<\/strong><\/p>\n<p><strong> Antes de daros la predicci\u00f3n para el mi\u00e9rcoles y jueves, os hago un peque\u00f1o resumen del lunes y martes.<\/strong><\/p>\n<p><strong>La m\u00ednima del lunes fue de 9,8 grados y la m\u00e1xima de 18. El dia amaneci\u00f3 con cielos nubosos, d\u00e1ndose un bonito amanecer, nuestro amigo Antonio Portillo quiere compartir esta preciosa foto, que por cierto se la sacaron en Canal Sur.<\/strong><\/p>\n<p><a href=\"https:\/\/blogs.diariosur.es\/tormentas-y-rayos\/2012\/12\/11\/posibles-chubascos-el-miercoles-12-en-la-costa-mediterranea-andaluza-a-partir-del-jueves-el-terral-de-otono-sera-el-protagonista-pero-no-por-el-frio\/antonio-portillo-3\/\" rel=\"attachment wp-att-4384\"><img loading=\"lazy\" class=\"aligncenter size-full wp-image-4384\" title=\"antonio Portillo\" src=\"\/tormentas-y-rayos\/wp-content\/uploads\/sites\/12\/2012\/12\/antonio-Portillo.jpg\" alt=\"\" width=\"670\" height=\"447\" srcset=\"https:\/\/static-blogs.diariosur.es\/wp-content\/uploads\/sites\/12\/2012\/12\/antonio-Portillo.jpg 670w, https:\/\/static-blogs.diariosur.es\/wp-content\/uploads\/sites\/12\/2012\/12\/antonio-Portillo-600x400.jpg 600w\" sizes=\"(max-width: 670px) 100vw, 670px\" \/><\/a><\/p>\n<p>&nbsp;<\/p>\n<p><strong>De camino al curro, me pare con la moto y con la c\u00e1mara chica lo fotografi\u00e9 tambi\u00e9n.<\/strong><\/p>\n<p><a href=\"https:\/\/blogs.diariosur.es\/tormentas-y-rayos\/2012\/12\/11\/posibles-chubascos-el-miercoles-12-en-la-costa-mediterranea-andaluza-a-partir-del-jueves-el-terral-de-otono-sera-el-protagonista-pero-no-por-el-frio\/004-2-2\/\" rel=\"attachment wp-att-4385\"><img loading=\"lazy\" class=\"aligncenter size-full wp-image-4385\" title=\"004 (2)\" src=\"\/tormentas-y-rayos\/wp-content\/uploads\/sites\/12\/2012\/12\/004-2.jpg\" alt=\"\" width=\"670\" height=\"377\" srcset=\"https:\/\/static-blogs.diariosur.es\/wp-content\/uploads\/sites\/12\/2012\/12\/004-2.jpg 670w, https:\/\/static-blogs.diariosur.es\/wp-content\/uploads\/sites\/12\/2012\/12\/004-2-640x360.jpg 640w\" sizes=\"(max-width: 670px) 100vw, 670px\" \/><\/a><\/p>\n<p><strong>Por la tarde y casi\u00a0poni\u00e9ndose\u00a0el sol, el cielo poco a poco se fue despejando, pero dejo unos bonitos lenticularis y cirros .<\/strong><\/p>\n<p><a href=\"https:\/\/blogs.diariosur.es\/tormentas-y-rayos\/2012\/12\/11\/posibles-chubascos-el-miercoles-12-en-la-costa-mediterranea-andaluza-a-partir-del-jueves-el-terral-de-otono-sera-el-protagonista-pero-no-por-el-frio\/003-11\/\" rel=\"attachment wp-att-4386\"><img loading=\"lazy\" class=\"aligncenter size-full wp-image-4386\" title=\"003\" src=\"\/tormentas-y-rayos\/wp-content\/uploads\/sites\/12\/2012\/12\/0031.jpg\" alt=\"\" width=\"670\" height=\"377\" srcset=\"https:\/\/static-blogs.diariosur.es\/wp-content\/uploads\/sites\/12\/2012\/12\/0031.jpg 670w, https:\/\/static-blogs.diariosur.es\/wp-content\/uploads\/sites\/12\/2012\/12\/0031-640x360.jpg 640w\" sizes=\"(max-width: 670px) 100vw, 670px\" \/><\/a><\/p>\n<p>&nbsp;<\/p>\n<p><a href=\"https:\/\/blogs.diariosur.es\/tormentas-y-rayos\/2012\/12\/11\/posibles-chubascos-el-miercoles-12-en-la-costa-mediterranea-andaluza-a-partir-del-jueves-el-terral-de-otono-sera-el-protagonista-pero-no-por-el-frio\/006-6\/\" rel=\"attachment wp-att-4387\"><img loading=\"lazy\" class=\"aligncenter size-full wp-image-4387\" title=\"006\" src=\"\/tormentas-y-rayos\/wp-content\/uploads\/sites\/12\/2012\/12\/006.jpg\" alt=\"\" width=\"670\" height=\"377\" srcset=\"https:\/\/static-blogs.diariosur.es\/wp-content\/uploads\/sites\/12\/2012\/12\/006.jpg 670w, https:\/\/static-blogs.diariosur.es\/wp-content\/uploads\/sites\/12\/2012\/12\/006-640x360.jpg 640w\" sizes=\"(max-width: 670px) 100vw, 670px\" \/><\/a><\/p>\n<p>&nbsp;<\/p>\n<p>&nbsp;<\/p>\n<p><strong><span style=\"color: #0000ff;\">El martes la m\u00ednima fue de 10 grados y la m\u00e1xima de 16,8\u00a0 grados, estos datos son de mi estaci\u00f3n. El dia amanec\u00eda poco nuboso, solo algunas nubes en el horizonte. Nuestro amigo y cazatormentas Paco\u00a0Mart\u00edn\u00a0quiere compartir con todos nosotros este fot\u00f3n del amanecer del martes. Muchas Paco, me ha encantado la foto.<\/span><\/strong><\/p>\n<p><a href=\"https:\/\/blogs.diariosur.es\/tormentas-y-rayos\/2012\/12\/11\/posibles-chubascos-el-miercoles-12-en-la-costa-mediterranea-andaluza-a-partir-del-jueves-el-terral-de-otono-sera-el-protagonista-pero-no-por-el-frio\/paco-martin\/\" rel=\"attachment wp-att-4388\"><img loading=\"lazy\" class=\"aligncenter size-full wp-image-4388\" title=\"Paco Martin\" src=\"\/tormentas-y-rayos\/wp-content\/uploads\/sites\/12\/2012\/12\/Paco-Martin.jpg\" alt=\"\" width=\"670\" height=\"447\" srcset=\"https:\/\/static-blogs.diariosur.es\/wp-content\/uploads\/sites\/12\/2012\/12\/Paco-Martin.jpg 670w, https:\/\/static-blogs.diariosur.es\/wp-content\/uploads\/sites\/12\/2012\/12\/Paco-Martin-600x400.jpg 600w\" sizes=\"(max-width: 670px) 100vw, 670px\" \/><\/a><\/p>\n<p>&nbsp;<\/p>\n<p><strong>Por la tarde los cielos se llenaron de cirros, \u00a0que dejaron una bonita puesta de sol. Las fotos est\u00e1n tomadas desde el espig\u00f3n de la t\u00e9rmica.<\/strong><\/p>\n<p><a href=\"https:\/\/blogs.diariosur.es\/tormentas-y-rayos\/2012\/12\/11\/posibles-chubascos-el-miercoles-12-en-la-costa-mediterranea-andaluza-a-partir-del-jueves-el-terral-de-otono-sera-el-protagonista-pero-no-por-el-frio\/olympus-digital-camera-972\/\" rel=\"attachment wp-att-4389\"><img loading=\"lazy\" class=\"aligncenter size-full wp-image-4389\" title=\"OLYMPUS DIGITAL CAMERA\" src=\"\/tormentas-y-rayos\/wp-content\/uploads\/sites\/12\/2012\/12\/0111.jpg\" alt=\"\" width=\"670\" height=\"503\" srcset=\"https:\/\/static-blogs.diariosur.es\/wp-content\/uploads\/sites\/12\/2012\/12\/0111.jpg 670w, https:\/\/static-blogs.diariosur.es\/wp-content\/uploads\/sites\/12\/2012\/12\/0111-533x400.jpg 533w\" sizes=\"(max-width: 670px) 100vw, 670px\" \/><\/a><\/p>\n<p>&nbsp;<\/p>\n<p><a href=\"https:\/\/blogs.diariosur.es\/tormentas-y-rayos\/2012\/12\/11\/posibles-chubascos-el-miercoles-12-en-la-costa-mediterranea-andaluza-a-partir-del-jueves-el-terral-de-otono-sera-el-protagonista-pero-no-por-el-frio\/olympus-digital-camera-973\/\" rel=\"attachment wp-att-4390\"><img loading=\"lazy\" class=\"aligncenter size-full wp-image-4390\" title=\"OLYMPUS DIGITAL CAMERA\" src=\"\/tormentas-y-rayos\/wp-content\/uploads\/sites\/12\/2012\/12\/0091.jpg\" alt=\"\" width=\"670\" height=\"502\" srcset=\"https:\/\/static-blogs.diariosur.es\/wp-content\/uploads\/sites\/12\/2012\/12\/0091.jpg 670w, https:\/\/static-blogs.diariosur.es\/wp-content\/uploads\/sites\/12\/2012\/12\/0091-534x400.jpg 534w\" sizes=\"(max-width: 670px) 100vw, 670px\" \/><\/a><\/p>\n<p>&nbsp;<\/p>\n<p><strong>Como le promet\u00ed a Paco le pongo unos senos espa\u00f1oles, que por cierto a mi me gustan mas. Los que puse en el post del lunes parecen huevos de toro ji ji ji.<a href=\"https:\/\/blogs.diariosur.es\/tormentas-y-rayos\/2012\/12\/10\/impresionantes-senos-meteorologicos-apto-para-todos-los-publicos\/\"> Os paso el enlace del otro dia<\/a> y la foto.<\/strong><\/p>\n<p><strong>Estos mammatus son de mi amigo del foro de meteored Perrete.<\/strong><\/p>\n<p><a href=\"https:\/\/blogs.diariosur.es\/tormentas-y-rayos\/2012\/12\/11\/posibles-chubascos-el-miercoles-12-en-la-costa-mediterranea-andaluza-a-partir-del-jueves-el-terral-de-otono-sera-el-protagonista-pero-no-por-el-frio\/mammatus2\/\" rel=\"attachment wp-att-4391\"><img loading=\"lazy\" class=\"aligncenter size-full wp-image-4391\" title=\"mammatus2\" src=\"\/tormentas-y-rayos\/wp-content\/uploads\/sites\/12\/2012\/12\/mammatus2.jpg\" alt=\"\" width=\"670\" height=\"459\" srcset=\"https:\/\/static-blogs.diariosur.es\/wp-content\/uploads\/sites\/12\/2012\/12\/mammatus2.jpg 670w, https:\/\/static-blogs.diariosur.es\/wp-content\/uploads\/sites\/12\/2012\/12\/mammatus2-584x400.jpg 584w\" sizes=\"(max-width: 670px) 100vw, 670px\" \/><\/a><\/p>\n<p><strong>Y este otro de mi amiga Pyrene Conchi<\/strong><\/p>\n<p><a href=\"https:\/\/blogs.diariosur.es\/tormentas-y-rayos\/2012\/12\/11\/posibles-chubascos-el-miercoles-12-en-la-costa-mediterranea-andaluza-a-partir-del-jueves-el-terral-de-otono-sera-el-protagonista-pero-no-por-el-frio\/mamatus2\/\" rel=\"attachment wp-att-4392\"><img loading=\"lazy\" class=\"aligncenter size-full wp-image-4392\" title=\"mamatus2\" src=\"\/tormentas-y-rayos\/wp-content\/uploads\/sites\/12\/2012\/12\/mamatus2.jpg\" alt=\"\" width=\"670\" height=\"503\" srcset=\"https:\/\/static-blogs.diariosur.es\/wp-content\/uploads\/sites\/12\/2012\/12\/mamatus2.jpg 670w, https:\/\/static-blogs.diariosur.es\/wp-content\/uploads\/sites\/12\/2012\/12\/mamatus2-533x400.jpg 533w\" sizes=\"(max-width: 670px) 100vw, 670px\" \/><\/a><\/p>\n<p>&nbsp;<\/p>\n<p>&nbsp;<\/p>\n<p><span><strong><span style=\"color: #ff0000;\">Ma\u00f1ana mi\u00e9rcoles, hay posibilidad de que podamos tener alg\u00fan chubasco espor\u00e1dico. Esto se deber\u00e1 a la entrada de viento de levante y aun peque\u00f1o embolsamiento de aire\u00a0fr\u00edo.\u00a0 Hay posibilidad, que en la madrugada o primeras horas de la ma\u00f1ana se den esos goteos.<\/span><\/strong><\/span><\/p>\n<p><span style=\"color: #ff0000;\"><strong>En esta imagen del satelite eumetsat, se ven las nubes altas y medias que est\u00e1n llegando a Andaluc\u00eda. \u00a0Estas ser\u00e1n las que puedan traer esos chubascos.\u00a0<\/strong><\/span><\/p>\n<p><a href=\"https:\/\/blogs.diariosur.es\/tormentas-y-rayos\/2012\/12\/11\/posibles-chubascos-el-miercoles-12-en-la-costa-mediterranea-andaluza-a-partir-del-jueves-el-terral-de-otono-sera-el-protagonista-pero-no-por-el-frio\/chubascos-3\/\" rel=\"attachment wp-att-4393\"><img loading=\"lazy\" class=\"aligncenter size-medium wp-image-4393\" title=\"chubascos\" src=\"\/tormentas-y-rayos\/wp-content\/uploads\/sites\/12\/2012\/12\/chubascos.jpg\" alt=\"\" width=\"570\" height=\"400\" srcset=\"https:\/\/static-blogs.diariosur.es\/wp-content\/uploads\/sites\/12\/2012\/12\/chubascos.jpg 753w, https:\/\/static-blogs.diariosur.es\/wp-content\/uploads\/sites\/12\/2012\/12\/chubascos-570x400.jpg 570w\" sizes=\"(max-width: 570px) 100vw, 570px\" \/><\/a><\/p>\n<p><strong><span style=\"color: #ff0000;\">El jueves ira cambiado el viento a poniente, que sera de terral de oto\u00f1o en M\u00e1laga Capital. El jueves no espero lluvias, pero hay que estar atentos a una fuerte borrasca que se esta acercando al norte de\u00a0Inglaterra, esta borrasca\u00a0traer\u00e1\u00a0fuertes vientos y lluvias a Galicia. En la imagen que os he puesto arriba se ve claramente. Pero de esto hablaremos mas adelante,\u00a0quiz\u00e1s\u00a0el viernes o el jueves por la noche.<\/span><\/strong><\/p>\n<p><strong><span style=\"color: #ff0000;\">Lo que si os puedo confirmar, es \u00a0que no espero mucha lluvia en nuestra provincia, el viento si\u00a0soplar\u00eda\u00a0fuerte. Y las temperaturas\u00a0m\u00e1ximas\u00a0subir\u00edan, sobre todo a partir del viernes y la semana que viene. Incluso lo mismo se puede batir un\u00a0r\u00e9cord\u00a0en temperatura maxima para un mes de diciembre.<\/span><\/strong><\/p>\n<p><strong>Hoy os dejo con este pedazo de foto de mi amigo Rafael Hermida, es una puesta de sol en Cadiz. Muchas gracias Rafael por compartir este fot\u00f3n en mi blog.\u00a0<\/strong><\/p>\n<p><strong>Ma\u00f1ana\u00a0mi\u00e9rcoles el amanecer puede estar precioso, yo lo fotografiare de camino al curro.<\/strong>\u00a0<strong>Amiga Ana, aun quedan muchos dias para la navidad, pero no creo que ni tengamos frio ni lluvias ese dia. De todas formas lo iremos viendo poco a poco y si me equivoco en la mojada lo dire y como tu dices a tantos dias no me gusta mojarme ji ji.<\/strong><\/p>\n<p><a href=\"https:\/\/blogs.diariosur.es\/tormentas-y-rayos\/2012\/12\/11\/posibles-chubascos-el-miercoles-12-en-la-costa-mediterranea-andaluza-a-partir-del-jueves-el-terral-de-otono-sera-el-protagonista-pero-no-por-el-frio\/rafael-thorstein-puesta-de-sol-2\/\" rel=\"attachment wp-att-4395\"><img loading=\"lazy\" class=\"aligncenter size-full wp-image-4395\" title=\"rafael Thorstein, puesta de sol\" src=\"\/tormentas-y-rayos\/wp-content\/uploads\/sites\/12\/2012\/12\/rafael-Thorstein-puesta-de-sol1.jpg\" alt=\"\" width=\"690\" height=\"446\" srcset=\"https:\/\/static-blogs.diariosur.es\/wp-content\/uploads\/sites\/12\/2012\/12\/rafael-Thorstein-puesta-de-sol1.jpg 690w, https:\/\/static-blogs.diariosur.es\/wp-content\/uploads\/sites\/12\/2012\/12\/rafael-Thorstein-puesta-de-sol1-619x400.jpg 619w\" sizes=\"(max-width: 690px) 100vw, 690px\" \/><\/a><\/p>\n<p>&nbsp;<\/p>\n<p>&nbsp;<\/p>\n<p>&nbsp;<\/p>\n","protected":false},"excerpt":{"rendered":"<p>Buenas noche amigos \u00a0de la meteo. Son las siete de la tarde, mi term\u00f3metro me marca 14 grados y los cielos est\u00e1n \u00a0nubosos. Ma\u00f1ana no podre actualizarlo el blog, tengo turno doble y me sera imposible, por eso lo hago a esta hora. Antes de daros la predicci\u00f3n para el mi\u00e9rcoles y jueves, os hago [&hellip;]<\/p>\n","protected":false},"author":16,"featured_media":4396,"comment_status":"open","ping_status":"closed","sticky":false,"template":"","format":"standard","meta":[],"categories":[2],"tags":[249],"_links":{"self":[{"href":"https:\/\/blogs.diariosur.es\/tormentas-y-rayos\/wp-json\/wp\/v2\/posts\/4383"}],"collection":[{"href":"https:\/\/blogs.diariosur.es\/tormentas-y-rayos\/wp-json\/wp\/v2\/posts"}],"about":[{"href":"https:\/\/blogs.diariosur.es\/tormentas-y-rayos\/wp-json\/wp\/v2\/types\/post"}],"author":[{"embeddable":true,"href":"https:\/\/blogs.diariosur.es\/tormentas-y-rayos\/wp-json\/wp\/v2\/users\/16"}],"replies":[{"embeddable":true,"href":"https:\/\/blogs.diariosur.es\/tormentas-y-rayos\/wp-json\/wp\/v2\/comments?post=4383"}],"version-history":[{"count":0,"href":"https:\/\/blogs.diariosur.es\/tormentas-y-rayos\/wp-json\/wp\/v2\/posts\/4383\/revisions"}],"wp:featuredmedia":[{"embeddable":true,"href":"https:\/\/blogs.diariosur.es\/tormentas-y-rayos\/wp-json\/wp\/v2\/media\/4396"}],"wp:attachment":[{"href":"https:\/\/blogs.diariosur.es\/tormentas-y-rayos\/wp-json\/wp\/v2\/media?parent=4383"}],"wp:term":[{"taxonomy":"category","embeddable":true,"href":"https:\/\/blogs.diariosur.es\/tormentas-y-rayos\/wp-json\/wp\/v2\/categories?post=4383"},{"taxonomy":"post_tag","embeddable":true,"href":"https:\/\/blogs.diariosur.es\/tormentas-y-rayos\/wp-json\/wp\/v2\/tags?post=4383"}],"curies":[{"name":"wp","href":"https:\/\/api.w.org\/{rel}","templated":true}]}}