{"id":43852,"date":"2025-03-15T12:32:52","date_gmt":"2025-03-15T11:32:52","guid":{"rendered":"https:\/\/blogs.diariosur.es\/tormentas-y-rayos\/?p=43852"},"modified":"2025-10-06T08:25:30","modified_gmt":"2025-10-06T06:25:30","slug":"probable-aviso-amarillo-probables-acumulados-de-precipitacion-el-lunes-en-la-provincia-de-malaga-borrasca-laurance","status":"publish","type":"post","link":"https:\/\/blogs.diariosur.es\/tormentas-y-rayos\/2025\/03\/15\/probable-aviso-amarillo-probables-acumulados-de-precipitacion-el-lunes-en-la-provincia-de-malaga-borrasca-laurance\/","title":{"rendered":"Probable aviso amarillo. Probables acumulados de precipitaci\u00f3n el lunes en la provincia de M\u00e1laga. Borrasca Laurance"},"content":{"rendered":"<p>&nbsp;<\/p>\n<p><a href=\"https:\/\/static-blogs.diariosur.es\/wp-content\/uploads\/sites\/12\/2025\/03\/474591997_10231480374091459_5977821584942016476_n.jpg\"><img loading=\"lazy\" class=\"aligncenter size-thumbnail wp-image-43666\" src=\"https:\/\/static-blogs.diariosur.es\/wp-content\/uploads\/sites\/12\/2025\/03\/474591997_10231480374091459_5977821584942016476_n-150x150.jpg\" alt=\"\" width=\"150\" height=\"150\" srcset=\"https:\/\/static-blogs.diariosur.es\/wp-content\/uploads\/sites\/12\/2025\/03\/474591997_10231480374091459_5977821584942016476_n-150x150.jpg 150w, https:\/\/static-blogs.diariosur.es\/wp-content\/uploads\/sites\/12\/2025\/03\/474591997_10231480374091459_5977821584942016476_n-400x400.jpg 400w, https:\/\/static-blogs.diariosur.es\/wp-content\/uploads\/sites\/12\/2025\/03\/474591997_10231480374091459_5977821584942016476_n-408x408.jpg 408w, https:\/\/static-blogs.diariosur.es\/wp-content\/uploads\/sites\/12\/2025\/03\/474591997_10231480374091459_5977821584942016476_n-768x768.jpg 768w, https:\/\/static-blogs.diariosur.es\/wp-content\/uploads\/sites\/12\/2025\/03\/474591997_10231480374091459_5977821584942016476_n.jpg 1000w\" sizes=\"(max-width: 150px) 100vw, 150px\" \/><\/a><\/p>\n<p>Hola de nuevo, amigos de la meteo. Ma\u00f1ana domingo ya hay probabilidad de precipitaciones en la provincia malague\u00f1a. La borrasca Laurance se ir\u00e1 acercando al\u00a0 Cabo de San Vicente, para situarse <strong>el lunes<\/strong> en esta posici\u00f3n.<\/p>\n<p>Os paso el mapa de superficie de la Aemet previsto para el lunes.<\/p>\n<p>&nbsp;<\/p>\n<p><a href=\"https:\/\/static-blogs.diariosur.es\/wp-content\/uploads\/sites\/12\/2025\/03\/2025031412072_ww_g1x0a2d3-e1742022358913.gif\"><img loading=\"lazy\" class=\"aligncenter size-full wp-image-43858\" src=\"https:\/\/static-blogs.diariosur.es\/wp-content\/uploads\/sites\/12\/2025\/03\/2025031412072_ww_g1x0a2d3-e1742022358913.gif\" alt=\"\" width=\"1000\" height=\"700\" \/><\/a><\/p>\n<p>&nbsp;<\/p>\n<p>Antes de daros los probables acumulados para el lunes, os pongo un par de videos y una foto que hice ayer en la playa, esas nubes dejaron granizadas en la Axarqu\u00eda malague\u00f1a.<\/p>\n<p>&nbsp;<\/p>\n<p><iframe loading=\"lazy\" title=\"Impresionante nubes  que dej\u00f3 granizadas en la Axarqu\u00eda malague\u00f1a\" width=\"500\" height=\"281\" src=\"https:\/\/www.youtube.com\/embed\/Wh3wdsKesyc?feature=oembed\" frameborder=\"0\" allow=\"accelerometer; autoplay; clipboard-write; encrypted-media; gyroscope; picture-in-picture; web-share\" referrerpolicy=\"strict-origin-when-cross-origin\" allowfullscreen><\/iframe><\/p>\n<p>&nbsp;<\/p>\n<p><iframe loading=\"lazy\" title=\"Nubes que dejaron granizadas en la Axarqu\u00eda malague\u00f1a\" width=\"500\" height=\"281\" src=\"https:\/\/www.youtube.com\/embed\/LNBlhCZ3esU?feature=oembed\" frameborder=\"0\" allow=\"accelerometer; autoplay; clipboard-write; encrypted-media; gyroscope; picture-in-picture; web-share\" referrerpolicy=\"strict-origin-when-cross-origin\" allowfullscreen><\/iframe><\/p>\n<h3><\/h3>\n<h3><a href=\"https:\/\/static-blogs.diariosur.es\/wp-content\/uploads\/sites\/12\/2025\/03\/54386821793_56ebfbff7c_b.jpg\"><img loading=\"lazy\" class=\"aligncenter size-full wp-image-43859\" src=\"https:\/\/static-blogs.diariosur.es\/wp-content\/uploads\/sites\/12\/2025\/03\/54386821793_56ebfbff7c_b.jpg\" alt=\"\" width=\"1024\" height=\"644\" srcset=\"https:\/\/static-blogs.diariosur.es\/wp-content\/uploads\/sites\/12\/2025\/03\/54386821793_56ebfbff7c_b.jpg 1024w, https:\/\/static-blogs.diariosur.es\/wp-content\/uploads\/sites\/12\/2025\/03\/54386821793_56ebfbff7c_b-636x400.jpg 636w, https:\/\/static-blogs.diariosur.es\/wp-content\/uploads\/sites\/12\/2025\/03\/54386821793_56ebfbff7c_b-649x408.jpg 649w, https:\/\/static-blogs.diariosur.es\/wp-content\/uploads\/sites\/12\/2025\/03\/54386821793_56ebfbff7c_b-768x483.jpg 768w\" sizes=\"(max-width: 1024px) 100vw, 1024px\" \/><\/a><\/h3>\n<h3><\/h3>\n<h3><\/h3>\n<h3><span style=\"color: #0000ff;\"><strong>Probables acumulados de precipitaci\u00f3n el lunes en la provincia de M\u00e1laga<\/strong><\/span><\/h3>\n<p>De momento el lunes entran en aviso amarillo por lluvias, las provincias de Huelva, C\u00e1diz y Sevilla. Es probable que la de M\u00e1laga entren tambi\u00e9n en la nueva actualizaci\u00f3n.<\/p>\n<p>&nbsp;<\/p>\n<p><strong>AMERICANO<\/strong><\/p>\n<p>&nbsp;<\/p>\n<p><a href=\"https:\/\/static-blogs.diariosur.es\/wp-content\/uploads\/sites\/12\/2025\/03\/americano-6.jpg\"><img loading=\"lazy\" class=\"aligncenter size-full wp-image-43853\" src=\"https:\/\/static-blogs.diariosur.es\/wp-content\/uploads\/sites\/12\/2025\/03\/americano-6.jpg\" alt=\"\" width=\"1158\" height=\"1183\" srcset=\"https:\/\/static-blogs.diariosur.es\/wp-content\/uploads\/sites\/12\/2025\/03\/americano-6.jpg 1158w, https:\/\/static-blogs.diariosur.es\/wp-content\/uploads\/sites\/12\/2025\/03\/americano-6-392x400.jpg 392w, https:\/\/static-blogs.diariosur.es\/wp-content\/uploads\/sites\/12\/2025\/03\/americano-6-399x408.jpg 399w, https:\/\/static-blogs.diariosur.es\/wp-content\/uploads\/sites\/12\/2025\/03\/americano-6-768x785.jpg 768w\" sizes=\"(max-width: 1158px) 100vw, 1158px\" \/><\/a><strong>EUROPEO<\/strong><\/p>\n<p>&nbsp;<\/p>\n<p><a href=\"https:\/\/static-blogs.diariosur.es\/wp-content\/uploads\/sites\/12\/2025\/03\/europeo-6.jpg\"><img loading=\"lazy\" class=\"aligncenter size-full wp-image-43854\" src=\"https:\/\/static-blogs.diariosur.es\/wp-content\/uploads\/sites\/12\/2025\/03\/europeo-6.jpg\" alt=\"\" width=\"1141\" height=\"1260\" srcset=\"https:\/\/static-blogs.diariosur.es\/wp-content\/uploads\/sites\/12\/2025\/03\/europeo-6.jpg 1141w, https:\/\/static-blogs.diariosur.es\/wp-content\/uploads\/sites\/12\/2025\/03\/europeo-6-362x400.jpg 362w, https:\/\/static-blogs.diariosur.es\/wp-content\/uploads\/sites\/12\/2025\/03\/europeo-6-369x408.jpg 369w, https:\/\/static-blogs.diariosur.es\/wp-content\/uploads\/sites\/12\/2025\/03\/europeo-6-768x848.jpg 768w\" sizes=\"(max-width: 1141px) 100vw, 1141px\" \/><\/a><\/p>\n<p>&nbsp;<\/p>\n<p><strong>REINO UNIDO<\/strong><\/p>\n<p>&nbsp;<\/p>\n<p><a href=\"https:\/\/static-blogs.diariosur.es\/wp-content\/uploads\/sites\/12\/2025\/03\/reino-unido-6.jpg\"><img loading=\"lazy\" class=\"aligncenter size-full wp-image-43855\" src=\"https:\/\/static-blogs.diariosur.es\/wp-content\/uploads\/sites\/12\/2025\/03\/reino-unido-6.jpg\" alt=\"\" width=\"1165\" height=\"1194\" srcset=\"https:\/\/static-blogs.diariosur.es\/wp-content\/uploads\/sites\/12\/2025\/03\/reino-unido-6.jpg 1165w, https:\/\/static-blogs.diariosur.es\/wp-content\/uploads\/sites\/12\/2025\/03\/reino-unido-6-390x400.jpg 390w, https:\/\/static-blogs.diariosur.es\/wp-content\/uploads\/sites\/12\/2025\/03\/reino-unido-6-398x408.jpg 398w, https:\/\/static-blogs.diariosur.es\/wp-content\/uploads\/sites\/12\/2025\/03\/reino-unido-6-768x787.jpg 768w\" sizes=\"(max-width: 1165px) 100vw, 1165px\" \/><\/a><\/p>\n<p>&nbsp;<\/p>\n<p><strong>ICONO<\/strong><\/p>\n<p>&nbsp;<\/p>\n<p>&nbsp;<\/p>\n<p><a href=\"https:\/\/static-blogs.diariosur.es\/wp-content\/uploads\/sites\/12\/2025\/03\/icono-6.jpg\"><img loading=\"lazy\" class=\"aligncenter size-full wp-image-43856\" src=\"https:\/\/static-blogs.diariosur.es\/wp-content\/uploads\/sites\/12\/2025\/03\/icono-6.jpg\" alt=\"\" width=\"1149\" height=\"1239\" srcset=\"https:\/\/static-blogs.diariosur.es\/wp-content\/uploads\/sites\/12\/2025\/03\/icono-6.jpg 1149w, https:\/\/static-blogs.diariosur.es\/wp-content\/uploads\/sites\/12\/2025\/03\/icono-6-371x400.jpg 371w, https:\/\/static-blogs.diariosur.es\/wp-content\/uploads\/sites\/12\/2025\/03\/icono-6-378x408.jpg 378w, https:\/\/static-blogs.diariosur.es\/wp-content\/uploads\/sites\/12\/2025\/03\/icono-6-768x828.jpg 768w\" sizes=\"(max-width: 1149px) 100vw, 1149px\" \/><\/a><\/p>\n<p>&nbsp;<\/p>\n<p>&nbsp;<\/p>\n<p>&nbsp;<\/p>\n<p>Os dejo con\u00a0 una foto que he hecho hace una hora en la playa de la Misericordia. La Maroma<\/p>\n<p>&nbsp;<\/p>\n<p><a href=\"https:\/\/static-blogs.diariosur.es\/wp-content\/uploads\/sites\/12\/2025\/03\/2-scaled-e1742038306664.jpg\"><img loading=\"lazy\" class=\"aligncenter size-full wp-image-43862\" src=\"https:\/\/static-blogs.diariosur.es\/wp-content\/uploads\/sites\/12\/2025\/03\/2-scaled-e1742038306664.jpg\" alt=\"\" width=\"1200\" height=\"800\" \/><\/a><\/p>\n","protected":false},"excerpt":{"rendered":"<p>&nbsp; Hola de nuevo, amigos de la meteo. Ma\u00f1ana domingo ya hay probabilidad de precipitaciones en la provincia malague\u00f1a. La borrasca Laurance se ir\u00e1 acercando al\u00a0 Cabo de San Vicente, para situarse el lunes en esta posici\u00f3n. Os paso el mapa de superficie de la Aemet previsto para el lunes. &nbsp; &nbsp; Antes de daros [&hellip;]<\/p>\n","protected":false},"author":16,"featured_media":43862,"comment_status":"open","ping_status":"open","sticky":false,"template":"","format":"standard","meta":[],"categories":[2],"tags":[94,151,188,358,2009,587],"_links":{"self":[{"href":"https:\/\/blogs.diariosur.es\/tormentas-y-rayos\/wp-json\/wp\/v2\/posts\/43852"}],"collection":[{"href":"https:\/\/blogs.diariosur.es\/tormentas-y-rayos\/wp-json\/wp\/v2\/posts"}],"about":[{"href":"https:\/\/blogs.diariosur.es\/tormentas-y-rayos\/wp-json\/wp\/v2\/types\/post"}],"author":[{"embeddable":true,"href":"https:\/\/blogs.diariosur.es\/tormentas-y-rayos\/wp-json\/wp\/v2\/users\/16"}],"replies":[{"embeddable":true,"href":"https:\/\/blogs.diariosur.es\/tormentas-y-rayos\/wp-json\/wp\/v2\/comments?post=43852"}],"version-history":[{"count":3,"href":"https:\/\/blogs.diariosur.es\/tormentas-y-rayos\/wp-json\/wp\/v2\/posts\/43852\/revisions"}],"predecessor-version":[{"id":43863,"href":"https:\/\/blogs.diariosur.es\/tormentas-y-rayos\/wp-json\/wp\/v2\/posts\/43852\/revisions\/43863"}],"wp:featuredmedia":[{"embeddable":true,"href":"https:\/\/blogs.diariosur.es\/tormentas-y-rayos\/wp-json\/wp\/v2\/media\/43862"}],"wp:attachment":[{"href":"https:\/\/blogs.diariosur.es\/tormentas-y-rayos\/wp-json\/wp\/v2\/media?parent=43852"}],"wp:term":[{"taxonomy":"category","embeddable":true,"href":"https:\/\/blogs.diariosur.es\/tormentas-y-rayos\/wp-json\/wp\/v2\/categories?post=43852"},{"taxonomy":"post_tag","embeddable":true,"href":"https:\/\/blogs.diariosur.es\/tormentas-y-rayos\/wp-json\/wp\/v2\/tags?post=43852"}],"curies":[{"name":"wp","href":"https:\/\/api.w.org\/{rel}","templated":true}]}}