{"id":43866,"date":"2025-03-16T10:22:12","date_gmt":"2025-03-16T09:22:12","guid":{"rendered":"https:\/\/blogs.diariosur.es\/tormentas-y-rayos\/?p=43866"},"modified":"2025-10-06T08:19:29","modified_gmt":"2025-10-06T06:19:29","slug":"probables-acumulados-el-lunes-en-la-provincia-de-malaga-impresionante-video-de-sierra-blanca-despues-de-los-620-mm-en-14-dias","status":"publish","type":"post","link":"https:\/\/blogs.diariosur.es\/tormentas-y-rayos\/2025\/03\/16\/probables-acumulados-el-lunes-en-la-provincia-de-malaga-impresionante-video-de-sierra-blanca-despues-de-los-620-mm-en-14-dias\/","title":{"rendered":"Probables acumulados el lunes en la provincia de M\u00e1laga. Impresionante video de Sierra Blanca, despu\u00e9s de los 620 mm en 14 d\u00edas"},"content":{"rendered":"<p><a href=\"https:\/\/static-blogs.diariosur.es\/wp-content\/uploads\/sites\/12\/2025\/03\/474591997_10231480374091459_5977821584942016476_n.jpg\"><img loading=\"lazy\" class=\"aligncenter size-thumbnail wp-image-43666\" src=\"https:\/\/static-blogs.diariosur.es\/wp-content\/uploads\/sites\/12\/2025\/03\/474591997_10231480374091459_5977821584942016476_n-150x150.jpg\" alt=\"\" width=\"150\" height=\"150\" srcset=\"https:\/\/static-blogs.diariosur.es\/wp-content\/uploads\/sites\/12\/2025\/03\/474591997_10231480374091459_5977821584942016476_n-150x150.jpg 150w, https:\/\/static-blogs.diariosur.es\/wp-content\/uploads\/sites\/12\/2025\/03\/474591997_10231480374091459_5977821584942016476_n-400x400.jpg 400w, https:\/\/static-blogs.diariosur.es\/wp-content\/uploads\/sites\/12\/2025\/03\/474591997_10231480374091459_5977821584942016476_n-408x408.jpg 408w, https:\/\/static-blogs.diariosur.es\/wp-content\/uploads\/sites\/12\/2025\/03\/474591997_10231480374091459_5977821584942016476_n-768x768.jpg 768w, https:\/\/static-blogs.diariosur.es\/wp-content\/uploads\/sites\/12\/2025\/03\/474591997_10231480374091459_5977821584942016476_n.jpg 1000w\" sizes=\"(max-width: 150px) 100vw, 150px\" \/><\/a><\/p>\n<p data-pm-slice=\"1 1 []\">Muy buenos d\u00edas, amigos de la meteo. De momento no hay avisos por lluvias para ma\u00f1ana lunes en la provincia de M\u00e1laga; es probable que m\u00e1s tarde s\u00ed lo activen.<\/p>\n<p>Madrugada fresquita en toda la provincia malague\u00f1a; os paso algunos datos m\u00e1s destacados.<\/p>\n<p>M\u00e1laga Aeropuerto 9.2 \u00baC<\/p>\n<p>Antequera\u00a06,9 \u00baC<\/p>\n<p>Fuente de Piedra: 6,2 \u00baC<\/p>\n<p>Ronda 6,3 \u00b0C<\/p>\n<p>Benahav\u00eds\u00a08,4 \u00baC<\/p>\n<p>Co\u00edn 8,3 \u00baC<\/p>\n<p>Alpandeire 7,4 \u00baC<\/p>\n<p>Archidona Huertas del R\u00edo 4,5 \u00baC<\/p>\n<p>Mijas Pueblo 8,9 \u00b0C<\/p>\n<p>Villanueva del Rosario\u00a04,2 \u00baC<\/p>\n<p>Periana 7,2 \u00baC<\/p>\n<p>Tambi\u00e9n se han registrado precipitaciones esta pasada madrugada y en estos momentos tambi\u00e9n. Incluso en M\u00e1laga capital han ca\u00eddo unas gotillas que ha dejado este bonito arco\u00edris que ha cazado mi amigo Francisco Javier Gonz\u00e1lez.<\/p>\n<p>&nbsp;<\/p>\n<h3><\/h3>\n<h3><a href=\"https:\/\/static-blogs.diariosur.es\/wp-content\/uploads\/sites\/12\/2025\/03\/480972320_10231944368691034_1655204865495601156_n-e1742114963117.jpg\"><img loading=\"lazy\" class=\"aligncenter size-full wp-image-43870\" src=\"https:\/\/static-blogs.diariosur.es\/wp-content\/uploads\/sites\/12\/2025\/03\/480972320_10231944368691034_1655204865495601156_n-e1742114963117.jpg\" alt=\"\" width=\"900\" height=\"438\" \/><\/a><\/h3>\n<h3><\/h3>\n<h3><\/h3>\n<h3>As\u00ed lucen los r\u00edos y arroyos de de Sierra Blanca despu\u00e9s de los 620 mm en 14 d\u00edas<\/h3>\n<p>Muchas gracias Antonio Jes\u00fas Galiano por compartir el video.<\/p>\n<p>&nbsp;<\/p>\n<p><iframe loading=\"lazy\" title=\"Marzo 2025 hist\u00f3rico en precipitaci\u00f3nes , en el juanar 620 mm en 14 d\u00edas\" width=\"500\" height=\"281\" src=\"https:\/\/www.youtube.com\/embed\/kWeIlcDdt9c?feature=oembed\" frameborder=\"0\" allow=\"accelerometer; autoplay; clipboard-write; encrypted-media; gyroscope; picture-in-picture; web-share\" referrerpolicy=\"strict-origin-when-cross-origin\" allowfullscreen><\/iframe><\/p>\n<h3><\/h3>\n<h3>Probables acumulados el lunes en la provincia de M\u00e1laga<\/h3>\n<p>De momento no hay activados avisos por lluvias en la provincia de M\u00e1laga.<\/p>\n<p>&nbsp;<\/p>\n<p>EUROPEO<\/p>\n<p>&nbsp;<\/p>\n<p><a href=\"https:\/\/static-blogs.diariosur.es\/wp-content\/uploads\/sites\/12\/2025\/03\/europeo-7.jpg\"><img loading=\"lazy\" class=\"aligncenter size-full wp-image-43873\" src=\"https:\/\/static-blogs.diariosur.es\/wp-content\/uploads\/sites\/12\/2025\/03\/europeo-7.jpg\" alt=\"\" width=\"1156\" height=\"1273\" srcset=\"https:\/\/static-blogs.diariosur.es\/wp-content\/uploads\/sites\/12\/2025\/03\/europeo-7.jpg 1156w, https:\/\/static-blogs.diariosur.es\/wp-content\/uploads\/sites\/12\/2025\/03\/europeo-7-363x400.jpg 363w, https:\/\/static-blogs.diariosur.es\/wp-content\/uploads\/sites\/12\/2025\/03\/europeo-7-371x408.jpg 371w, https:\/\/static-blogs.diariosur.es\/wp-content\/uploads\/sites\/12\/2025\/03\/europeo-7-768x846.jpg 768w\" sizes=\"(max-width: 1156px) 100vw, 1156px\" \/><\/a><\/p>\n<p>&nbsp;<\/p>\n<p>AMERICANO<\/p>\n<p>&nbsp;<\/p>\n<p><a href=\"https:\/\/static-blogs.diariosur.es\/wp-content\/uploads\/sites\/12\/2025\/03\/americano-7.jpg\"><img loading=\"lazy\" class=\"aligncenter size-full wp-image-43874\" src=\"https:\/\/static-blogs.diariosur.es\/wp-content\/uploads\/sites\/12\/2025\/03\/americano-7.jpg\" alt=\"\" width=\"1156\" height=\"1207\" srcset=\"https:\/\/static-blogs.diariosur.es\/wp-content\/uploads\/sites\/12\/2025\/03\/americano-7.jpg 1156w, https:\/\/static-blogs.diariosur.es\/wp-content\/uploads\/sites\/12\/2025\/03\/americano-7-383x400.jpg 383w, https:\/\/static-blogs.diariosur.es\/wp-content\/uploads\/sites\/12\/2025\/03\/americano-7-391x408.jpg 391w, https:\/\/static-blogs.diariosur.es\/wp-content\/uploads\/sites\/12\/2025\/03\/americano-7-768x802.jpg 768w\" sizes=\"(max-width: 1156px) 100vw, 1156px\" \/><\/a><\/p>\n<p>&nbsp;<\/p>\n<p>REINO UNIDO<\/p>\n<p>&nbsp;<\/p>\n<p><a href=\"https:\/\/static-blogs.diariosur.es\/wp-content\/uploads\/sites\/12\/2025\/03\/reino-unido-7.jpg\"><img loading=\"lazy\" class=\"aligncenter size-full wp-image-43875\" src=\"https:\/\/static-blogs.diariosur.es\/wp-content\/uploads\/sites\/12\/2025\/03\/reino-unido-7.jpg\" alt=\"\" width=\"1141\" height=\"1210\" srcset=\"https:\/\/static-blogs.diariosur.es\/wp-content\/uploads\/sites\/12\/2025\/03\/reino-unido-7.jpg 1141w, https:\/\/static-blogs.diariosur.es\/wp-content\/uploads\/sites\/12\/2025\/03\/reino-unido-7-377x400.jpg 377w, https:\/\/static-blogs.diariosur.es\/wp-content\/uploads\/sites\/12\/2025\/03\/reino-unido-7-385x408.jpg 385w, https:\/\/static-blogs.diariosur.es\/wp-content\/uploads\/sites\/12\/2025\/03\/reino-unido-7-768x814.jpg 768w\" sizes=\"(max-width: 1141px) 100vw, 1141px\" \/><\/a><\/p>\n<h3><\/h3>\n<p>&nbsp;<\/p>\n<p>&nbsp;<\/p>\n<p>&nbsp;<\/p>\n<p>Os dejo con este fot\u00f3n de mi amiga Nany Lavado. Impresionante cortina de lluvia de hace unos d\u00edas.<\/p>\n<p>&nbsp;<\/p>\n<p><a href=\"https:\/\/static-blogs.diariosur.es\/wp-content\/uploads\/sites\/12\/2025\/03\/484515402_10231943644632933_8851506916619276791_n-e1742114152131.jpg\"><img loading=\"lazy\" class=\"aligncenter size-full wp-image-43867\" src=\"https:\/\/static-blogs.diariosur.es\/wp-content\/uploads\/sites\/12\/2025\/03\/484515402_10231943644632933_8851506916619276791_n-e1742114152131.jpg\" alt=\"\" width=\"1100\" height=\"734\" \/><\/a><\/p>\n<p>&nbsp;<\/p>\n<p>&nbsp;<\/p>\n<p>&nbsp;<\/p>\n<p>&nbsp;<\/p>\n<p>&nbsp;<\/p>\n<p><a href=\"https:\/\/static-blogs.diariosur.es\/wp-content\/uploads\/sites\/12\/2025\/03\/484515402_10231943644632933_8851506916619276791_n-e1742114152131.jpg\"><img loading=\"lazy\" class=\"aligncenter size-full wp-image-43867\" src=\"https:\/\/static-blogs.diariosur.es\/wp-content\/uploads\/sites\/12\/2025\/03\/484515402_10231943644632933_8851506916619276791_n-e1742114152131.jpg\" alt=\"\" width=\"1100\" height=\"734\" \/><\/a><\/p>\n","protected":false},"excerpt":{"rendered":"<p>Muy buenos d\u00edas, amigos de la meteo. De momento no hay avisos por lluvias para ma\u00f1ana lunes en la provincia de M\u00e1laga; es probable que m\u00e1s tarde s\u00ed lo activen. Madrugada fresquita en toda la provincia malague\u00f1a; os paso algunos datos m\u00e1s destacados. M\u00e1laga Aeropuerto 9.2 \u00baC Antequera\u00a06,9 \u00baC Fuente de Piedra: 6,2 \u00baC Ronda [&hellip;]<\/p>\n","protected":false},"author":16,"featured_media":43867,"comment_status":"open","ping_status":"open","sticky":false,"template":"","format":"standard","meta":[],"categories":[2],"tags":[94,151,188,358,2009,587,800],"_links":{"self":[{"href":"https:\/\/blogs.diariosur.es\/tormentas-y-rayos\/wp-json\/wp\/v2\/posts\/43866"}],"collection":[{"href":"https:\/\/blogs.diariosur.es\/tormentas-y-rayos\/wp-json\/wp\/v2\/posts"}],"about":[{"href":"https:\/\/blogs.diariosur.es\/tormentas-y-rayos\/wp-json\/wp\/v2\/types\/post"}],"author":[{"embeddable":true,"href":"https:\/\/blogs.diariosur.es\/tormentas-y-rayos\/wp-json\/wp\/v2\/users\/16"}],"replies":[{"embeddable":true,"href":"https:\/\/blogs.diariosur.es\/tormentas-y-rayos\/wp-json\/wp\/v2\/comments?post=43866"}],"version-history":[{"count":7,"href":"https:\/\/blogs.diariosur.es\/tormentas-y-rayos\/wp-json\/wp\/v2\/posts\/43866\/revisions"}],"predecessor-version":[{"id":46707,"href":"https:\/\/blogs.diariosur.es\/tormentas-y-rayos\/wp-json\/wp\/v2\/posts\/43866\/revisions\/46707"}],"wp:featuredmedia":[{"embeddable":true,"href":"https:\/\/blogs.diariosur.es\/tormentas-y-rayos\/wp-json\/wp\/v2\/media\/43867"}],"wp:attachment":[{"href":"https:\/\/blogs.diariosur.es\/tormentas-y-rayos\/wp-json\/wp\/v2\/media?parent=43866"}],"wp:term":[{"taxonomy":"category","embeddable":true,"href":"https:\/\/blogs.diariosur.es\/tormentas-y-rayos\/wp-json\/wp\/v2\/categories?post=43866"},{"taxonomy":"post_tag","embeddable":true,"href":"https:\/\/blogs.diariosur.es\/tormentas-y-rayos\/wp-json\/wp\/v2\/tags?post=43866"}],"curies":[{"name":"wp","href":"https:\/\/api.w.org\/{rel}","templated":true}]}}