{"id":43878,"date":"2025-03-16T12:20:19","date_gmt":"2025-03-16T11:20:19","guid":{"rendered":"https:\/\/blogs.diariosur.es\/tormentas-y-rayos\/?p=43878"},"modified":"2025-10-06T08:20:50","modified_gmt":"2025-10-06T06:20:50","slug":"ultima-hora-se-activa-el-aviso-amarillo-por-lluvias-el-lunes-y-el-martes-en-sol-guadalhorce-comarca-de-ronda-y-axarquia","status":"publish","type":"post","link":"https:\/\/blogs.diariosur.es\/tormentas-y-rayos\/2025\/03\/16\/ultima-hora-se-activa-el-aviso-amarillo-por-lluvias-el-lunes-y-el-martes-en-sol-guadalhorce-comarca-de-ronda-y-axarquia\/","title":{"rendered":"\u00daltima hora: se activa el aviso naranja por lluvias el lunes y el martes, en Sol, Guadalhorce, Comarca de Ronda y Axarqu\u00eda."},"content":{"rendered":"<p><a href=\"https:\/\/static-blogs.diariosur.es\/wp-content\/uploads\/sites\/12\/2025\/03\/474591997_10231480374091459_5977821584942016476_n.jpg\"><img loading=\"lazy\" class=\"aligncenter size-thumbnail wp-image-43666\" src=\"https:\/\/static-blogs.diariosur.es\/wp-content\/uploads\/sites\/12\/2025\/03\/474591997_10231480374091459_5977821584942016476_n-150x150.jpg\" alt=\"\" width=\"150\" height=\"150\" srcset=\"https:\/\/static-blogs.diariosur.es\/wp-content\/uploads\/sites\/12\/2025\/03\/474591997_10231480374091459_5977821584942016476_n-150x150.jpg 150w, https:\/\/static-blogs.diariosur.es\/wp-content\/uploads\/sites\/12\/2025\/03\/474591997_10231480374091459_5977821584942016476_n-400x400.jpg 400w, https:\/\/static-blogs.diariosur.es\/wp-content\/uploads\/sites\/12\/2025\/03\/474591997_10231480374091459_5977821584942016476_n-408x408.jpg 408w, https:\/\/static-blogs.diariosur.es\/wp-content\/uploads\/sites\/12\/2025\/03\/474591997_10231480374091459_5977821584942016476_n-768x768.jpg 768w, https:\/\/static-blogs.diariosur.es\/wp-content\/uploads\/sites\/12\/2025\/03\/474591997_10231480374091459_5977821584942016476_n.jpg 1000w\" sizes=\"(max-width: 150px) 100vw, 150px\" \/><\/a><\/p>\n<p>&nbsp;<\/p>\n<p data-pm-slice=\"1 1 []\">Hola de nuevo, amigos de la meteo. La AEMET activa el aviso amarillo y naranja por lluvias el lunes en Sol, Guadalhorce, Comarca de Ronda. De momento, la Comarca de Antequera y Axarqu\u00eda no entra en aviso.<\/p>\n<p>Os pongo el horario de avisos.<\/p>\n<p>LUNES 17 a las 18:00 a 23:59<\/p>\n<p>Precipitaci\u00f3n acumulada en una hora: 25 mm.<\/p>\n<p>Precipitaci\u00f3n acumulada en 12 horas: 60 mm. Sol y Guadalhorce<\/p>\n<p>Precipitaci\u00f3n acumulada en 12 horas: 80 mm.<\/p>\n<p>Precipitaci\u00f3n acumulada en 12 horas: 70 mm. Comarca de Ronda<\/p>\n<p>&nbsp;<\/p>\n<p><a href=\"https:\/\/static-blogs.diariosur.es\/wp-content\/uploads\/sites\/12\/2025\/03\/naranja.jpg\"><img loading=\"lazy\" class=\"aligncenter size-full wp-image-43887\" src=\"https:\/\/static-blogs.diariosur.es\/wp-content\/uploads\/sites\/12\/2025\/03\/naranja.jpg\" alt=\"\" width=\"1048\" height=\"841\" srcset=\"https:\/\/static-blogs.diariosur.es\/wp-content\/uploads\/sites\/12\/2025\/03\/naranja.jpg 1048w, https:\/\/static-blogs.diariosur.es\/wp-content\/uploads\/sites\/12\/2025\/03\/naranja-498x400.jpg 498w, https:\/\/static-blogs.diariosur.es\/wp-content\/uploads\/sites\/12\/2025\/03\/naranja-508x408.jpg 508w, https:\/\/static-blogs.diariosur.es\/wp-content\/uploads\/sites\/12\/2025\/03\/naranja-768x616.jpg 768w\" sizes=\"(max-width: 1048px) 100vw, 1048px\" \/><\/a><\/p>\n<h3><strong>El martes entra en aviso la Axarqu\u00eda y sigue en Ronda, Sol, Y Guadalhorce<\/strong><\/h3>\n<p>Comienza y finaliza<\/p>\n<table class=\"table\">\n<tbody>\n<tr data-tipo-av=\"PR\">\n<td>18\/03\/2025 00:00<\/td>\n<td>18\/03\/2025 05:59<\/td>\n<\/tr>\n<\/tbody>\n<\/table>\n<p>Precipitaci\u00f3n acumulada en una hora: 25 mm.<\/p>\n<p>Precipitaci\u00f3n acumulada en 12 horas: 60 mm. Sol, y Guadalhorce<\/p>\n<p>Precipitaci\u00f3n acumulada en 12 horas: 80 mm.<\/p>\n<p>Precipitaci\u00f3n acumulada en 12 horas: 70 mm. Comarca de Ronda<\/p>\n<p>Precipitaci\u00f3n acumulada en 12 horas: 70 mm y en una hora 25 mm. en la Axarqu\u00eda, aqui el aviso finaliza a las ocho de la ma\u00f1ana del martes.<\/p>\n<p>&nbsp;<\/p>\n<p><a href=\"https:\/\/static-blogs.diariosur.es\/wp-content\/uploads\/sites\/12\/2025\/03\/Captura-de-pantalla-2025-03-16-194152.jpg\"><img loading=\"lazy\" class=\"aligncenter size-full wp-image-43888\" src=\"https:\/\/static-blogs.diariosur.es\/wp-content\/uploads\/sites\/12\/2025\/03\/Captura-de-pantalla-2025-03-16-194152.jpg\" alt=\"\" width=\"1056\" height=\"831\" srcset=\"https:\/\/static-blogs.diariosur.es\/wp-content\/uploads\/sites\/12\/2025\/03\/Captura-de-pantalla-2025-03-16-194152.jpg 1056w, https:\/\/static-blogs.diariosur.es\/wp-content\/uploads\/sites\/12\/2025\/03\/Captura-de-pantalla-2025-03-16-194152-508x400.jpg 508w, https:\/\/static-blogs.diariosur.es\/wp-content\/uploads\/sites\/12\/2025\/03\/Captura-de-pantalla-2025-03-16-194152-518x408.jpg 518w, https:\/\/static-blogs.diariosur.es\/wp-content\/uploads\/sites\/12\/2025\/03\/Captura-de-pantalla-2025-03-16-194152-768x604.jpg 768w\" sizes=\"(max-width: 1056px) 100vw, 1056px\" \/><\/a><\/p>\n<p>&nbsp;<\/p>\n<p>&nbsp;<\/p>\n<p>Salvo sorpresas, los avisos por lluvias se desactivan\u00a0 a las nueve de la ma\u00f1ana del martes.<\/p>\n","protected":false},"excerpt":{"rendered":"<p>&nbsp; Hola de nuevo, amigos de la meteo. La AEMET activa el aviso amarillo y naranja por lluvias el lunes en Sol, Guadalhorce, Comarca de Ronda. De momento, la Comarca de Antequera y Axarqu\u00eda no entra en aviso. Os pongo el horario de avisos. LUNES 17 a las 18:00 a 23:59 Precipitaci\u00f3n acumulada en una [&hellip;]<\/p>\n","protected":false},"author":16,"featured_media":43860,"comment_status":"open","ping_status":"open","sticky":false,"template":"","format":"standard","meta":[],"categories":[2],"tags":[94,151,358,569,587],"_links":{"self":[{"href":"https:\/\/blogs.diariosur.es\/tormentas-y-rayos\/wp-json\/wp\/v2\/posts\/43878"}],"collection":[{"href":"https:\/\/blogs.diariosur.es\/tormentas-y-rayos\/wp-json\/wp\/v2\/posts"}],"about":[{"href":"https:\/\/blogs.diariosur.es\/tormentas-y-rayos\/wp-json\/wp\/v2\/types\/post"}],"author":[{"embeddable":true,"href":"https:\/\/blogs.diariosur.es\/tormentas-y-rayos\/wp-json\/wp\/v2\/users\/16"}],"replies":[{"embeddable":true,"href":"https:\/\/blogs.diariosur.es\/tormentas-y-rayos\/wp-json\/wp\/v2\/comments?post=43878"}],"version-history":[{"count":8,"href":"https:\/\/blogs.diariosur.es\/tormentas-y-rayos\/wp-json\/wp\/v2\/posts\/43878\/revisions"}],"predecessor-version":[{"id":46708,"href":"https:\/\/blogs.diariosur.es\/tormentas-y-rayos\/wp-json\/wp\/v2\/posts\/43878\/revisions\/46708"}],"wp:featuredmedia":[{"embeddable":true,"href":"https:\/\/blogs.diariosur.es\/tormentas-y-rayos\/wp-json\/wp\/v2\/media\/43860"}],"wp:attachment":[{"href":"https:\/\/blogs.diariosur.es\/tormentas-y-rayos\/wp-json\/wp\/v2\/media?parent=43878"}],"wp:term":[{"taxonomy":"category","embeddable":true,"href":"https:\/\/blogs.diariosur.es\/tormentas-y-rayos\/wp-json\/wp\/v2\/categories?post=43878"},{"taxonomy":"post_tag","embeddable":true,"href":"https:\/\/blogs.diariosur.es\/tormentas-y-rayos\/wp-json\/wp\/v2\/tags?post=43878"}],"curies":[{"name":"wp","href":"https:\/\/api.w.org\/{rel}","templated":true}]}}