{"id":43894,"date":"2025-03-19T07:48:20","date_gmt":"2025-03-19T06:48:20","guid":{"rendered":"https:\/\/blogs.diariosur.es\/tormentas-y-rayos\/?p=43894"},"modified":"2025-10-06T08:14:10","modified_gmt":"2025-10-06T06:14:10","slug":"hasta-700-litros-por-metro-cuadrado-impresionantes-acumulados-de-precipitacion-en-lo-que-llevamos-de-marzo-en-la-provincia-de-malaga","status":"publish","type":"post","link":"https:\/\/blogs.diariosur.es\/tormentas-y-rayos\/2025\/03\/19\/hasta-700-litros-por-metro-cuadrado-impresionantes-acumulados-de-precipitacion-en-lo-que-llevamos-de-marzo-en-la-provincia-de-malaga\/","title":{"rendered":"Hasta 700 litros por metro cuadrado: impresionantes acumulados de precipitaci\u00f3n en lo que llevamos de marzo en la provincia de M\u00e1laga"},"content":{"rendered":"<h3><\/h3>\n<p><a href=\"https:\/\/static-blogs.diariosur.es\/wp-content\/uploads\/sites\/12\/2025\/03\/474591997_10231480374091459_5977821584942016476_n.jpg\"><img loading=\"lazy\" class=\"aligncenter size-thumbnail wp-image-43666\" src=\"https:\/\/static-blogs.diariosur.es\/wp-content\/uploads\/sites\/12\/2025\/03\/474591997_10231480374091459_5977821584942016476_n-150x150.jpg\" alt=\"\" width=\"150\" height=\"150\" srcset=\"https:\/\/static-blogs.diariosur.es\/wp-content\/uploads\/sites\/12\/2025\/03\/474591997_10231480374091459_5977821584942016476_n-150x150.jpg 150w, https:\/\/static-blogs.diariosur.es\/wp-content\/uploads\/sites\/12\/2025\/03\/474591997_10231480374091459_5977821584942016476_n-400x400.jpg 400w, https:\/\/static-blogs.diariosur.es\/wp-content\/uploads\/sites\/12\/2025\/03\/474591997_10231480374091459_5977821584942016476_n-408x408.jpg 408w, https:\/\/static-blogs.diariosur.es\/wp-content\/uploads\/sites\/12\/2025\/03\/474591997_10231480374091459_5977821584942016476_n-768x768.jpg 768w, https:\/\/static-blogs.diariosur.es\/wp-content\/uploads\/sites\/12\/2025\/03\/474591997_10231480374091459_5977821584942016476_n.jpg 1000w\" sizes=\"(max-width: 150px) 100vw, 150px\" \/><\/a><\/p>\n<p data-pm-slice=\"1 1 []\">Buenos d\u00edas, amigos de la meteo. Hoy mi\u00e9rcoles la lluvia nos dar\u00e1 una tregua, pero es muy probable que a partir de ma\u00f1ana jueves nos visiten nuevos frentes. Por la tarde actualizar\u00e9 el blog; os pondr\u00e9 los probables acumulados de precipitaci\u00f3n para ma\u00f1ana jueves que prev\u00e9n distintos modelos.<\/p>\n<p>En lo que va de mes llevamos 14 d\u00edas de lluvia en la estaci\u00f3n de la Aemet del Aeropuerto; nos quedan 5 d\u00edas para igualar el valor extremo de d\u00edas de lluvias en un mes de marzo; este valor extremo se dio en marzo de <strong>2018 con 19 d\u00edas<\/strong>.<\/p>\n<p>Destacar la estaci\u00f3n de la Aemet de Alpandeire, que ha estado 18 d\u00edas seguidos lloviendo.<\/p>\n<p>El valor extremo en acumulado de litros en el mes en la estaci\u00f3n de la AEMET del aeropuerto est\u00e1 en 269,7; esto se dio en marzo de 2004. Lo que pasa es que en un solo d\u00eda cayeron 102,1 mm.<\/p>\n<p>De momento, en marzo de 2025 llevamos <strong>220,8 mm<\/strong> en el aeropuerto. A final de mes sabremos si hemos batido estos dos valores: el de d\u00edas de lluvias y acumulado en el mes.<\/p>\n<p>Antes de poneros los acumulados de precipitaci\u00f3n en lo que va de mes, toca ver unos videos que hice ayer en la senda litoral y Guadalmar.<\/p>\n<h3><\/h3>\n<p><iframe loading=\"lazy\" title=\"Guadalhorce M\u00e1laga capital. Puente senda litoral. Desbordado\" width=\"500\" height=\"281\" src=\"https:\/\/www.youtube.com\/embed\/yjPsdASuXkg?feature=oembed\" frameborder=\"0\" allow=\"accelerometer; autoplay; clipboard-write; encrypted-media; gyroscope; picture-in-picture; web-share\" referrerpolicy=\"strict-origin-when-cross-origin\" allowfullscreen><\/iframe><\/p>\n<p>&nbsp;<\/p>\n<p>&nbsp;<\/p>\n<p><iframe loading=\"lazy\" title=\"Rio Guadalhorce en Guadalmar, M\u00e1laga capital.\" width=\"500\" height=\"281\" src=\"https:\/\/www.youtube.com\/embed\/ipjhR0LZ1dg?feature=oembed\" frameborder=\"0\" allow=\"accelerometer; autoplay; clipboard-write; encrypted-media; gyroscope; picture-in-picture; web-share\" referrerpolicy=\"strict-origin-when-cross-origin\" allowfullscreen><\/iframe><\/p>\n<p>&nbsp;<\/p>\n<p><iframe loading=\"lazy\" title=\"Guadalmar con ca\u00f1as.\" width=\"500\" height=\"281\" src=\"https:\/\/www.youtube.com\/embed\/y80s9yFTxlk?feature=oembed\" frameborder=\"0\" allow=\"accelerometer; autoplay; clipboard-write; encrypted-media; gyroscope; picture-in-picture; web-share\" referrerpolicy=\"strict-origin-when-cross-origin\" allowfullscreen><\/iframe><\/p>\n<p>&nbsp;<\/p>\n<p><iframe loading=\"lazy\" title=\"R\u00edo Guadalhorce en Guadalmar, M\u00e1laga Capital\" width=\"500\" height=\"281\" src=\"https:\/\/www.youtube.com\/embed\/6JNWKdbGoYk?feature=oembed\" frameborder=\"0\" allow=\"accelerometer; autoplay; clipboard-write; encrypted-media; gyroscope; picture-in-picture; web-share\" referrerpolicy=\"strict-origin-when-cross-origin\" allowfullscreen><\/iframe><\/p>\n<h3><\/h3>\n<h3><\/h3>\n<p>&nbsp;<\/p>\n<p>&nbsp;<\/p>\n<h3 data-pm-slice=\"1 1 []\"><strong>Fuente Acamet<\/strong><\/h3>\n<p>Datos facilitados por mi amigo Antonio Jes\u00fas Galiano.<\/p>\n<p>Coto de las Corchas 531 mm<\/p>\n<p>Juanar\u00a0776 mm<\/p>\n<p>Oreganal\u00a0589 mm<\/p>\n<p>Pilones 736 mm<\/p>\n<p>Los Valientes\u00a0683 mm<\/p>\n<p>Pereila Alta Co\u00edn\u00a0350 mm<\/p>\n<p>&nbsp;<\/p>\n<h3><strong>Fuente: Meteoclimatic<\/strong><\/h3>\n<p>Alameda 246 mm<\/p>\n<p>Alhaur\u00edn de la Torre 256 mm<\/p>\n<p>Alhaur\u00edn el Grande: 243 mm<\/p>\n<p>Archidona Norte 169,4 mm<\/p>\n<p>Archidona Huertas del R\u00edo 166 mm<\/p>\n<p>Benalm\u00e1dena Arroyo de la Miel\u00a0190 mm<\/p>\n<p>C\u00e1rtama Sierra Llana 278 mm<\/p>\n<p>El Colmenar las Buitreras no tiene datos.<\/p>\n<p>Frigiliana\u00a0272,2 mm<\/p>\n<p>Ist\u00e1n 459,8 mm<\/p>\n<p>La Cala del Moral: 190,7 mm<\/p>\n<p>La Cala de Mijas: 298 mm<\/p>\n<p>Mijas Pueblo 289,6<\/p>\n<p>Nerja Las Palmeras 217 mm<\/p>\n<p>Ronda San Crist\u00f3bal 270 mm<\/p>\n<p>Tolox 484 mm<\/p>\n<h3><strong>Fuente: Red Hidrosur<\/strong><\/h3>\n<p>Sierra Mijas\u00a0300 mm<\/p>\n<p>Los Reales 414 mm<\/p>\n<p>Majada de las Lomas 418 mm<\/p>\n<p>R\u00edo Genal Jubrique\u00a0426,7 mm<\/p>\n<p>Pujerra\u00a0446 mm<\/p>\n<p>Cuevas del Becerro 197,6 mm<\/p>\n<p>Oj\u00e9n\u00a0398,6<\/p>\n<p>El Torcal: no hay dato.<\/p>\n<p>Depuradora\u00a0del Atabal\u00a0186 mm<\/p>\n<p>M\u00e1laga Paseo de la Farola\u00a0117,6 mm<\/p>\n<p>Depuradora de Marbella\u00a0300 mm<\/p>\n<p>Santo Pitar\u00a0247 mm<\/p>\n<p>Ca\u00f1ete ja Real\u00a0205,5 mm<\/p>\n<p>Laguna Fuente Piedra: 164 mm<\/p>\n<p>Canal La Encantada\u00a0311,3 mm<\/p>\n<p>Azud de Paredones 236 mm<\/p>\n<p>Co\u00edn 334,6 mm<\/p>\n<p>Alcauc\u00edn 192 mm<\/p>\n<p>R\u00edo Guadalhorce C\u00e1rtama\u00a0247,5 mm<\/p>\n<p>Villanueva de la Concepci\u00f3n 303 mm<\/p>\n<p>Casarabonela\u00a0504,3 mm<\/p>\n<p>Colmenar\u00a0184 mm<\/p>\n<p>Alfarnatejo\u00a0149,3 mm<\/p>\n<p>R\u00edo Benamargosa: 250,6 mm<\/p>\n<p>Torrox\u00a0211,7 mm<\/p>\n<p>Torre del Mar: 173,3 mm<\/p>\n<p>La ara\u00f1a 186 mm<\/p>\n<p>R\u00edo Guadiaro Majaceite\u00a0404,2 mm<\/p>\n<p>R\u00edo Grande\u00a0406 mm<\/p>\n<p>Las golondrinas 415,3 mm<\/p>\n<p>Depuradora del Trapiche 101,1 mm<\/p>\n<p>Fahala\u00a0211,5 mm<\/p>\n<p>R\u00edo Guadalhorce Bobadilla 201,4 mm<\/p>\n<p>R\u00edo Tur\u00f3n Ardales\u00a0466,6 mm<\/p>\n<p>R\u00edo Guadalteba, aforo Teba 226,3 mm.<\/p>\n<p>Rio Guadalhorce Archidona 135,5 mm<\/p>\n<p><strong>Embalse de la Concepci\u00f3n: 337,7 mm<\/strong><\/p>\n<p><strong>Embalse del Guadalteba 248,3 mm<\/strong><\/p>\n<p><strong>Embalse de Guadalhorce: 260,5 mm<\/strong><\/p>\n<p><strong>Embalse del Limonero: 145,2 mm<\/strong><\/p>\n<p><strong>Embalse de la Vi\u00f1uela: 191\u00a0mm<\/strong><\/p>\n<p><strong>Embalse de Casasola: 202,1 mm<\/strong><\/p>\n<p><strong>Embalse Guadalmina 353 mm<\/strong><\/p>\n<p><strong>Embalse Guadalmansa: 396 mmn<\/strong><\/p>\n<p><strong>Embalse Guadaiza: 375,5 mm<\/strong><\/p>\n<h3><strong>Fuente AEMET<\/strong><\/h3>\n<p>Cortes de la Frontera 468,6 mm<\/p>\n<p>Alpande\u00edre 443 mm<\/p>\n<p>Gauc\u00edn 343 mm<\/p>\n<p>Manilva\u00a0243,1 mm<\/p>\n<p>Benahav\u00eds 345,8 mm<\/p>\n<p>Estepona: no hay datos disponibles.<\/p>\n<p>Fuengirola\u00a0210,2<\/p>\n<p>Torremolinos\u00a0246,4 mm<\/p>\n<p>M\u00e1laga Aeropuerto: 220,8 mm<\/p>\n<p>M\u00e1laga Centro Meteorol\u00f3gico 255,5 mm<\/p>\n<p>\u00c1lora\u00a0203 mm<\/p>\n<h3><strong>Fuente: Wunderground<\/strong><\/h3>\n<p>Yunquera 428,7 mm<\/p>\n<p>El Burgo 434,9 mm<\/p>\n<p>Teba 217,8 mm<\/p>\n<p>Carratraca 560 mm<\/p>\n<p>Arriate\u00a0245 mm<\/p>\n<p>Antequera\u00a0198 mm<\/p>\n<p>Casares 374,5 mm<\/p>\n<p>Estepona 248,5 mm<\/p>\n<p>San Pedro de Alc\u00e1ntara: 263,7 mm<\/p>\n<p>Fuente Piedra 198 mm<\/p>\n<p>Alozaina\u00a0410 mm<\/p>\n<p>Ardales\u00a0700 mm<\/p>\n<p>Campillos\u00a0246 mm<\/p>\n<p>Sierra Yeguas 192 mm<\/p>\n<p>Humilladero 201 mm<\/p>\n<p>Cuevas de San Marcos\u00a0167 1 mm<\/p>\n<p>Villanueva de Algaidas 154 3 mm<\/p>\n<p>Villanueva de Tapia 198 8 mm<\/p>\n<p>Villanueva del Trabuco<\/p>\n<p>Villanueva del Rosario 326,1 mm<\/p>\n<p>Casabermeja Mirador 307 mm<\/p>\n<p>Periana 230 mm<\/p>\n<p>Canillas del Aceituno 298 mm<\/p>\n<p>Benamocarra\u00a0261 mm<\/p>\n<p>Completa 308 mm.<\/p>\n<p>Guaro 227,8 mm<\/p>\n<p>Almachar\u00a0267 mm<\/p>\n<p>El Borge 275 mm<\/p>\n<p>Alfarnate\u00a0275 mm<\/p>\n<p>V\u00e9lez M\u00e1laga\u00a0183 mm<\/p>\n<p>Co\u00edn San Rom\u00e1n 364,7 mm<\/p>\n<p>Mi estaci\u00f3n en Avda. Ortega y Gasset en M\u00e1laga capital, 203 mm.<\/p>\n<p>Os dejo con esta bonita foto de mi amigo Crist\u00f3bal Gambero en Mijas Pueblo.<\/p>\n<p>&nbsp;<\/p>\n<p>&nbsp;<\/p>\n<p>&nbsp;<\/p>\n<p><a href=\"https:\/\/static-blogs.diariosur.es\/wp-content\/uploads\/sites\/12\/2025\/03\/FB_IMG_1742365372743.jpg\"><img loading=\"lazy\" class=\"aligncenter size-large wp-image-43917\" src=\"https:\/\/static-blogs.diariosur.es\/wp-content\/uploads\/sites\/12\/2025\/03\/FB_IMG_1742365372743-544x408.jpg\" alt=\"\" width=\"544\" height=\"408\" srcset=\"https:\/\/static-blogs.diariosur.es\/wp-content\/uploads\/sites\/12\/2025\/03\/FB_IMG_1742365372743-544x408.jpg 544w, https:\/\/static-blogs.diariosur.es\/wp-content\/uploads\/sites\/12\/2025\/03\/FB_IMG_1742365372743-533x400.jpg 533w, https:\/\/static-blogs.diariosur.es\/wp-content\/uploads\/sites\/12\/2025\/03\/FB_IMG_1742365372743-768x576.jpg 768w, https:\/\/static-blogs.diariosur.es\/wp-content\/uploads\/sites\/12\/2025\/03\/FB_IMG_1742365372743.jpg 1400w\" sizes=\"(max-width: 544px) 100vw, 544px\" \/><\/a><\/p>\n","protected":false},"excerpt":{"rendered":"<p>Buenos d\u00edas, amigos de la meteo. Hoy mi\u00e9rcoles la lluvia nos dar\u00e1 una tregua, pero es muy probable que a partir de ma\u00f1ana jueves nos visiten nuevos frentes. Por la tarde actualizar\u00e9 el blog; os pondr\u00e9 los probables acumulados de precipitaci\u00f3n para ma\u00f1ana jueves que prev\u00e9n distintos modelos. En lo que va de mes llevamos [&hellip;]<\/p>\n","protected":false},"author":16,"featured_media":43917,"comment_status":"open","ping_status":"open","sticky":false,"template":"","format":"standard","meta":[],"categories":[2],"tags":[1952,1093,587,613,818,2014],"_links":{"self":[{"href":"https:\/\/blogs.diariosur.es\/tormentas-y-rayos\/wp-json\/wp\/v2\/posts\/43894"}],"collection":[{"href":"https:\/\/blogs.diariosur.es\/tormentas-y-rayos\/wp-json\/wp\/v2\/posts"}],"about":[{"href":"https:\/\/blogs.diariosur.es\/tormentas-y-rayos\/wp-json\/wp\/v2\/types\/post"}],"author":[{"embeddable":true,"href":"https:\/\/blogs.diariosur.es\/tormentas-y-rayos\/wp-json\/wp\/v2\/users\/16"}],"replies":[{"embeddable":true,"href":"https:\/\/blogs.diariosur.es\/tormentas-y-rayos\/wp-json\/wp\/v2\/comments?post=43894"}],"version-history":[{"count":22,"href":"https:\/\/blogs.diariosur.es\/tormentas-y-rayos\/wp-json\/wp\/v2\/posts\/43894\/revisions"}],"predecessor-version":[{"id":46702,"href":"https:\/\/blogs.diariosur.es\/tormentas-y-rayos\/wp-json\/wp\/v2\/posts\/43894\/revisions\/46702"}],"wp:featuredmedia":[{"embeddable":true,"href":"https:\/\/blogs.diariosur.es\/tormentas-y-rayos\/wp-json\/wp\/v2\/media\/43917"}],"wp:attachment":[{"href":"https:\/\/blogs.diariosur.es\/tormentas-y-rayos\/wp-json\/wp\/v2\/media?parent=43894"}],"wp:term":[{"taxonomy":"category","embeddable":true,"href":"https:\/\/blogs.diariosur.es\/tormentas-y-rayos\/wp-json\/wp\/v2\/categories?post=43894"},{"taxonomy":"post_tag","embeddable":true,"href":"https:\/\/blogs.diariosur.es\/tormentas-y-rayos\/wp-json\/wp\/v2\/tags?post=43894"}],"curies":[{"name":"wp","href":"https:\/\/api.w.org\/{rel}","templated":true}]}}