{"id":43924,"date":"2025-03-19T11:57:56","date_gmt":"2025-03-19T10:57:56","guid":{"rendered":"https:\/\/blogs.diariosur.es\/tormentas-y-rayos\/?p=43924"},"modified":"2025-10-06T08:15:56","modified_gmt":"2025-10-06T06:15:56","slug":"vuelven-las-lluvias-a-la-provincia-de-malaga-manana-jueves-probables-acumulados-borrasca-martinho","status":"publish","type":"post","link":"https:\/\/blogs.diariosur.es\/tormentas-y-rayos\/2025\/03\/19\/vuelven-las-lluvias-a-la-provincia-de-malaga-manana-jueves-probables-acumulados-borrasca-martinho\/","title":{"rendered":"Vuelven las lluvias a la provincia de M\u00e1laga ma\u00f1ana jueves. Probables acumulados. Borrasca Martinho"},"content":{"rendered":"<p><a href=\"https:\/\/static-blogs.diariosur.es\/wp-content\/uploads\/sites\/12\/2025\/03\/474591997_10231480374091459_5977821584942016476_n.jpg\"><img loading=\"lazy\" class=\"aligncenter size-thumbnail wp-image-43666\" src=\"https:\/\/static-blogs.diariosur.es\/wp-content\/uploads\/sites\/12\/2025\/03\/474591997_10231480374091459_5977821584942016476_n-150x150.jpg\" alt=\"\" width=\"150\" height=\"150\" srcset=\"https:\/\/static-blogs.diariosur.es\/wp-content\/uploads\/sites\/12\/2025\/03\/474591997_10231480374091459_5977821584942016476_n-150x150.jpg 150w, https:\/\/static-blogs.diariosur.es\/wp-content\/uploads\/sites\/12\/2025\/03\/474591997_10231480374091459_5977821584942016476_n-400x400.jpg 400w, https:\/\/static-blogs.diariosur.es\/wp-content\/uploads\/sites\/12\/2025\/03\/474591997_10231480374091459_5977821584942016476_n-408x408.jpg 408w, https:\/\/static-blogs.diariosur.es\/wp-content\/uploads\/sites\/12\/2025\/03\/474591997_10231480374091459_5977821584942016476_n-768x768.jpg 768w, https:\/\/static-blogs.diariosur.es\/wp-content\/uploads\/sites\/12\/2025\/03\/474591997_10231480374091459_5977821584942016476_n.jpg 1000w\" sizes=\"(max-width: 150px) 100vw, 150px\" \/><\/a><\/p>\n<p>Buenas tardes, amigos de la meteo. Como os promet\u00ed esta ma\u00f1ana, actualizo nuevamente el blog, para daros los acumulados de precipitaci\u00f3n previstos para ma\u00f1ana jueves de distintos modelos.<\/p>\n<p>Pero antes, por si alguno no ha le\u00eddo el post de esta ma\u00f1ana, os pongo los acumulados de precipitaci\u00f3n en lo que llevamos del mes de marzo en la provincia de M\u00e1laga. Pinchar en el enlace<\/p>\n<p>&nbsp;<\/p>\n<h3 class=\"voc-blogs-section\"><a href=\"https:\/\/blogs.diariosur.es\/tormentas-y-rayos\/2025\/03\/19\/hasta-700-litros-por-metro-cuadrado-impresionantes-acumulados-de-precipitacion-en-lo-que-llevamos-de-marzo-en-la-provincia-de-malaga\/\"><span style=\"color: #0000ff;\"><strong>Hasta 700 litros por metro cuadrado: impresionantes acumulados de precipitaci\u00f3n en lo que llevamos de marzo en la provincia de M\u00e1laga<\/strong><\/span><\/a><\/h3>\n<p>&nbsp;<\/p>\n<p><a href=\"https:\/\/static-blogs.diariosur.es\/wp-content\/uploads\/sites\/12\/2025\/03\/162033201_10222150595052814_7199106276502093225_n.jpg\"><img loading=\"lazy\" class=\"aligncenter size-full wp-image-43937\" src=\"https:\/\/static-blogs.diariosur.es\/wp-content\/uploads\/sites\/12\/2025\/03\/162033201_10222150595052814_7199106276502093225_n.jpg\" alt=\"\" width=\"1080\" height=\"675\" srcset=\"https:\/\/static-blogs.diariosur.es\/wp-content\/uploads\/sites\/12\/2025\/03\/162033201_10222150595052814_7199106276502093225_n.jpg 1080w, https:\/\/static-blogs.diariosur.es\/wp-content\/uploads\/sites\/12\/2025\/03\/162033201_10222150595052814_7199106276502093225_n-640x400.jpg 640w, https:\/\/static-blogs.diariosur.es\/wp-content\/uploads\/sites\/12\/2025\/03\/162033201_10222150595052814_7199106276502093225_n-653x408.jpg 653w, https:\/\/static-blogs.diariosur.es\/wp-content\/uploads\/sites\/12\/2025\/03\/162033201_10222150595052814_7199106276502093225_n-768x480.jpg 768w\" sizes=\"(max-width: 1080px) 100vw, 1080px\" \/><\/a><\/p>\n<p>&nbsp;<\/p>\n<p>&nbsp;<\/p>\n<p>&nbsp;<\/p>\n<h3 data-pm-slice=\"1 1 []\"><strong>Probables acumulados. Borrasca Martinho<\/strong><\/h3>\n<p>De momento no entramos en aviso amarillo por lluvias en la provincia de M\u00e1laga; pienso que no se activar\u00e1n. Para hoy y ma\u00f1ana se activa en la costa de M\u00e1laga por fen\u00f3menos costeros. Intervalos de viento del este de 50 a 60 km\/h (fuerza 7) y olas de 3 m.<\/p>\n<p>Las provincias de Huelva, C\u00f3rdoba, Sevilla y C\u00e1diz s\u00ed entran en aviso por lluvias.<\/p>\n<p>El frente que genera la borrasca Martinho dejar\u00e1 m\u00e1s precipitaci\u00f3n en la zona m\u00e1s occidental de la provincia malague\u00f1a; las lluvias en la capital las espero por la tarde-noche.<\/p>\n<p>Os paso el mapa de superficie previsto para ma\u00f1ana por la Aemet y a continuaci\u00f3n os pongo los acumulados.<\/p>\n<p>&nbsp;<\/p>\n<p>&nbsp;<\/p>\n<p><a href=\"https:\/\/static-blogs.diariosur.es\/wp-content\/uploads\/sites\/12\/2025\/03\/z-e1742371834752.gif\"><img loading=\"lazy\" class=\"aligncenter size-full wp-image-43928\" src=\"https:\/\/static-blogs.diariosur.es\/wp-content\/uploads\/sites\/12\/2025\/03\/z-e1742371834752.gif\" alt=\"\" width=\"1000\" height=\"700\" \/><\/a><\/p>\n<p>&nbsp;<\/p>\n<p>Si os dais cuenta, todo depender\u00e1 que tengamos mas o menos acumulados si el frente se reactiva.<\/p>\n<p><strong>Modelo Europeo<\/strong><\/p>\n<p>&nbsp;<\/p>\n<p><a href=\"https:\/\/static-blogs.diariosur.es\/wp-content\/uploads\/sites\/12\/2025\/03\/europeo-8.jpg\"><img loading=\"lazy\" class=\"aligncenter size-full wp-image-43929\" src=\"https:\/\/static-blogs.diariosur.es\/wp-content\/uploads\/sites\/12\/2025\/03\/europeo-8.jpg\" alt=\"\" width=\"1149\" height=\"1236\" srcset=\"https:\/\/static-blogs.diariosur.es\/wp-content\/uploads\/sites\/12\/2025\/03\/europeo-8.jpg 1149w, https:\/\/static-blogs.diariosur.es\/wp-content\/uploads\/sites\/12\/2025\/03\/europeo-8-372x400.jpg 372w, https:\/\/static-blogs.diariosur.es\/wp-content\/uploads\/sites\/12\/2025\/03\/europeo-8-379x408.jpg 379w, https:\/\/static-blogs.diariosur.es\/wp-content\/uploads\/sites\/12\/2025\/03\/europeo-8-768x826.jpg 768w\" sizes=\"(max-width: 1149px) 100vw, 1149px\" \/><\/a><\/p>\n<p>&nbsp;<\/p>\n<p><strong>Americano<\/strong><\/p>\n<p>&nbsp;<\/p>\n<p><a href=\"https:\/\/static-blogs.diariosur.es\/wp-content\/uploads\/sites\/12\/2025\/03\/americano-8.jpg\"><img loading=\"lazy\" class=\"aligncenter size-full wp-image-43930\" src=\"https:\/\/static-blogs.diariosur.es\/wp-content\/uploads\/sites\/12\/2025\/03\/americano-8.jpg\" alt=\"\" width=\"1164\" height=\"1219\" srcset=\"https:\/\/static-blogs.diariosur.es\/wp-content\/uploads\/sites\/12\/2025\/03\/americano-8.jpg 1164w, https:\/\/static-blogs.diariosur.es\/wp-content\/uploads\/sites\/12\/2025\/03\/americano-8-382x400.jpg 382w, https:\/\/static-blogs.diariosur.es\/wp-content\/uploads\/sites\/12\/2025\/03\/americano-8-390x408.jpg 390w, https:\/\/static-blogs.diariosur.es\/wp-content\/uploads\/sites\/12\/2025\/03\/americano-8-768x804.jpg 768w\" sizes=\"(max-width: 1164px) 100vw, 1164px\" \/><\/a><\/p>\n<p>&nbsp;<\/p>\n<p><strong>Reino Unido<\/strong><\/p>\n<p>&nbsp;<\/p>\n<p><a href=\"https:\/\/static-blogs.diariosur.es\/wp-content\/uploads\/sites\/12\/2025\/03\/reino-unido-8.jpg\"><img loading=\"lazy\" class=\"aligncenter size-full wp-image-43931\" src=\"https:\/\/static-blogs.diariosur.es\/wp-content\/uploads\/sites\/12\/2025\/03\/reino-unido-8.jpg\" alt=\"\" width=\"1149\" height=\"1201\" srcset=\"https:\/\/static-blogs.diariosur.es\/wp-content\/uploads\/sites\/12\/2025\/03\/reino-unido-8.jpg 1149w, https:\/\/static-blogs.diariosur.es\/wp-content\/uploads\/sites\/12\/2025\/03\/reino-unido-8-383x400.jpg 383w, https:\/\/static-blogs.diariosur.es\/wp-content\/uploads\/sites\/12\/2025\/03\/reino-unido-8-390x408.jpg 390w, https:\/\/static-blogs.diariosur.es\/wp-content\/uploads\/sites\/12\/2025\/03\/reino-unido-8-768x803.jpg 768w\" sizes=\"(max-width: 1149px) 100vw, 1149px\" \/><\/a><\/p>\n<p>&nbsp;<\/p>\n<p><strong>Arpege<\/strong><\/p>\n<p>&nbsp;<\/p>\n<p><a href=\"https:\/\/static-blogs.diariosur.es\/wp-content\/uploads\/sites\/12\/2025\/03\/arpege-1.jpg\"><img loading=\"lazy\" class=\"aligncenter size-full wp-image-43932\" src=\"https:\/\/static-blogs.diariosur.es\/wp-content\/uploads\/sites\/12\/2025\/03\/arpege-1.jpg\" alt=\"\" width=\"1164\" height=\"1263\" srcset=\"https:\/\/static-blogs.diariosur.es\/wp-content\/uploads\/sites\/12\/2025\/03\/arpege-1.jpg 1164w, https:\/\/static-blogs.diariosur.es\/wp-content\/uploads\/sites\/12\/2025\/03\/arpege-1-369x400.jpg 369w, https:\/\/static-blogs.diariosur.es\/wp-content\/uploads\/sites\/12\/2025\/03\/arpege-1-376x408.jpg 376w, https:\/\/static-blogs.diariosur.es\/wp-content\/uploads\/sites\/12\/2025\/03\/arpege-1-768x833.jpg 768w\" sizes=\"(max-width: 1164px) 100vw, 1164px\" \/><\/a><\/p>\n<p>&nbsp;<\/p>\n<p><strong>Icono<\/strong><\/p>\n<p>&nbsp;<\/p>\n<p><a href=\"https:\/\/static-blogs.diariosur.es\/wp-content\/uploads\/sites\/12\/2025\/03\/icono-7.jpg\"><img loading=\"lazy\" class=\"aligncenter size-full wp-image-43933\" src=\"https:\/\/static-blogs.diariosur.es\/wp-content\/uploads\/sites\/12\/2025\/03\/icono-7.jpg\" alt=\"\" width=\"1140\" height=\"1246\" srcset=\"https:\/\/static-blogs.diariosur.es\/wp-content\/uploads\/sites\/12\/2025\/03\/icono-7.jpg 1140w, https:\/\/static-blogs.diariosur.es\/wp-content\/uploads\/sites\/12\/2025\/03\/icono-7-366x400.jpg 366w, https:\/\/static-blogs.diariosur.es\/wp-content\/uploads\/sites\/12\/2025\/03\/icono-7-373x408.jpg 373w, https:\/\/static-blogs.diariosur.es\/wp-content\/uploads\/sites\/12\/2025\/03\/icono-7-768x839.jpg 768w\" sizes=\"(max-width: 1140px) 100vw, 1140px\" \/><\/a><\/p>\n<p>&nbsp;<\/p>\n<p>&nbsp;<\/p>\n<p>&nbsp;<\/p>\n<p>&nbsp;<\/p>\n","protected":false},"excerpt":{"rendered":"<p>Buenas tardes, amigos de la meteo. Como os promet\u00ed esta ma\u00f1ana, actualizo nuevamente el blog, para daros los acumulados de precipitaci\u00f3n previstos para ma\u00f1ana jueves de distintos modelos. Pero antes, por si alguno no ha le\u00eddo el post de esta ma\u00f1ana, os pongo los acumulados de precipitaci\u00f3n en lo que llevamos del mes de marzo [&hellip;]<\/p>\n","protected":false},"author":16,"featured_media":43937,"comment_status":"open","ping_status":"open","sticky":false,"template":"","format":"standard","meta":[],"categories":[2],"tags":[94,151,188,358,569,587,2015],"_links":{"self":[{"href":"https:\/\/blogs.diariosur.es\/tormentas-y-rayos\/wp-json\/wp\/v2\/posts\/43924"}],"collection":[{"href":"https:\/\/blogs.diariosur.es\/tormentas-y-rayos\/wp-json\/wp\/v2\/posts"}],"about":[{"href":"https:\/\/blogs.diariosur.es\/tormentas-y-rayos\/wp-json\/wp\/v2\/types\/post"}],"author":[{"embeddable":true,"href":"https:\/\/blogs.diariosur.es\/tormentas-y-rayos\/wp-json\/wp\/v2\/users\/16"}],"replies":[{"embeddable":true,"href":"https:\/\/blogs.diariosur.es\/tormentas-y-rayos\/wp-json\/wp\/v2\/comments?post=43924"}],"version-history":[{"count":8,"href":"https:\/\/blogs.diariosur.es\/tormentas-y-rayos\/wp-json\/wp\/v2\/posts\/43924\/revisions"}],"predecessor-version":[{"id":46704,"href":"https:\/\/blogs.diariosur.es\/tormentas-y-rayos\/wp-json\/wp\/v2\/posts\/43924\/revisions\/46704"}],"wp:featuredmedia":[{"embeddable":true,"href":"https:\/\/blogs.diariosur.es\/tormentas-y-rayos\/wp-json\/wp\/v2\/media\/43937"}],"wp:attachment":[{"href":"https:\/\/blogs.diariosur.es\/tormentas-y-rayos\/wp-json\/wp\/v2\/media?parent=43924"}],"wp:term":[{"taxonomy":"category","embeddable":true,"href":"https:\/\/blogs.diariosur.es\/tormentas-y-rayos\/wp-json\/wp\/v2\/categories?post=43924"},{"taxonomy":"post_tag","embeddable":true,"href":"https:\/\/blogs.diariosur.es\/tormentas-y-rayos\/wp-json\/wp\/v2\/tags?post=43924"}],"curies":[{"name":"wp","href":"https:\/\/api.w.org\/{rel}","templated":true}]}}