{"id":43949,"date":"2025-03-21T07:31:43","date_gmt":"2025-03-21T06:31:43","guid":{"rendered":"https:\/\/blogs.diariosur.es\/tormentas-y-rayos\/?p=43949"},"modified":"2025-10-06T08:08:37","modified_gmt":"2025-10-06T06:08:37","slug":"entrega-del-premio-del-libro-noches-de-taro-de-fatima-romero-alvarez-mis-felicitaciones-mercedes-torres-la-ganadora-de-la-porra","status":"publish","type":"post","link":"https:\/\/blogs.diariosur.es\/tormentas-y-rayos\/2025\/03\/21\/entrega-del-premio-del-libro-noches-de-taro-de-fatima-romero-alvarez-mis-felicitaciones-mercedes-torres-la-ganadora-de-la-porra\/","title":{"rendered":"Entrega del premio del libro Noches de Tar\u00f3 de F\u00e1tima Romero \u00c1lvarez. Mis felicitaciones a Mercedes Torres, la ganadora de la porra"},"content":{"rendered":"<p>&nbsp;<\/p>\n<p><a href=\"https:\/\/static-blogs.diariosur.es\/wp-content\/uploads\/sites\/12\/2025\/03\/485061785_10232007549910525_80981998006536982_n.jpg\"><img loading=\"lazy\" class=\"aligncenter size-thumbnail wp-image-43954\" src=\"https:\/\/static-blogs.diariosur.es\/wp-content\/uploads\/sites\/12\/2025\/03\/485061785_10232007549910525_80981998006536982_n-150x150.jpg\" alt=\"\" width=\"150\" height=\"150\" \/><\/a><\/p>\n<p data-pm-slice=\"1 1 []\">Buenos d\u00edas, amigos de la meteo. Ayer hicimos F\u00e1tima y yo la entrega del premio Noches de Tar\u00f3 a Mercedes Torres, que fue la ganadora de la porra pluviom\u00e9trica. Esta porra nos ha tra\u00eddo mucha suerte porque la sequ\u00eda est\u00e1 a punto de terminar.<\/p>\n<p>Tambi\u00e9n me ha hecho mucha ilusi\u00f3n ser un personaje del libro, como os he comentado muchas veces.<\/p>\n<p><strong>Os dejo con F\u00e1tima. Y con algunas fotos.<\/strong><br \/>\nNoches de tar\u00f3 es un thriller sobrenatural que transcurre en las calles de M\u00e1laga: la inspectora Victoria Paula Garrido, Vip, da por controlada su vida despu\u00e9s de a\u00f1os infiltrada en Serbia, del jefe que le amarga el trabajo y los encontronazos con su apretada familia.<br \/>\nPero entonces empieza a actuar un asesino que acecha al amparo de las noches de tar\u00f3.<br \/>\nTodo indica que ella, gracias a su maldici\u00f3n, es la \u00fanica capaz de darle caza.<br \/>\nVip asume que lo va a pagar bien caro porque siente que est\u00e1 sola y porque intuye que ese tipo de problemas nunca vienen solos.<br \/>\n\u00abLa niebla empez\u00f3 a remontar el Guadalmedina con puntualidad malague\u00f1a, ignorando la previsi\u00f3n de AEMET, justo cuando el sol coloreaba la punta entre Fuengirola y Benalm\u00e1dena. Al respecto, solo se pod\u00eda hacer caso a Jos\u00e9 Antonio Caballero, periodista, escritorucho, ex M\u00edster Espa\u00f1a, cliente de Garrido y Peinado Asesores y amigote de Ciri desde el colegio, cuya pasi\u00f3n por M\u00e1laga y la meteorolog\u00eda hab\u00eda conseguido que el peri\u00f3dico El Sur y el canal local 101Tv lo ficharan como divulgador de referencia de los vaivenes clim\u00e1ticos desde Nerja a San Pedro de Alc\u00e1ntara, pasando por Ronda, Antequera y la Sierra de las Nieves. El se\u00f1or Caballero pocas veces fallaba. Esta, por lo menos, acert\u00f3\u00bb.<br \/>\nEl libro est\u00e1 en Amazon.<\/p>\n<p>&nbsp;<\/p>\n<p><a href=\"https:\/\/static-blogs.diariosur.es\/wp-content\/uploads\/sites\/12\/2025\/03\/485360153_10232007138300235_7742967307437502199_n-e1742538017453.jpg\"><img loading=\"lazy\" class=\"aligncenter size-full wp-image-43950\" src=\"https:\/\/static-blogs.diariosur.es\/wp-content\/uploads\/sites\/12\/2025\/03\/485360153_10232007138300235_7742967307437502199_n-e1742538017453.jpg\" alt=\"\" width=\"1200\" height=\"675\" \/><\/a><\/p>\n<p>&nbsp;<\/p>\n<p><a href=\"https:\/\/static-blogs.diariosur.es\/wp-content\/uploads\/sites\/12\/2025\/03\/481696988_10232007139380262_8388967033807875400_n-e1742538051107.jpg\"><img loading=\"lazy\" class=\"aligncenter size-full wp-image-43951\" src=\"https:\/\/static-blogs.diariosur.es\/wp-content\/uploads\/sites\/12\/2025\/03\/481696988_10232007139380262_8388967033807875400_n-e1742538051107.jpg\" alt=\"\" width=\"1200\" height=\"675\" \/><\/a><\/p>\n<p>&nbsp;<\/p>\n<p><a href=\"https:\/\/static-blogs.diariosur.es\/wp-content\/uploads\/sites\/12\/2025\/03\/z-2-e1742538346890.jpg\"><img loading=\"lazy\" class=\"aligncenter size-full wp-image-43953\" src=\"https:\/\/static-blogs.diariosur.es\/wp-content\/uploads\/sites\/12\/2025\/03\/z-2-e1742538346890.jpg\" alt=\"\" width=\"1200\" height=\"675\" \/><\/a><\/p>\n<p>&nbsp;<\/p>\n<p>Luego por la tarde os doy la predicci\u00f3n del fin de semana<\/p>\n<p>&nbsp;<\/p>\n","protected":false},"excerpt":{"rendered":"<p>&nbsp; Buenos d\u00edas, amigos de la meteo. Ayer hicimos F\u00e1tima y yo la entrega del premio Noches de Tar\u00f3 a Mercedes Torres, que fue la ganadora de la porra pluviom\u00e9trica. Esta porra nos ha tra\u00eddo mucha suerte porque la sequ\u00eda est\u00e1 a punto de terminar. Tambi\u00e9n me ha hecho mucha ilusi\u00f3n ser un personaje del [&hellip;]<\/p>\n","protected":false},"author":16,"featured_media":43953,"comment_status":"open","ping_status":"open","sticky":false,"template":"","format":"standard","meta":[],"categories":[2],"tags":[358,2016,559,709,1284,800,953],"_links":{"self":[{"href":"https:\/\/blogs.diariosur.es\/tormentas-y-rayos\/wp-json\/wp\/v2\/posts\/43949"}],"collection":[{"href":"https:\/\/blogs.diariosur.es\/tormentas-y-rayos\/wp-json\/wp\/v2\/posts"}],"about":[{"href":"https:\/\/blogs.diariosur.es\/tormentas-y-rayos\/wp-json\/wp\/v2\/types\/post"}],"author":[{"embeddable":true,"href":"https:\/\/blogs.diariosur.es\/tormentas-y-rayos\/wp-json\/wp\/v2\/users\/16"}],"replies":[{"embeddable":true,"href":"https:\/\/blogs.diariosur.es\/tormentas-y-rayos\/wp-json\/wp\/v2\/comments?post=43949"}],"version-history":[{"count":3,"href":"https:\/\/blogs.diariosur.es\/tormentas-y-rayos\/wp-json\/wp\/v2\/posts\/43949\/revisions"}],"predecessor-version":[{"id":46700,"href":"https:\/\/blogs.diariosur.es\/tormentas-y-rayos\/wp-json\/wp\/v2\/posts\/43949\/revisions\/46700"}],"wp:featuredmedia":[{"embeddable":true,"href":"https:\/\/blogs.diariosur.es\/tormentas-y-rayos\/wp-json\/wp\/v2\/media\/43953"}],"wp:attachment":[{"href":"https:\/\/blogs.diariosur.es\/tormentas-y-rayos\/wp-json\/wp\/v2\/media?parent=43949"}],"wp:term":[{"taxonomy":"category","embeddable":true,"href":"https:\/\/blogs.diariosur.es\/tormentas-y-rayos\/wp-json\/wp\/v2\/categories?post=43949"},{"taxonomy":"post_tag","embeddable":true,"href":"https:\/\/blogs.diariosur.es\/tormentas-y-rayos\/wp-json\/wp\/v2\/tags?post=43949"}],"curies":[{"name":"wp","href":"https:\/\/api.w.org\/{rel}","templated":true}]}}