{"id":43957,"date":"2025-03-21T10:15:53","date_gmt":"2025-03-21T09:15:53","guid":{"rendered":"https:\/\/blogs.diariosur.es\/tormentas-y-rayos\/?p=43957"},"modified":"2025-10-06T08:09:46","modified_gmt":"2025-10-06T06:09:46","slug":"que-tiempo-hara-el-fin-de-semana-en-la-provincia-de-malaga-probables-arcoiris","status":"publish","type":"post","link":"https:\/\/blogs.diariosur.es\/tormentas-y-rayos\/2025\/03\/21\/que-tiempo-hara-el-fin-de-semana-en-la-provincia-de-malaga-probables-arcoiris\/","title":{"rendered":"\u00bfQu\u00e9 tiempo har\u00e1 el fin de semana en la provincia de M\u00e1laga? Probables arco\u00edris"},"content":{"rendered":"<p><a href=\"https:\/\/static-blogs.diariosur.es\/wp-content\/uploads\/sites\/12\/2025\/03\/485061785_10232007549910525_80981998006536982_n-1.jpg\"><img loading=\"lazy\" class=\"aligncenter size-thumbnail wp-image-43964\" src=\"https:\/\/static-blogs.diariosur.es\/wp-content\/uploads\/sites\/12\/2025\/03\/485061785_10232007549910525_80981998006536982_n-1-150x150.jpg\" alt=\"\" width=\"150\" height=\"150\" \/><\/a><\/p>\n<p data-pm-slice=\"1 1 []\">Buenos d\u00edas, amigos de la meteo. Comenzamos con la predicci\u00f3n del s\u00e1bado.<\/p>\n<p>Durante la pr\u00f3xima madrugada del s\u00e1bado, hay probabilidad de chubascos d\u00e9biles en algunos puntos de la provincia malague\u00f1a; no caer\u00e1n en todos los portales. A partir de las seis de la ma\u00f1ana y hasta las 15:00 de la tarde baja mucho la probabilidad; podremos cargar las pilas con el sol. Nuevamente, a partir de las 16:00 horas hay probabilidad de algunos chubascos d\u00e9biles y espor\u00e1dicos en algunos puntos de la provincia, no en todos los portales. Podemos tener arco\u00edris.<\/p>\n<p>El viento soplar\u00e1 de poniente y terral de primavera, con rachas moderadas.<\/p>\n<p>Las temperaturas m\u00e1ximas y m\u00ednimas bajar\u00e1n.<\/p>\n<p><strong>Domingo 23 de marzo.<\/strong><\/p>\n<p>Durante la madrugada, la probabilidad de precipitaciones es baja. A partir de las seis de la ma\u00f1ana aumenta la probabilidad de chubascos d\u00e9biles y espor\u00e1dicos por la zona interior occidental; no los descarto en otros puntos de la provincia, aunque sea pesado, no se mojar\u00e1n todos los portales.<\/p>\n<p>El domingo nos afectar\u00e1n chubascos posfrontales; se pueden dar arco\u00edris.<\/p>\n<p>Destacar que bajar\u00e1n las temperaturas y seguiremos con rachas moderadas de poniente y terral de primavera.<\/p>\n<p>Os dejo con este bonito arco\u00edris de mi amiga Nany Lavado.<\/p>\n<p>&nbsp;<\/p>\n<p><a href=\"https:\/\/static-blogs.diariosur.es\/wp-content\/uploads\/sites\/12\/2025\/03\/480971685_10232008405491914_8299519665494062841_n.jpg\"><img loading=\"lazy\" class=\"aligncenter size-full wp-image-43963\" src=\"https:\/\/static-blogs.diariosur.es\/wp-content\/uploads\/sites\/12\/2025\/03\/480971685_10232008405491914_8299519665494062841_n.jpg\" alt=\"\" width=\"1024\" height=\"628\" srcset=\"https:\/\/static-blogs.diariosur.es\/wp-content\/uploads\/sites\/12\/2025\/03\/480971685_10232008405491914_8299519665494062841_n.jpg 1024w, https:\/\/static-blogs.diariosur.es\/wp-content\/uploads\/sites\/12\/2025\/03\/480971685_10232008405491914_8299519665494062841_n-640x393.jpg 640w, https:\/\/static-blogs.diariosur.es\/wp-content\/uploads\/sites\/12\/2025\/03\/480971685_10232008405491914_8299519665494062841_n-665x408.jpg 665w, https:\/\/static-blogs.diariosur.es\/wp-content\/uploads\/sites\/12\/2025\/03\/480971685_10232008405491914_8299519665494062841_n-768x471.jpg 768w\" sizes=\"(max-width: 1024px) 100vw, 1024px\" \/><\/a><\/p>\n<p>&nbsp;<\/p>\n<p>&nbsp;<\/p>\n","protected":false},"excerpt":{"rendered":"<p>Buenos d\u00edas, amigos de la meteo. Comenzamos con la predicci\u00f3n del s\u00e1bado. Durante la pr\u00f3xima madrugada del s\u00e1bado, hay probabilidad de chubascos d\u00e9biles en algunos puntos de la provincia malague\u00f1a; no caer\u00e1n en todos los portales. A partir de las seis de la ma\u00f1ana y hasta las 15:00 de la tarde baja mucho la probabilidad; [&hellip;]<\/p>\n","protected":false},"author":16,"featured_media":43963,"comment_status":"open","ping_status":"open","sticky":false,"template":"","format":"standard","meta":[],"categories":[2],"tags":[358,587,800],"_links":{"self":[{"href":"https:\/\/blogs.diariosur.es\/tormentas-y-rayos\/wp-json\/wp\/v2\/posts\/43957"}],"collection":[{"href":"https:\/\/blogs.diariosur.es\/tormentas-y-rayos\/wp-json\/wp\/v2\/posts"}],"about":[{"href":"https:\/\/blogs.diariosur.es\/tormentas-y-rayos\/wp-json\/wp\/v2\/types\/post"}],"author":[{"embeddable":true,"href":"https:\/\/blogs.diariosur.es\/tormentas-y-rayos\/wp-json\/wp\/v2\/users\/16"}],"replies":[{"embeddable":true,"href":"https:\/\/blogs.diariosur.es\/tormentas-y-rayos\/wp-json\/wp\/v2\/comments?post=43957"}],"version-history":[{"count":5,"href":"https:\/\/blogs.diariosur.es\/tormentas-y-rayos\/wp-json\/wp\/v2\/posts\/43957\/revisions"}],"predecessor-version":[{"id":46701,"href":"https:\/\/blogs.diariosur.es\/tormentas-y-rayos\/wp-json\/wp\/v2\/posts\/43957\/revisions\/46701"}],"wp:featuredmedia":[{"embeddable":true,"href":"https:\/\/blogs.diariosur.es\/tormentas-y-rayos\/wp-json\/wp\/v2\/media\/43963"}],"wp:attachment":[{"href":"https:\/\/blogs.diariosur.es\/tormentas-y-rayos\/wp-json\/wp\/v2\/media?parent=43957"}],"wp:term":[{"taxonomy":"category","embeddable":true,"href":"https:\/\/blogs.diariosur.es\/tormentas-y-rayos\/wp-json\/wp\/v2\/categories?post=43957"},{"taxonomy":"post_tag","embeddable":true,"href":"https:\/\/blogs.diariosur.es\/tormentas-y-rayos\/wp-json\/wp\/v2\/tags?post=43957"}],"curies":[{"name":"wp","href":"https:\/\/api.w.org\/{rel}","templated":true}]}}