{"id":43979,"date":"2025-03-23T11:56:24","date_gmt":"2025-03-23T10:56:24","guid":{"rendered":"https:\/\/blogs.diariosur.es\/tormentas-y-rayos\/?p=43979"},"modified":"2025-10-06T08:04:14","modified_gmt":"2025-10-06T06:04:14","slug":"madruga-fresquita-en-la-provincia-de-malaga-campana-y-se-acabo-el-miercoles-llega-el-anticiclon","status":"publish","type":"post","link":"https:\/\/blogs.diariosur.es\/tormentas-y-rayos\/2025\/03\/23\/madruga-fresquita-en-la-provincia-de-malaga-campana-y-se-acabo-el-miercoles-llega-el-anticiclon\/","title":{"rendered":"Nieva en la provincia malague\u00f1a. Campana y se acab\u00f3, el mi\u00e9rcoles llega el anticicl\u00f3n"},"content":{"rendered":"<p><a href=\"https:\/\/static-blogs.diariosur.es\/wp-content\/uploads\/sites\/12\/2025\/03\/485061785_10232007549910525_80981998006536982_n-1.jpg\"><img loading=\"lazy\" class=\"aligncenter size-thumbnail wp-image-43964\" src=\"https:\/\/static-blogs.diariosur.es\/wp-content\/uploads\/sites\/12\/2025\/03\/485061785_10232007549910525_80981998006536982_n-1-150x150.jpg\" alt=\"\" width=\"150\" height=\"150\" \/><\/a><\/p>\n<p data-pm-slice=\"1 1 []\">Hola, amigos de la meteo. Madrugada fresquita y lluviosa en la provincia malague\u00f1a hoy domingo; os pongo algunos datos.<\/p>\n<p>M\u00e1laga Centro Meteorol\u00f3gico 9,2 \u00baC<\/p>\n<p>Ronda 5,2 \u00b0C<\/p>\n<p>Archidona Norte 4,2 \u00baC<\/p>\n<p>Mijas Pueblo 7,6 \u00b0C<\/p>\n<p>Gauc\u00edn 6,5 \u00baC<\/p>\n<p>Alpandeire 6,4 \u00baC<\/p>\n<p>Antequera 5,9 \u00baC<\/p>\n<p>V\u00e9lez-M\u00e1laga 9,5 \u00baC<\/p>\n<p>Villa Nueva del Rosario 4,5 \u00baC<\/p>\n<p>Casabermeja 5,4 \u00baC<\/p>\n<p>Alfarnate\u00a02,9 \u00baC<\/p>\n<p><strong>Est\u00e1 nevando en la Sierra de las Nieves, la Maroma y Almijara. En esta \u00faltima est\u00e1n mi amigo Antonio Galiano, Antonio Chaves y Juan Carlos Moyano.<\/strong><\/p>\n<p>Os paso un video.<\/p>\n<p>&nbsp;<\/p>\n<p><iframe loading=\"lazy\" title=\"V\u00eddeo de Antonio Jes\u00fas Galiano en la Almijara hoy domingo\" width=\"500\" height=\"281\" src=\"https:\/\/www.youtube.com\/embed\/oWEOMHekQTY?feature=oembed\" frameborder=\"0\" allow=\"accelerometer; autoplay; clipboard-write; encrypted-media; gyroscope; picture-in-picture; web-share\" referrerpolicy=\"strict-origin-when-cross-origin\" allowfullscreen><\/iframe><\/p>\n<p>&nbsp;<\/p>\n<h3 data-pm-slice=\"1 1 []\"><strong>Campana y se acab\u00f3, el mi\u00e9rcoles llega el anticicl\u00f3n.<\/strong><\/h3>\n<p>Ma\u00f1ana lunes no se esperan precipitaciones; el martes nuevamente hay probabilidad de precipitaciones en algunos puntos de la provincia; lo mismo, la capital se libra.<\/p>\n<p>A partir del mi\u00e9rcoles y todo lo que queda de semana no se esperan lluvias en la provincia malague\u00f1a; el anticicl\u00f3n tomar\u00e1 protagonismo. Ya veremos cu\u00e1nto dura.<\/p>\n<p>Con la lluvia de hoy domingo, la estaci\u00f3n de la Aemet del Aeropuerto lleva 18 d\u00edas de precipitaciones; est\u00e1 a tan solo un d\u00eda de igualar el r\u00e9cord de marzo del a\u00f1o 2018, que fueron 19 d\u00edas.<\/p>\n<p>Os dejo, hasta ma\u00f1ana.<strong> Lo mismo hablamos de la Semana Santa 2025.<\/strong><\/p>\n<p>&nbsp;<\/p>\n<p><a href=\"https:\/\/static-blogs.diariosur.es\/wp-content\/uploads\/sites\/12\/2025\/03\/485109223_10232033889488998_292043419946269241_n-e1742727347978.jpg\"><img loading=\"lazy\" class=\"aligncenter size-full wp-image-43985\" src=\"https:\/\/static-blogs.diariosur.es\/wp-content\/uploads\/sites\/12\/2025\/03\/485109223_10232033889488998_292043419946269241_n-e1742727347978.jpg\" alt=\"\" width=\"1100\" height=\"874\" \/><\/a><\/p>\n<p>&nbsp;<\/p>\n<p>&nbsp;<\/p>\n","protected":false},"excerpt":{"rendered":"<p>Hola, amigos de la meteo. Madrugada fresquita y lluviosa en la provincia malague\u00f1a hoy domingo; os pongo algunos datos. M\u00e1laga Centro Meteorol\u00f3gico 9,2 \u00baC Ronda 5,2 \u00b0C Archidona Norte 4,2 \u00baC Mijas Pueblo 7,6 \u00b0C Gauc\u00edn 6,5 \u00baC Alpandeire 6,4 \u00baC Antequera 5,9 \u00baC V\u00e9lez-M\u00e1laga 9,5 \u00baC Villa Nueva del Rosario 4,5 \u00baC Casabermeja 5,4 [&hellip;]<\/p>\n","protected":false},"author":16,"featured_media":43985,"comment_status":"open","ping_status":"open","sticky":false,"template":"","format":"standard","meta":[],"categories":[2],"tags":[358,587,800],"_links":{"self":[{"href":"https:\/\/blogs.diariosur.es\/tormentas-y-rayos\/wp-json\/wp\/v2\/posts\/43979"}],"collection":[{"href":"https:\/\/blogs.diariosur.es\/tormentas-y-rayos\/wp-json\/wp\/v2\/posts"}],"about":[{"href":"https:\/\/blogs.diariosur.es\/tormentas-y-rayos\/wp-json\/wp\/v2\/types\/post"}],"author":[{"embeddable":true,"href":"https:\/\/blogs.diariosur.es\/tormentas-y-rayos\/wp-json\/wp\/v2\/users\/16"}],"replies":[{"embeddable":true,"href":"https:\/\/blogs.diariosur.es\/tormentas-y-rayos\/wp-json\/wp\/v2\/comments?post=43979"}],"version-history":[{"count":11,"href":"https:\/\/blogs.diariosur.es\/tormentas-y-rayos\/wp-json\/wp\/v2\/posts\/43979\/revisions"}],"predecessor-version":[{"id":46697,"href":"https:\/\/blogs.diariosur.es\/tormentas-y-rayos\/wp-json\/wp\/v2\/posts\/43979\/revisions\/46697"}],"wp:featuredmedia":[{"embeddable":true,"href":"https:\/\/blogs.diariosur.es\/tormentas-y-rayos\/wp-json\/wp\/v2\/media\/43985"}],"wp:attachment":[{"href":"https:\/\/blogs.diariosur.es\/tormentas-y-rayos\/wp-json\/wp\/v2\/media?parent=43979"}],"wp:term":[{"taxonomy":"category","embeddable":true,"href":"https:\/\/blogs.diariosur.es\/tormentas-y-rayos\/wp-json\/wp\/v2\/categories?post=43979"},{"taxonomy":"post_tag","embeddable":true,"href":"https:\/\/blogs.diariosur.es\/tormentas-y-rayos\/wp-json\/wp\/v2\/tags?post=43979"}],"curies":[{"name":"wp","href":"https:\/\/api.w.org\/{rel}","templated":true}]}}