{"id":44015,"date":"2025-03-25T08:24:48","date_gmt":"2025-03-25T07:24:48","guid":{"rendered":"https:\/\/blogs.diariosur.es\/tormentas-y-rayos\/?p=44015"},"modified":"2025-10-06T08:00:16","modified_gmt":"2025-10-06T06:00:16","slug":"cuenta-atras-para-la-semana-santa-de-malaga-ya-se-limpian-las-playas-de-canas-y-otras-porquerias","status":"publish","type":"post","link":"https:\/\/blogs.diariosur.es\/tormentas-y-rayos\/2025\/03\/25\/cuenta-atras-para-la-semana-santa-de-malaga-ya-se-limpian-las-playas-de-canas-y-otras-porquerias\/","title":{"rendered":"Cuenta atr\u00e1s para la Semana Santa de M\u00e1laga: ya se limpian las playas de ca\u00f1as y otras porquer\u00edas"},"content":{"rendered":"<p><a href=\"https:\/\/static-blogs.diariosur.es\/wp-content\/uploads\/sites\/12\/2025\/03\/474591997_10231480374091459_5977821584942016476_n.jpg\"><img loading=\"lazy\" class=\"aligncenter size-thumbnail wp-image-43666\" src=\"https:\/\/static-blogs.diariosur.es\/wp-content\/uploads\/sites\/12\/2025\/03\/474591997_10231480374091459_5977821584942016476_n-150x150.jpg\" alt=\"\" width=\"150\" height=\"150\" srcset=\"https:\/\/static-blogs.diariosur.es\/wp-content\/uploads\/sites\/12\/2025\/03\/474591997_10231480374091459_5977821584942016476_n-150x150.jpg 150w, https:\/\/static-blogs.diariosur.es\/wp-content\/uploads\/sites\/12\/2025\/03\/474591997_10231480374091459_5977821584942016476_n-400x400.jpg 400w, https:\/\/static-blogs.diariosur.es\/wp-content\/uploads\/sites\/12\/2025\/03\/474591997_10231480374091459_5977821584942016476_n-408x408.jpg 408w, https:\/\/static-blogs.diariosur.es\/wp-content\/uploads\/sites\/12\/2025\/03\/474591997_10231480374091459_5977821584942016476_n-768x768.jpg 768w, https:\/\/static-blogs.diariosur.es\/wp-content\/uploads\/sites\/12\/2025\/03\/474591997_10231480374091459_5977821584942016476_n.jpg 1000w\" sizes=\"(max-width: 150px) 100vw, 150px\" \/><\/a><\/p>\n<p>&nbsp;<\/p>\n<p data-pm-slice=\"1 1 []\">Buenos d\u00edas, amigos de la meteo. De momento, cuenta atr\u00e1s para limpiar las playas malague\u00f1as del temporal que han sufrido por los r\u00edos y arroyos. Hay un mont\u00f3n de ca\u00f1as y otras porquer\u00edas. El s\u00e1bado y el domingo no se pod\u00eda pasear por la arena de las playas de M\u00e1laga capital y otras zonas de la costa malague\u00f1a. Desde ayer lunes y hoy martes, el equipo de limpieza del Ayuntamiento (Limasa) est\u00e1 haciendo un gran trabajo.<\/p>\n<p>Una vez limpias, que ser\u00e1 dentro de unos d\u00edas, hablaremos de la previsi\u00f3n del tiempo.<\/p>\n<p>Ojal\u00e1 sea este el protagonista.<\/p>\n<p>&nbsp;<\/p>\n<p><a href=\"https:\/\/static-blogs.diariosur.es\/wp-content\/uploads\/sites\/12\/2025\/03\/IMG-20250321-WA0054.jpg\"><img loading=\"lazy\" class=\"aligncenter size-full wp-image-44030\" src=\"https:\/\/static-blogs.diariosur.es\/wp-content\/uploads\/sites\/12\/2025\/03\/IMG-20250321-WA0054.jpg\" alt=\"\" width=\"450\" height=\"550\" srcset=\"https:\/\/static-blogs.diariosur.es\/wp-content\/uploads\/sites\/12\/2025\/03\/IMG-20250321-WA0054.jpg 450w, https:\/\/static-blogs.diariosur.es\/wp-content\/uploads\/sites\/12\/2025\/03\/IMG-20250321-WA0054-327x400.jpg 327w, https:\/\/static-blogs.diariosur.es\/wp-content\/uploads\/sites\/12\/2025\/03\/IMG-20250321-WA0054-334x408.jpg 334w\" sizes=\"(max-width: 450px) 100vw, 450px\" \/><\/a><\/p>\n<p>Hoy martes est\u00e1n mucho mejor, compar\u00e1ndola con las fotos y videos que os pongo abajo<\/p>\n<p>&nbsp;<\/p>\n<p><iframe loading=\"lazy\" title=\"Comienzan la limpieza de las playas de la costa malague\u00f1a.\" width=\"500\" height=\"281\" src=\"https:\/\/www.youtube.com\/embed\/Sck7OoRfUeA?feature=oembed\" frameborder=\"0\" allow=\"accelerometer; autoplay; clipboard-write; encrypted-media; gyroscope; picture-in-picture; web-share\" referrerpolicy=\"strict-origin-when-cross-origin\" allowfullscreen><\/iframe><\/p>\n<p>&nbsp;<\/p>\n<p><iframe loading=\"lazy\" title=\"Empieza la limpieza de ca\u00f1as en las playas de M\u00e1laga capital\" width=\"500\" height=\"281\" src=\"https:\/\/www.youtube.com\/embed\/eVhe6p1CE2A?feature=oembed\" frameborder=\"0\" allow=\"accelerometer; autoplay; clipboard-write; encrypted-media; gyroscope; picture-in-picture; web-share\" referrerpolicy=\"strict-origin-when-cross-origin\" allowfullscreen><\/iframe><\/p>\n<p>&nbsp;<\/p>\n<p><iframe loading=\"lazy\" title=\"Comienza la limpieza de las playas de M\u00e1laga de las ca\u00f1as que trajo el temporal\" width=\"500\" height=\"281\" src=\"https:\/\/www.youtube.com\/embed\/nx1-K3FmbIA?feature=oembed\" frameborder=\"0\" allow=\"accelerometer; autoplay; clipboard-write; encrypted-media; gyroscope; picture-in-picture; web-share\" referrerpolicy=\"strict-origin-when-cross-origin\" allowfullscreen><\/iframe><\/p>\n<p>&nbsp;<\/p>\n<p>&nbsp;<\/p>\n<p><a href=\"https:\/\/static-blogs.diariosur.es\/wp-content\/uploads\/sites\/12\/2025\/03\/486281875_10232058130335004_2851885702222001724_n-e1742886846869.jpg\"><img loading=\"lazy\" class=\"aligncenter size-full wp-image-44035\" src=\"https:\/\/static-blogs.diariosur.es\/wp-content\/uploads\/sites\/12\/2025\/03\/486281875_10232058130335004_2851885702222001724_n-e1742886846869.jpg\" alt=\"\" width=\"1200\" height=\"900\" \/><\/a><\/p>\n<p>&nbsp;<\/p>\n<p><strong>Hace unos d\u00edas presentaban este aspecto<\/strong><\/p>\n<p>&nbsp;<\/p>\n<p><iframe loading=\"lazy\" title=\"Guadalmar con ca\u00f1as.\" width=\"500\" height=\"281\" src=\"https:\/\/www.youtube.com\/embed\/y80s9yFTxlk?feature=oembed\" frameborder=\"0\" allow=\"accelerometer; autoplay; clipboard-write; encrypted-media; gyroscope; picture-in-picture; web-share\" referrerpolicy=\"strict-origin-when-cross-origin\" allowfullscreen><\/iframe><\/p>\n<p>&nbsp;<\/p>\n<p>&nbsp;<\/p>\n<p><a href=\"https:\/\/static-blogs.diariosur.es\/wp-content\/uploads\/sites\/12\/2025\/03\/IMG-20250324-WA0043-e1742830564601.jpg\"><img loading=\"lazy\" class=\"aligncenter size-full wp-image-44028\" src=\"https:\/\/static-blogs.diariosur.es\/wp-content\/uploads\/sites\/12\/2025\/03\/IMG-20250324-WA0043-e1742830564601.jpg\" alt=\"\" width=\"1000\" height=\"750\" \/><\/a><\/p>\n<p><a href=\"https:\/\/static-blogs.diariosur.es\/wp-content\/uploads\/sites\/12\/2025\/03\/FB_IMG_1742829445690-1-e1742829670363.jpg\"><img loading=\"lazy\" class=\"aligncenter size-full wp-image-44023\" src=\"https:\/\/static-blogs.diariosur.es\/wp-content\/uploads\/sites\/12\/2025\/03\/FB_IMG_1742829445690-1-e1742829670363.jpg\" alt=\"\" width=\"1000\" height=\"750\" \/><\/a><\/p>\n<p><a href=\"https:\/\/static-blogs.diariosur.es\/wp-content\/uploads\/sites\/12\/2025\/03\/FB_IMG_1742829439716-e1742829755845.jpg\"><img loading=\"lazy\" class=\"aligncenter size-full wp-image-44024\" src=\"https:\/\/static-blogs.diariosur.es\/wp-content\/uploads\/sites\/12\/2025\/03\/FB_IMG_1742829439716-e1742829755845.jpg\" alt=\"\" width=\"1000\" height=\"750\" \/><\/a><\/p>\n<p><a href=\"https:\/\/static-blogs.diariosur.es\/wp-content\/uploads\/sites\/12\/2025\/03\/FB_IMG_1742829434070-e1742829802904.jpg\"><img loading=\"lazy\" class=\"aligncenter size-full wp-image-44025\" src=\"https:\/\/static-blogs.diariosur.es\/wp-content\/uploads\/sites\/12\/2025\/03\/FB_IMG_1742829434070-e1742829802904.jpg\" alt=\"\" width=\"1000\" height=\"750\" \/><\/a><\/p>\n<p>&nbsp;<\/p>\n<p>Hoy martes presentan un mejor aspecto, este fin de semana podremos disfrutar paseando por las playas.<\/p>\n","protected":false},"excerpt":{"rendered":"<p>&nbsp; Buenos d\u00edas, amigos de la meteo. De momento, cuenta atr\u00e1s para limpiar las playas malague\u00f1as del temporal que han sufrido por los r\u00edos y arroyos. Hay un mont\u00f3n de ca\u00f1as y otras porquer\u00edas. El s\u00e1bado y el domingo no se pod\u00eda pasear por la arena de las playas de M\u00e1laga capital y otras zonas [&hellip;]<\/p>\n","protected":false},"author":16,"featured_media":44030,"comment_status":"open","ping_status":"open","sticky":false,"template":"","format":"standard","meta":[],"categories":[2],"tags":[35,587,888,902],"_links":{"self":[{"href":"https:\/\/blogs.diariosur.es\/tormentas-y-rayos\/wp-json\/wp\/v2\/posts\/44015"}],"collection":[{"href":"https:\/\/blogs.diariosur.es\/tormentas-y-rayos\/wp-json\/wp\/v2\/posts"}],"about":[{"href":"https:\/\/blogs.diariosur.es\/tormentas-y-rayos\/wp-json\/wp\/v2\/types\/post"}],"author":[{"embeddable":true,"href":"https:\/\/blogs.diariosur.es\/tormentas-y-rayos\/wp-json\/wp\/v2\/users\/16"}],"replies":[{"embeddable":true,"href":"https:\/\/blogs.diariosur.es\/tormentas-y-rayos\/wp-json\/wp\/v2\/comments?post=44015"}],"version-history":[{"count":13,"href":"https:\/\/blogs.diariosur.es\/tormentas-y-rayos\/wp-json\/wp\/v2\/posts\/44015\/revisions"}],"predecessor-version":[{"id":46695,"href":"https:\/\/blogs.diariosur.es\/tormentas-y-rayos\/wp-json\/wp\/v2\/posts\/44015\/revisions\/46695"}],"wp:featuredmedia":[{"embeddable":true,"href":"https:\/\/blogs.diariosur.es\/tormentas-y-rayos\/wp-json\/wp\/v2\/media\/44030"}],"wp:attachment":[{"href":"https:\/\/blogs.diariosur.es\/tormentas-y-rayos\/wp-json\/wp\/v2\/media?parent=44015"}],"wp:term":[{"taxonomy":"category","embeddable":true,"href":"https:\/\/blogs.diariosur.es\/tormentas-y-rayos\/wp-json\/wp\/v2\/categories?post=44015"},{"taxonomy":"post_tag","embeddable":true,"href":"https:\/\/blogs.diariosur.es\/tormentas-y-rayos\/wp-json\/wp\/v2\/tags?post=44015"}],"curies":[{"name":"wp","href":"https:\/\/api.w.org\/{rel}","templated":true}]}}