{"id":44056,"date":"2025-03-27T09:42:50","date_gmt":"2025-03-27T08:42:50","guid":{"rendered":"https:\/\/blogs.diariosur.es\/tormentas-y-rayos\/?p=44056"},"modified":"2025-10-06T07:56:56","modified_gmt":"2025-10-06T05:56:56","slug":"solo-tendremos-terral-y-poniente-en-malaga-y-su-provincia-el-fin-de-semana","status":"publish","type":"post","link":"https:\/\/blogs.diariosur.es\/tormentas-y-rayos\/2025\/03\/27\/solo-tendremos-terral-y-poniente-en-malaga-y-su-provincia-el-fin-de-semana\/","title":{"rendered":"\u00bfSolo tendremos terral y poniente en M\u00e1laga y su provincia el fin de semana?"},"content":{"rendered":"<p><a href=\"https:\/\/static-blogs.diariosur.es\/wp-content\/uploads\/sites\/12\/2025\/03\/485061785_10232007549910525_80981998006536982_n.jpg\"><img loading=\"lazy\" class=\"aligncenter size-thumbnail wp-image-43954\" src=\"https:\/\/static-blogs.diariosur.es\/wp-content\/uploads\/sites\/12\/2025\/03\/485061785_10232007549910525_80981998006536982_n-150x150.jpg\" alt=\"\" width=\"150\" height=\"150\" \/><\/a><\/p>\n<p data-pm-slice=\"1 1 []\">Buenos d\u00edas, amigos de la meteo. La temperatura m\u00ednima hoy en M\u00e1laga capital se ha registrado en la estaci\u00f3n de la Aemet del aeropuerto malague\u00f1o con 9,6 \u00baC.<\/p>\n<p>Destacar tambi\u00e9n Antequera con 5,5 \u00baC, Ronda 6,4 \u00baC, Gauc\u00edn 6,7 \u00baC, Archidona Huertas del R\u00edo 3,4 \u00baC. Fuente: AEMET, Meteoclimatic.<\/p>\n<p>Seguiremos con poniente y terral de primavera hoy jueves; en las zonas habituales donde entre terral, se sobrepasar\u00e1n los 20 y 22 \u00baC; en las dem\u00e1s zonas de la provincia, entre 17 y 19 \u00baC.<\/p>\n<h3><strong>\u00bfSolo tendremos terral y poniente en M\u00e1laga y su provincia el fin de semana?<\/strong><\/h3>\n<p><strong>Previsi\u00f3n s\u00e1bado 29 de marzo<\/strong><\/p>\n<p>En M\u00e1laga capital, el terral de primavera es probable que vaya por barrios; tendremos diferencia de temperaturas entre la zona del Puerto, Centro Meteorol\u00f3gico y Aeropuerto; en estas dos \u00faltimas estaciones se dar\u00e1n las m\u00e1ximas, que rondar\u00e1n entre los 24 y 25 \u00baC. A partir de las 16:00 horas es muy probable que el terral llegue a toda la capital. En cuanto a las rachas de viento, no se espera que sean fuertes; por la tarde s\u00ed ser\u00e1n moderadas, pero no molestar\u00e1n. En el resto de la provincia, las temperaturas m\u00e1ximas rondar\u00e1n entre los 18 y 21 \u00baC.<\/p>\n<p>La visibilidad ser\u00e1 buena para ver el eclipse de sol.<\/p>\n<p><strong>Previsi\u00f3n domingo 30 de marzo<\/strong><\/p>\n<p>El domingo a \u00faltima hora de la madrugada o primera hora de la ma\u00f1ana, el viento de terral de primavera cambiar\u00e1 a levante. A partir de las 12:00 horas podemos tener rachas moderadas en la costa, siendo algo m\u00e1s fuertes en zonas cercanas al Estrecho. Por el interior, como es el caso de la comarca de Ronda y Antequera, tambi\u00e9n habr\u00e1 rachas de viento moderadas. Las nubes bajas de retenci\u00f3n se dar\u00e1n en zonas cercanas monta\u00f1osas del litoral.<\/p>\n<p><strong>Las temperaturas m\u00e1ximas bajar\u00e1n; rondar\u00e1n entre los 16 y 19 \u00baC.<\/strong><\/p>\n<p>Hasta ma\u00f1ana.<\/p>\n<p>&nbsp;<\/p>\n<p>&nbsp;<\/p>\n","protected":false},"excerpt":{"rendered":"<p>Buenos d\u00edas, amigos de la meteo. La temperatura m\u00ednima hoy en M\u00e1laga capital se ha registrado en la estaci\u00f3n de la Aemet del aeropuerto malague\u00f1o con 9,6 \u00baC. Destacar tambi\u00e9n Antequera con 5,5 \u00baC, Ronda 6,4 \u00baC, Gauc\u00edn 6,7 \u00baC, Archidona Huertas del R\u00edo 3,4 \u00baC. Fuente: AEMET, Meteoclimatic. Seguiremos con poniente y terral de [&hellip;]<\/p>\n","protected":false},"author":16,"featured_media":44058,"comment_status":"open","ping_status":"open","sticky":false,"template":"","format":"standard","meta":[],"categories":[2],"tags":[358,587,791,800,975],"_links":{"self":[{"href":"https:\/\/blogs.diariosur.es\/tormentas-y-rayos\/wp-json\/wp\/v2\/posts\/44056"}],"collection":[{"href":"https:\/\/blogs.diariosur.es\/tormentas-y-rayos\/wp-json\/wp\/v2\/posts"}],"about":[{"href":"https:\/\/blogs.diariosur.es\/tormentas-y-rayos\/wp-json\/wp\/v2\/types\/post"}],"author":[{"embeddable":true,"href":"https:\/\/blogs.diariosur.es\/tormentas-y-rayos\/wp-json\/wp\/v2\/users\/16"}],"replies":[{"embeddable":true,"href":"https:\/\/blogs.diariosur.es\/tormentas-y-rayos\/wp-json\/wp\/v2\/comments?post=44056"}],"version-history":[{"count":2,"href":"https:\/\/blogs.diariosur.es\/tormentas-y-rayos\/wp-json\/wp\/v2\/posts\/44056\/revisions"}],"predecessor-version":[{"id":46693,"href":"https:\/\/blogs.diariosur.es\/tormentas-y-rayos\/wp-json\/wp\/v2\/posts\/44056\/revisions\/46693"}],"wp:featuredmedia":[{"embeddable":true,"href":"https:\/\/blogs.diariosur.es\/tormentas-y-rayos\/wp-json\/wp\/v2\/media\/44058"}],"wp:attachment":[{"href":"https:\/\/blogs.diariosur.es\/tormentas-y-rayos\/wp-json\/wp\/v2\/media?parent=44056"}],"wp:term":[{"taxonomy":"category","embeddable":true,"href":"https:\/\/blogs.diariosur.es\/tormentas-y-rayos\/wp-json\/wp\/v2\/categories?post=44056"},{"taxonomy":"post_tag","embeddable":true,"href":"https:\/\/blogs.diariosur.es\/tormentas-y-rayos\/wp-json\/wp\/v2\/tags?post=44056"}],"curies":[{"name":"wp","href":"https:\/\/api.w.org\/{rel}","templated":true}]}}