{"id":44073,"date":"2025-03-30T20:47:35","date_gmt":"2025-03-30T18:47:35","guid":{"rendered":"https:\/\/blogs.diariosur.es\/tormentas-y-rayos\/?p=44073"},"modified":"2025-03-30T20:47:35","modified_gmt":"2025-03-30T18:47:35","slug":"un-antes-y-un-despues-del-pantano-del-agujero-y-embalse-del-limosnero-fotos-y-videos-de-francisco-javier-gonzalez-y-jose-luis-escudero","status":"publish","type":"post","link":"https:\/\/blogs.diariosur.es\/tormentas-y-rayos\/2025\/03\/30\/un-antes-y-un-despues-del-pantano-del-agujero-y-embalse-del-limosnero-fotos-y-videos-de-francisco-javier-gonzalez-y-jose-luis-escudero\/","title":{"rendered":"Un antes y un despu\u00e9s del Pantano del Agujero y Embalse del Limosnero. Fotos y videos de Francisco Javier Gonz\u00e1lez y Jos\u00e9 Luis Escudero"},"content":{"rendered":"<p><a href=\"https:\/\/static-blogs.diariosur.es\/wp-content\/uploads\/sites\/12\/2025\/03\/130738248_10221381944997043_6257362087676436516_n.jpg\"><img loading=\"lazy\" class=\"aligncenter size-thumbnail wp-image-44057\" src=\"https:\/\/static-blogs.diariosur.es\/wp-content\/uploads\/sites\/12\/2025\/03\/130738248_10221381944997043_6257362087676436516_n-150x150.jpg\" alt=\"\" width=\"150\" height=\"150\" srcset=\"https:\/\/static-blogs.diariosur.es\/wp-content\/uploads\/sites\/12\/2025\/03\/130738248_10221381944997043_6257362087676436516_n-150x150.jpg 150w, https:\/\/static-blogs.diariosur.es\/wp-content\/uploads\/sites\/12\/2025\/03\/130738248_10221381944997043_6257362087676436516_n-400x400.jpg 400w, https:\/\/static-blogs.diariosur.es\/wp-content\/uploads\/sites\/12\/2025\/03\/130738248_10221381944997043_6257362087676436516_n-408x408.jpg 408w, https:\/\/static-blogs.diariosur.es\/wp-content\/uploads\/sites\/12\/2025\/03\/130738248_10221381944997043_6257362087676436516_n.jpg 768w\" sizes=\"(max-width: 150px) 100vw, 150px\" \/><\/a><\/p>\n<p>Buenos tardes noches, amigos de la meteo. No me he equivocado en el nombre de Limosnero, todo tiene una explicaci\u00f3n en Wikipedia, toca leer primero y luego ver un antes y un despu\u00e9s. Muchos malague\u00f1os no saben esto.<\/p>\n<p><em>La presa, cuyo titular es la Junta de Andaluc\u00eda, conocida por su notable infraestructura y funciones vitales para la regi\u00f3n, fue dise\u00f1ada por L. de Coss\u00edo y la empresa INYPSA. Clasificada en la categor\u00eda A debido a su riesgo potencial, las obras de construcci\u00f3n de la presa comenzaron el 21 de septiembre de 1979 y se finalizaron el 31 de diciembre de 1983. Los principales usos de esta presa incluyen el abastecimiento de agua y la defensa frente a avenidas, beneficiando principalmente a los usuarios de M\u00e1laga.<\/em><\/p>\n<p><em>Ubicada en la cuenca hidrogr\u00e1fica de las Cuencas Mediterr\u00e1neas Andaluzas, la presa se encuentra sobre el r\u00edo Guadalmedina, al cual afecta en una longitud de 5 km. La cuenca tiene una superficie de 166 km\u00b2, con una aportaci\u00f3n media anual de 15 hect\u00f3metros c\u00fabicos (Hm\u00b3) y una precipitaci\u00f3n media anual de 542 mm. El caudal de avenida de proyecto es de 1238 metros c\u00fabicos por segundo (m\u00b3\/s), lo que demuestra la capacidad de la infraestructura para manejar grandes vol\u00famenes de agua durante eventos de precipitaci\u00f3n extrema.<\/em><\/p>\n<p><em>En cuanto a los detalles t\u00e9cnicos de la presa, es del tipo de materiales sueltos con n\u00facleo de arcilla, con una cota de coronaci\u00f3n situada a 121 metros y una cota de cimientos a 26 metros. La altura desde los cimientos es de 95 metros, mientras que la cota del lecho del cauce est\u00e1 a 53 metros. El Nivel M\u00e1ximo Normal (NMN) de la presa se encuentra a 104 metros, con una superficie inundada a NMN de 105 hect\u00e1reas y una capacidad de almacenamiento de 25 Hm\u00b3.<\/em><\/p>\n<p><em>La longitud de coronaci\u00f3n de la presa es de 414 metros y el volumen del cuerpo de la presa asciende a 3.390.000 metros c\u00fabicos. Cuenta con dos conducciones de desag\u00fces de fondo, cada una con un di\u00e1metro de 1.80 metros y un caudal m\u00e1ximo de 100 m\u00b3\/s por desag\u00fce. El aliviadero de la presa es de tipolog\u00eda de labio fijo, con una capacidad m\u00e1xima de 614 m\u00b3\/s, la secci\u00f3n del umbral es de 10&#215;9,11 metros y la longitud del canal de 258 metros.<\/em><\/p>\n<p><em>Esta infraestructura hidr\u00e1ulica es crucial para la gesti\u00f3n de recursos h\u00eddricos en M\u00e1laga, proporcionando tanto suministro de agua como protecci\u00f3n contra inundaciones, contribuyendo as\u00ed al bienestar y seguridad de la poblaci\u00f3n y el entorno.<\/em><\/p>\n<p><em>El t\u00fanel de desv\u00edo tiene una capacidad de desag\u00fce de 600 m\u00b3\/s, una longitud de 452 metros y una secci\u00f3n de 52 metros cuadrados.<\/em><\/p>\n<p><em><span style=\"color: #ff0000;\"><strong>El nombre dado a la presa procede de un error tipogr\u00e1fico, pues el nombre ten\u00eda que haber sido Pantano del Limosnero pues las tierras donde se sit\u00faa pertenecieron anta\u00f1o a la figura del &#8220;limosnero&#8221; del obispado. La inexactitud en el cartel permaneci\u00f3 en el tiempo y se qued\u00f3 en la conciencia de los malague\u00f1os, y desde entonces se llama &#8220;EL PANTANO DEL LIMONERO&#8221;<\/strong><\/span><\/em><\/p>\n<p><em><span style=\"color: #ff0000;\"><strong>La finca del LIMOSNERO, se denominaba as\u00ed en recuerdo del presb\u00edtero y limosnero del obispo Francisco Edo, quien compr\u00f3 la finca en 1756. La pronunciaci\u00f3n transform\u00f3 el Limosnero en Limonero. (Limohnero)<\/strong><\/span><\/em><\/p>\n<p><em><strong>El pantano del Agujero\u00a0<\/strong><\/em><\/p>\n<p><em>Fuente Wikipedia<\/em><\/p>\n<p><em>Por causa de la gran riada del 23 de septiembre de 1907, fecha en la que el r\u00edo Guadalmedina no pudo absorber una intensa tromba de agua, el rey Alfonso XIII orden\u00f3 obras que impidieran estas inundaciones. En 1908, el ingeniero malague\u00f1o don Manuel Jim\u00e9nez Lombardo, presentar\u00eda el proyecto de construcci\u00f3n del pantano del Agujero a la Divisi\u00f3n Hidr\u00e1ulica del Sur de Espa\u00f1a. La presa retendr\u00eda las aguas de las grandes avenidas oto\u00f1ales del Guadalmedina, embals\u00e1ndolas en una cantidad aproximada de 4,5 hm<sup>3<\/sup>, a los que poco a poco ir\u00eda dando salida por un t\u00fanel que tiene una capacidad de 360 m<sup>3<\/sup>\u00a0con desag\u00fces de 60 m<sup>3<\/sup>\/s. Actualmente, sus compuertas y aliviaderos est\u00e1n fuera de uso, aunque a\u00fan operativas, por encontrarse la presa del Limonero aguas m\u00e1s abajo. Su superficie ocupa un espacio de 56 hect\u00e1reas. La presa es de f\u00e1brica de hormig\u00f3n, con los paramentos recubiertos de siller\u00eda, tipo gravedad, de planta recta, de 44 m de altura. El pantano se termino de construir en 1924,<\/em><\/p>\n<h3><span style=\"color: #0000ff;\"><strong>Un antes y un despu\u00e9s del Pantano del Agujero y Embalse del Limosnero<\/strong><\/span><\/h3>\n<p>Dar las gracias a mi amigo Francisco Javier Gonz\u00e1lez por compartir estas fotos, que hizo en septiembre de 2023. Hoy domingo que hacia levante he ido a verlos, ayer con el terral era imposible. Estoy muy mayor, jijijij<\/p>\n<p>&nbsp;<\/p>\n<p><strong>Pantano del Agujero, septiembre de 2023. Fotos de Francisco Javier Gonz\u00e1lez<\/strong><\/p>\n<p><a href=\"https:\/\/static-blogs.diariosur.es\/wp-content\/uploads\/sites\/12\/2025\/03\/zz-e1743239775675.jpg\"><img loading=\"lazy\" class=\"aligncenter size-full wp-image-44082\" src=\"https:\/\/static-blogs.diariosur.es\/wp-content\/uploads\/sites\/12\/2025\/03\/zz-e1743239775675.jpg\" alt=\"\" width=\"580\" height=\"1193\" \/><\/a><\/p>\n<p>&nbsp;<\/p>\n<p>&nbsp;<\/p>\n<p><a href=\"https:\/\/static-blogs.diariosur.es\/wp-content\/uploads\/sites\/12\/2025\/03\/486134631_10232044719639745_9044796451334744575_n-e1743230304312.jpg\"><img loading=\"lazy\" class=\"aligncenter size-full wp-image-44074\" src=\"https:\/\/static-blogs.diariosur.es\/wp-content\/uploads\/sites\/12\/2025\/03\/486134631_10232044719639745_9044796451334744575_n-e1743230304312.jpg\" alt=\"\" width=\"1000\" height=\"741\" \/><\/a><\/p>\n<p>&nbsp;<\/p>\n<p><a href=\"https:\/\/static-blogs.diariosur.es\/wp-content\/uploads\/sites\/12\/2025\/03\/485151895_10232044719799749_3921630618223169487_n-e1743230344612.jpg\"><img loading=\"lazy\" class=\"aligncenter size-full wp-image-44075\" src=\"https:\/\/static-blogs.diariosur.es\/wp-content\/uploads\/sites\/12\/2025\/03\/485151895_10232044719799749_3921630618223169487_n-e1743230344612.jpg\" alt=\"\" width=\"1000\" height=\"800\" \/><\/a><\/p>\n<p>&nbsp;<\/p>\n<p><strong>Embalse del Limosnero, septiembre de 2023. Fotos de Francisco Javier Gonz\u00e1lez<\/strong><\/p>\n<p>&nbsp;<\/p>\n<p>&nbsp;<\/p>\n<p><a href=\"https:\/\/static-blogs.diariosur.es\/wp-content\/uploads\/sites\/12\/2025\/03\/485729149_10232044651918052_1679661103653388072_n-e1743230386205.jpg\"><img loading=\"lazy\" class=\"aligncenter size-full wp-image-44076\" src=\"https:\/\/static-blogs.diariosur.es\/wp-content\/uploads\/sites\/12\/2025\/03\/485729149_10232044651918052_1679661103653388072_n-e1743230386205.jpg\" alt=\"\" width=\"1200\" height=\"335\" \/><\/a><\/p>\n<p>&nbsp;<\/p>\n<p><a href=\"https:\/\/static-blogs.diariosur.es\/wp-content\/uploads\/sites\/12\/2025\/03\/485947316_10232044666358413_5574150929229014946_n-e1743230434938.jpg\"><img loading=\"lazy\" class=\"aligncenter size-full wp-image-44077\" src=\"https:\/\/static-blogs.diariosur.es\/wp-content\/uploads\/sites\/12\/2025\/03\/485947316_10232044666358413_5574150929229014946_n-e1743230434938.jpg\" alt=\"\" width=\"1000\" height=\"486\" \/><\/a><\/p>\n<p>&nbsp;<\/p>\n<p><a href=\"https:\/\/static-blogs.diariosur.es\/wp-content\/uploads\/sites\/12\/2025\/03\/486038014_10232044657238185_6972076051510621257_n-e1743230463746.jpg\"><img loading=\"lazy\" class=\"aligncenter size-full wp-image-44078\" src=\"https:\/\/static-blogs.diariosur.es\/wp-content\/uploads\/sites\/12\/2025\/03\/486038014_10232044657238185_6972076051510621257_n-e1743230463746.jpg\" alt=\"\" width=\"1000\" height=\"512\" \/><\/a><\/p>\n<p>&nbsp;<\/p>\n<p><a href=\"https:\/\/static-blogs.diariosur.es\/wp-content\/uploads\/sites\/12\/2025\/03\/486437156_10232044657918202_2426651155070638898_n-e1743230497283.jpg\"><img loading=\"lazy\" class=\"aligncenter size-full wp-image-44079\" src=\"https:\/\/static-blogs.diariosur.es\/wp-content\/uploads\/sites\/12\/2025\/03\/486437156_10232044657918202_2426651155070638898_n-e1743230497283.jpg\" alt=\"\" width=\"1000\" height=\"470\" \/><\/a><\/p>\n<p>&nbsp;<\/p>\n<p><a href=\"https:\/\/static-blogs.diariosur.es\/wp-content\/uploads\/sites\/12\/2025\/03\/486524250_10232044706079406_889178587314989105_n-e1743230538642.jpg\"><img loading=\"lazy\" class=\"aligncenter size-full wp-image-44080\" src=\"https:\/\/static-blogs.diariosur.es\/wp-content\/uploads\/sites\/12\/2025\/03\/486524250_10232044706079406_889178587314989105_n-e1743230538642.jpg\" alt=\"\" width=\"1000\" height=\"661\" \/><\/a><\/p>\n<p>&nbsp;<\/p>\n<p><strong>Pantano del Agujero, domingo 30 de marzo de 2025. Fotos\u00a0 y video de Jos\u00e9 Luis Escudero<\/strong><\/p>\n<p>&nbsp;<\/p>\n<p>&nbsp;<\/p>\n<p><iframe loading=\"lazy\" title=\"Pantano del Agujero 30 de marzo de 2025\" width=\"500\" height=\"281\" src=\"https:\/\/www.youtube.com\/embed\/mj0wvsZOWzY?feature=oembed\" frameborder=\"0\" allow=\"accelerometer; autoplay; clipboard-write; encrypted-media; gyroscope; picture-in-picture; web-share\" referrerpolicy=\"strict-origin-when-cross-origin\" allowfullscreen><\/iframe><\/p>\n<p>&nbsp;<\/p>\n<p>&nbsp;<\/p>\n<p><iframe loading=\"lazy\" title=\"Pantano del Agujero 30 de abril de 2025\" width=\"500\" height=\"281\" src=\"https:\/\/www.youtube.com\/embed\/05hmJx6uuBc?feature=oembed\" frameborder=\"0\" allow=\"accelerometer; autoplay; clipboard-write; encrypted-media; gyroscope; picture-in-picture; web-share\" referrerpolicy=\"strict-origin-when-cross-origin\" allowfullscreen><\/iframe><\/p>\n<p>&nbsp;<\/p>\n<p>&nbsp;<\/p>\n<p><iframe loading=\"lazy\" title=\"Pantano del Agujero 30 de marzo de 2025\" width=\"500\" height=\"281\" src=\"https:\/\/www.youtube.com\/embed\/J5vZRa0IgqM?feature=oembed\" frameborder=\"0\" allow=\"accelerometer; autoplay; clipboard-write; encrypted-media; gyroscope; picture-in-picture; web-share\" referrerpolicy=\"strict-origin-when-cross-origin\" allowfullscreen><\/iframe><\/p>\n<p>&nbsp;<\/p>\n<p><a href=\"https:\/\/static-blogs.diariosur.es\/wp-content\/uploads\/sites\/12\/2025\/03\/1-1.jpg\"><img loading=\"lazy\" class=\"aligncenter size-full wp-image-44091\" src=\"https:\/\/static-blogs.diariosur.es\/wp-content\/uploads\/sites\/12\/2025\/03\/1-1.jpg\" alt=\"\" width=\"1200\" height=\"800\" srcset=\"https:\/\/static-blogs.diariosur.es\/wp-content\/uploads\/sites\/12\/2025\/03\/1-1.jpg 1200w, https:\/\/static-blogs.diariosur.es\/wp-content\/uploads\/sites\/12\/2025\/03\/1-1-600x400.jpg 600w, https:\/\/static-blogs.diariosur.es\/wp-content\/uploads\/sites\/12\/2025\/03\/1-1-612x408.jpg 612w, https:\/\/static-blogs.diariosur.es\/wp-content\/uploads\/sites\/12\/2025\/03\/1-1-768x512.jpg 768w\" sizes=\"(max-width: 1200px) 100vw, 1200px\" \/><\/a><\/p>\n<p>&nbsp;<\/p>\n<p><a href=\"https:\/\/static-blogs.diariosur.es\/wp-content\/uploads\/sites\/12\/2025\/03\/2-2.jpg\"><img loading=\"lazy\" class=\"aligncenter size-full wp-image-44092\" src=\"https:\/\/static-blogs.diariosur.es\/wp-content\/uploads\/sites\/12\/2025\/03\/2-2.jpg\" alt=\"\" width=\"1200\" height=\"800\" srcset=\"https:\/\/static-blogs.diariosur.es\/wp-content\/uploads\/sites\/12\/2025\/03\/2-2.jpg 1200w, https:\/\/static-blogs.diariosur.es\/wp-content\/uploads\/sites\/12\/2025\/03\/2-2-600x400.jpg 600w, https:\/\/static-blogs.diariosur.es\/wp-content\/uploads\/sites\/12\/2025\/03\/2-2-612x408.jpg 612w, https:\/\/static-blogs.diariosur.es\/wp-content\/uploads\/sites\/12\/2025\/03\/2-2-768x512.jpg 768w\" sizes=\"(max-width: 1200px) 100vw, 1200px\" \/><\/a><\/p>\n<p>&nbsp;<\/p>\n<p><a href=\"https:\/\/static-blogs.diariosur.es\/wp-content\/uploads\/sites\/12\/2025\/03\/3-1.jpg\"><img loading=\"lazy\" class=\"aligncenter size-full wp-image-44093\" src=\"https:\/\/static-blogs.diariosur.es\/wp-content\/uploads\/sites\/12\/2025\/03\/3-1.jpg\" alt=\"\" width=\"1200\" height=\"853\" srcset=\"https:\/\/static-blogs.diariosur.es\/wp-content\/uploads\/sites\/12\/2025\/03\/3-1.jpg 1200w, https:\/\/static-blogs.diariosur.es\/wp-content\/uploads\/sites\/12\/2025\/03\/3-1-563x400.jpg 563w, https:\/\/static-blogs.diariosur.es\/wp-content\/uploads\/sites\/12\/2025\/03\/3-1-574x408.jpg 574w, https:\/\/static-blogs.diariosur.es\/wp-content\/uploads\/sites\/12\/2025\/03\/3-1-768x546.jpg 768w\" sizes=\"(max-width: 1200px) 100vw, 1200px\" \/><\/a><\/p>\n<p>&nbsp;<\/p>\n<p><a href=\"https:\/\/static-blogs.diariosur.es\/wp-content\/uploads\/sites\/12\/2025\/03\/4-1.jpg\"><img loading=\"lazy\" class=\"aligncenter size-full wp-image-44094\" src=\"https:\/\/static-blogs.diariosur.es\/wp-content\/uploads\/sites\/12\/2025\/03\/4-1.jpg\" alt=\"\" width=\"1200\" height=\"800\" srcset=\"https:\/\/static-blogs.diariosur.es\/wp-content\/uploads\/sites\/12\/2025\/03\/4-1.jpg 1200w, https:\/\/static-blogs.diariosur.es\/wp-content\/uploads\/sites\/12\/2025\/03\/4-1-600x400.jpg 600w, https:\/\/static-blogs.diariosur.es\/wp-content\/uploads\/sites\/12\/2025\/03\/4-1-612x408.jpg 612w, https:\/\/static-blogs.diariosur.es\/wp-content\/uploads\/sites\/12\/2025\/03\/4-1-768x512.jpg 768w\" sizes=\"(max-width: 1200px) 100vw, 1200px\" \/><\/a><\/p>\n<p>&nbsp;<\/p>\n<p><strong>Embalse del Limonero, domingo 30 de marzo de 2025. Foto y v\u00eddeo de Jos\u00e9 Luis Escudero.<\/strong><\/p>\n<p>&nbsp;<\/p>\n<p><iframe loading=\"lazy\" title=\"Embalse del Limonero, 30 de abril de 2025\" width=\"500\" height=\"281\" src=\"https:\/\/www.youtube.com\/embed\/dkeAPPNxA9w?feature=oembed\" frameborder=\"0\" allow=\"accelerometer; autoplay; clipboard-write; encrypted-media; gyroscope; picture-in-picture; web-share\" referrerpolicy=\"strict-origin-when-cross-origin\" allowfullscreen><\/iframe><\/p>\n<p>&nbsp;<\/p>\n<p><a href=\"https:\/\/static-blogs.diariosur.es\/wp-content\/uploads\/sites\/12\/2025\/03\/5-1.jpg\"><img loading=\"lazy\" class=\"aligncenter size-full wp-image-44095\" src=\"https:\/\/static-blogs.diariosur.es\/wp-content\/uploads\/sites\/12\/2025\/03\/5-1.jpg\" alt=\"\" width=\"1200\" height=\"800\" srcset=\"https:\/\/static-blogs.diariosur.es\/wp-content\/uploads\/sites\/12\/2025\/03\/5-1.jpg 1200w, https:\/\/static-blogs.diariosur.es\/wp-content\/uploads\/sites\/12\/2025\/03\/5-1-600x400.jpg 600w, https:\/\/static-blogs.diariosur.es\/wp-content\/uploads\/sites\/12\/2025\/03\/5-1-612x408.jpg 612w, https:\/\/static-blogs.diariosur.es\/wp-content\/uploads\/sites\/12\/2025\/03\/5-1-768x512.jpg 768w\" sizes=\"(max-width: 1200px) 100vw, 1200px\" \/><\/a><\/p>\n<p>&nbsp;<\/p>\n<p><a href=\"https:\/\/static-blogs.diariosur.es\/wp-content\/uploads\/sites\/12\/2025\/03\/6.jpg\"><img loading=\"lazy\" class=\"aligncenter size-full wp-image-44096\" src=\"https:\/\/static-blogs.diariosur.es\/wp-content\/uploads\/sites\/12\/2025\/03\/6.jpg\" alt=\"\" width=\"1200\" height=\"800\" srcset=\"https:\/\/static-blogs.diariosur.es\/wp-content\/uploads\/sites\/12\/2025\/03\/6.jpg 1200w, https:\/\/static-blogs.diariosur.es\/wp-content\/uploads\/sites\/12\/2025\/03\/6-600x400.jpg 600w, https:\/\/static-blogs.diariosur.es\/wp-content\/uploads\/sites\/12\/2025\/03\/6-612x408.jpg 612w, https:\/\/static-blogs.diariosur.es\/wp-content\/uploads\/sites\/12\/2025\/03\/6-768x512.jpg 768w\" sizes=\"(max-width: 1200px) 100vw, 1200px\" \/><\/a><\/p>\n<p>&nbsp;<\/p>\n<p><a href=\"https:\/\/static-blogs.diariosur.es\/wp-content\/uploads\/sites\/12\/2025\/03\/7.jpg\"><img loading=\"lazy\" class=\"aligncenter size-full wp-image-44097\" src=\"https:\/\/static-blogs.diariosur.es\/wp-content\/uploads\/sites\/12\/2025\/03\/7.jpg\" alt=\"\" width=\"1200\" height=\"800\" srcset=\"https:\/\/static-blogs.diariosur.es\/wp-content\/uploads\/sites\/12\/2025\/03\/7.jpg 1200w, https:\/\/static-blogs.diariosur.es\/wp-content\/uploads\/sites\/12\/2025\/03\/7-600x400.jpg 600w, https:\/\/static-blogs.diariosur.es\/wp-content\/uploads\/sites\/12\/2025\/03\/7-612x408.jpg 612w, https:\/\/static-blogs.diariosur.es\/wp-content\/uploads\/sites\/12\/2025\/03\/7-768x512.jpg 768w\" sizes=\"(max-width: 1200px) 100vw, 1200px\" \/><\/a><\/p>\n<p>&nbsp;<\/p>\n<p><a href=\"https:\/\/static-blogs.diariosur.es\/wp-content\/uploads\/sites\/12\/2025\/03\/8.jpg\"><img loading=\"lazy\" class=\"aligncenter size-full wp-image-44098\" src=\"https:\/\/static-blogs.diariosur.es\/wp-content\/uploads\/sites\/12\/2025\/03\/8.jpg\" alt=\"\" width=\"1200\" height=\"800\" srcset=\"https:\/\/static-blogs.diariosur.es\/wp-content\/uploads\/sites\/12\/2025\/03\/8.jpg 1200w, https:\/\/static-blogs.diariosur.es\/wp-content\/uploads\/sites\/12\/2025\/03\/8-600x400.jpg 600w, https:\/\/static-blogs.diariosur.es\/wp-content\/uploads\/sites\/12\/2025\/03\/8-612x408.jpg 612w, https:\/\/static-blogs.diariosur.es\/wp-content\/uploads\/sites\/12\/2025\/03\/8-768x512.jpg 768w\" sizes=\"(max-width: 1200px) 100vw, 1200px\" \/><\/a><\/p>\n<p>&nbsp;<\/p>\n<p><a href=\"https:\/\/static-blogs.diariosur.es\/wp-content\/uploads\/sites\/12\/2025\/03\/9.jpg\"><img loading=\"lazy\" class=\"aligncenter size-full wp-image-44100\" src=\"https:\/\/static-blogs.diariosur.es\/wp-content\/uploads\/sites\/12\/2025\/03\/9.jpg\" alt=\"\" width=\"1200\" height=\"800\" srcset=\"https:\/\/static-blogs.diariosur.es\/wp-content\/uploads\/sites\/12\/2025\/03\/9.jpg 1200w, https:\/\/static-blogs.diariosur.es\/wp-content\/uploads\/sites\/12\/2025\/03\/9-600x400.jpg 600w, https:\/\/static-blogs.diariosur.es\/wp-content\/uploads\/sites\/12\/2025\/03\/9-612x408.jpg 612w, https:\/\/static-blogs.diariosur.es\/wp-content\/uploads\/sites\/12\/2025\/03\/9-768x512.jpg 768w\" sizes=\"(max-width: 1200px) 100vw, 1200px\" \/><\/a><\/p>\n<p>&nbsp;<\/p>\n<p>Espero que os haya gustado.<\/p>\n","protected":false},"excerpt":{"rendered":"<p>Buenos tardes noches, amigos de la meteo. No me he equivocado en el nombre de Limosnero, todo tiene una explicaci\u00f3n en Wikipedia, toca leer primero y luego ver un antes y un despu\u00e9s. Muchos malague\u00f1os no saben esto. La presa, cuyo titular es la Junta de Andaluc\u00eda, conocida por su notable infraestructura y funciones vitales [&hellip;]<\/p>\n","protected":false},"author":16,"featured_media":44101,"comment_status":"open","ping_status":"open","sticky":false,"template":"","format":"standard","meta":[],"categories":[2],"tags":[53,1778,1779,1135,2018,750],"_links":{"self":[{"href":"https:\/\/blogs.diariosur.es\/tormentas-y-rayos\/wp-json\/wp\/v2\/posts\/44073"}],"collection":[{"href":"https:\/\/blogs.diariosur.es\/tormentas-y-rayos\/wp-json\/wp\/v2\/posts"}],"about":[{"href":"https:\/\/blogs.diariosur.es\/tormentas-y-rayos\/wp-json\/wp\/v2\/types\/post"}],"author":[{"embeddable":true,"href":"https:\/\/blogs.diariosur.es\/tormentas-y-rayos\/wp-json\/wp\/v2\/users\/16"}],"replies":[{"embeddable":true,"href":"https:\/\/blogs.diariosur.es\/tormentas-y-rayos\/wp-json\/wp\/v2\/comments?post=44073"}],"version-history":[{"count":8,"href":"https:\/\/blogs.diariosur.es\/tormentas-y-rayos\/wp-json\/wp\/v2\/posts\/44073\/revisions"}],"predecessor-version":[{"id":44105,"href":"https:\/\/blogs.diariosur.es\/tormentas-y-rayos\/wp-json\/wp\/v2\/posts\/44073\/revisions\/44105"}],"wp:featuredmedia":[{"embeddable":true,"href":"https:\/\/blogs.diariosur.es\/tormentas-y-rayos\/wp-json\/wp\/v2\/media\/44101"}],"wp:attachment":[{"href":"https:\/\/blogs.diariosur.es\/tormentas-y-rayos\/wp-json\/wp\/v2\/media?parent=44073"}],"wp:term":[{"taxonomy":"category","embeddable":true,"href":"https:\/\/blogs.diariosur.es\/tormentas-y-rayos\/wp-json\/wp\/v2\/categories?post=44073"},{"taxonomy":"post_tag","embeddable":true,"href":"https:\/\/blogs.diariosur.es\/tormentas-y-rayos\/wp-json\/wp\/v2\/tags?post=44073"}],"curies":[{"name":"wp","href":"https:\/\/api.w.org\/{rel}","templated":true}]}}