{"id":44086,"date":"2025-03-29T17:20:44","date_gmt":"2025-03-29T16:20:44","guid":{"rendered":"https:\/\/blogs.diariosur.es\/tormentas-y-rayos\/?p=44086"},"modified":"2025-10-06T07:53:21","modified_gmt":"2025-10-06T05:53:21","slug":"me-equivoque-con-la-prediccion-de-hoy-sabado-en-malaga-capital-registramos-en-el-puerto-de-momento-la-maxima-de-espana","status":"publish","type":"post","link":"https:\/\/blogs.diariosur.es\/tormentas-y-rayos\/2025\/03\/29\/me-equivoque-con-la-prediccion-de-hoy-sabado-en-malaga-capital-registramos-en-el-puerto-de-momento-la-maxima-de-espana\/","title":{"rendered":"Me equivoqu\u00e9 con la predicci\u00f3n de hoy s\u00e1bado en M\u00e1laga capital. Registramos en el Puerto, de momento, la m\u00e1xima de Espa\u00f1a"},"content":{"rendered":"<p><a href=\"https:\/\/static-blogs.diariosur.es\/wp-content\/uploads\/sites\/12\/2025\/03\/130738248_10221381944997043_6257362087676436516_n.jpg\"><img loading=\"lazy\" class=\"aligncenter size-thumbnail wp-image-44057\" src=\"https:\/\/static-blogs.diariosur.es\/wp-content\/uploads\/sites\/12\/2025\/03\/130738248_10221381944997043_6257362087676436516_n-150x150.jpg\" alt=\"\" width=\"150\" height=\"150\" srcset=\"https:\/\/static-blogs.diariosur.es\/wp-content\/uploads\/sites\/12\/2025\/03\/130738248_10221381944997043_6257362087676436516_n-150x150.jpg 150w, https:\/\/static-blogs.diariosur.es\/wp-content\/uploads\/sites\/12\/2025\/03\/130738248_10221381944997043_6257362087676436516_n-400x400.jpg 400w, https:\/\/static-blogs.diariosur.es\/wp-content\/uploads\/sites\/12\/2025\/03\/130738248_10221381944997043_6257362087676436516_n-408x408.jpg 408w, https:\/\/static-blogs.diariosur.es\/wp-content\/uploads\/sites\/12\/2025\/03\/130738248_10221381944997043_6257362087676436516_n.jpg 768w\" sizes=\"(max-width: 150px) 100vw, 150px\" \/><\/a><\/p>\n<p>&nbsp;<\/p>\n<p data-pm-slice=\"1 1 []\">Buenas tardes,\u00a0amigos de la meteo. Como mucho me conoc\u00e9is como soy, y asumo mis errores; me equivoqu\u00e9 con la previsi\u00f3n que di el jueves para hoy s\u00e1bado; os pongo lo que dije.<\/p>\n<p><strong><em>Previsi\u00f3n s\u00e1bado 29 de marzo<\/em><\/strong><\/p>\n<p><strong><em>En M\u00e1laga capital, el terral de primavera es probable que vaya por barrios; tendremos diferencia de temperaturas <\/em><\/strong><strong><em>entre la zona del Puerto, Centro Meteorol\u00f3gico y Aeropuerto<\/em><\/strong><strong><em>; en estas dos \u00faltimas estaciones se dar\u00e1n las m\u00e1ximas, que rondar\u00e1n entre los 24 y 25 \u00baC. A partir de las 16:00 horas es muy probable que el terral llegue a toda la capital. En cuanto a las rachas de viento, no se espera que sean fuertes; por la tarde s\u00ed ser\u00e1n moderadas, pero no molestar\u00e1n. En el resto de la provincia, las temperaturas m\u00e1ximas rondar\u00e1n entre los 18 y 21 \u00baC. La visibilidad ser\u00e1 buena para ver el eclipse de sol.<\/em><\/strong><\/p>\n<p>Al final, la temperatura m\u00e1xima de momento en Espa\u00f1a se ha registrado en la estaci\u00f3n de la Aemet del Puerto con 28,3 \u00baC; el terral no ha ido por barrios. Menos mal que no me he equivocado en las nubes y hemos podido ver el eclipse parcial. Perdonadme y no me mand\u00e9is a la hoguera.<\/p>\n<p><strong>Ma\u00f1ana s\u00ed bajar\u00e1n las temperaturas m\u00e1ximas al entrar levante.<\/strong><\/p>\n<p>&nbsp;<\/p>\n<p>&nbsp;<\/p>\n<p><a href=\"https:\/\/static-blogs.diariosur.es\/wp-content\/uploads\/sites\/12\/2025\/03\/z-4-e1743264857840.jpg\"><img loading=\"lazy\" class=\"aligncenter size-full wp-image-44088\" src=\"https:\/\/static-blogs.diariosur.es\/wp-content\/uploads\/sites\/12\/2025\/03\/z-4-e1743264857840.jpg\" alt=\"\" width=\"1200\" height=\"504\" \/><\/a><\/p>\n<p>&nbsp;<\/p>\n<p>&nbsp;<\/p>\n<p>&nbsp;<\/p>\n","protected":false},"excerpt":{"rendered":"<p>&nbsp; Buenas tardes,\u00a0amigos de la meteo. Como mucho me conoc\u00e9is como soy, y asumo mis errores; me equivoqu\u00e9 con la previsi\u00f3n que di el jueves para hoy s\u00e1bado; os pongo lo que dije. Previsi\u00f3n s\u00e1bado 29 de marzo En M\u00e1laga capital, el terral de primavera es probable que vaya por barrios; tendremos diferencia de temperaturas [&hellip;]<\/p>\n","protected":false},"author":16,"featured_media":44089,"comment_status":"open","ping_status":"open","sticky":false,"template":"","format":"standard","meta":[],"categories":[2],"tags":[358,587,975],"_links":{"self":[{"href":"https:\/\/blogs.diariosur.es\/tormentas-y-rayos\/wp-json\/wp\/v2\/posts\/44086"}],"collection":[{"href":"https:\/\/blogs.diariosur.es\/tormentas-y-rayos\/wp-json\/wp\/v2\/posts"}],"about":[{"href":"https:\/\/blogs.diariosur.es\/tormentas-y-rayos\/wp-json\/wp\/v2\/types\/post"}],"author":[{"embeddable":true,"href":"https:\/\/blogs.diariosur.es\/tormentas-y-rayos\/wp-json\/wp\/v2\/users\/16"}],"replies":[{"embeddable":true,"href":"https:\/\/blogs.diariosur.es\/tormentas-y-rayos\/wp-json\/wp\/v2\/comments?post=44086"}],"version-history":[{"count":4,"href":"https:\/\/blogs.diariosur.es\/tormentas-y-rayos\/wp-json\/wp\/v2\/posts\/44086\/revisions"}],"predecessor-version":[{"id":46691,"href":"https:\/\/blogs.diariosur.es\/tormentas-y-rayos\/wp-json\/wp\/v2\/posts\/44086\/revisions\/46691"}],"wp:featuredmedia":[{"embeddable":true,"href":"https:\/\/blogs.diariosur.es\/tormentas-y-rayos\/wp-json\/wp\/v2\/media\/44089"}],"wp:attachment":[{"href":"https:\/\/blogs.diariosur.es\/tormentas-y-rayos\/wp-json\/wp\/v2\/media?parent=44086"}],"wp:term":[{"taxonomy":"category","embeddable":true,"href":"https:\/\/blogs.diariosur.es\/tormentas-y-rayos\/wp-json\/wp\/v2\/categories?post=44086"},{"taxonomy":"post_tag","embeddable":true,"href":"https:\/\/blogs.diariosur.es\/tormentas-y-rayos\/wp-json\/wp\/v2\/tags?post=44086"}],"curies":[{"name":"wp","href":"https:\/\/api.w.org\/{rel}","templated":true}]}}