{"id":44111,"date":"2025-03-31T08:54:17","date_gmt":"2025-03-31T06:54:17","guid":{"rendered":"https:\/\/blogs.diariosur.es\/tormentas-y-rayos\/?p=44111"},"modified":"2025-10-06T07:50:05","modified_gmt":"2025-10-06T05:50:05","slug":"abril-comenzara-en-la-provincia-de-malaga-con-polvo-en-suspension-manana-martes-pondre-los-probables-acumulados-de-precipitacion-del-jueves","status":"publish","type":"post","link":"https:\/\/blogs.diariosur.es\/tormentas-y-rayos\/2025\/03\/31\/abril-comenzara-en-la-provincia-de-malaga-con-polvo-en-suspension-manana-martes-pondre-los-probables-acumulados-de-precipitacion-del-jueves\/","title":{"rendered":"Abril comenzar\u00e1 en la provincia de M\u00e1laga con polvo en suspensi\u00f3n. Ma\u00f1ana martes, pondr\u00e9 los probables acumulados de precipitaci\u00f3n del jueves"},"content":{"rendered":"<p><a href=\"https:\/\/static-blogs.diariosur.es\/wp-content\/uploads\/sites\/12\/2025\/03\/130738248_10221381944997043_6257362087676436516_n.jpg\"><img loading=\"lazy\" class=\"aligncenter size-thumbnail wp-image-44057\" src=\"https:\/\/static-blogs.diariosur.es\/wp-content\/uploads\/sites\/12\/2025\/03\/130738248_10221381944997043_6257362087676436516_n-150x150.jpg\" alt=\"\" width=\"150\" height=\"150\" srcset=\"https:\/\/static-blogs.diariosur.es\/wp-content\/uploads\/sites\/12\/2025\/03\/130738248_10221381944997043_6257362087676436516_n-150x150.jpg 150w, https:\/\/static-blogs.diariosur.es\/wp-content\/uploads\/sites\/12\/2025\/03\/130738248_10221381944997043_6257362087676436516_n-400x400.jpg 400w, https:\/\/static-blogs.diariosur.es\/wp-content\/uploads\/sites\/12\/2025\/03\/130738248_10221381944997043_6257362087676436516_n-408x408.jpg 408w, https:\/\/static-blogs.diariosur.es\/wp-content\/uploads\/sites\/12\/2025\/03\/130738248_10221381944997043_6257362087676436516_n.jpg 768w\" sizes=\"(max-width: 150px) 100vw, 150px\" \/><\/a><\/p>\n<p data-pm-slice=\"1 1 []\">Buenos d\u00edas, amigos de la meteo. La temperatura m\u00ednima en M\u00e1laga capital la ha registrado el Centro Meteorol\u00f3gico con 9,5 \u00baC; hoy se espera una m\u00e1xima de entre 20 y 21 \u00baC.<\/p>\n<p>Os paso las m\u00e1ximas que prev\u00e9 la Aemet para hoy en la provincia malague\u00f1a.<\/p>\n<p>&nbsp;<\/p>\n<p><a href=\"https:\/\/static-blogs.diariosur.es\/wp-content\/uploads\/sites\/12\/2025\/03\/Captura-de-pantalla-2025-03-31-082835.jpg\"><img loading=\"lazy\" class=\"aligncenter size-full wp-image-44113\" src=\"https:\/\/static-blogs.diariosur.es\/wp-content\/uploads\/sites\/12\/2025\/03\/Captura-de-pantalla-2025-03-31-082835.jpg\" alt=\"\" width=\"1045\" height=\"847\" srcset=\"https:\/\/static-blogs.diariosur.es\/wp-content\/uploads\/sites\/12\/2025\/03\/Captura-de-pantalla-2025-03-31-082835.jpg 1045w, https:\/\/static-blogs.diariosur.es\/wp-content\/uploads\/sites\/12\/2025\/03\/Captura-de-pantalla-2025-03-31-082835-494x400.jpg 494w, https:\/\/static-blogs.diariosur.es\/wp-content\/uploads\/sites\/12\/2025\/03\/Captura-de-pantalla-2025-03-31-082835-503x408.jpg 503w, https:\/\/static-blogs.diariosur.es\/wp-content\/uploads\/sites\/12\/2025\/03\/Captura-de-pantalla-2025-03-31-082835-768x622.jpg 768w\" sizes=\"(max-width: 1045px) 100vw, 1045px\" \/><\/a><\/p>\n<p>&nbsp;<\/p>\n<p>&nbsp;<\/p>\n<p>Si ayer no entrasteis al blog, pinchar en el enlace. Os gustara mucho<\/p>\n<h3 class=\"voc-blogs-section\"><a href=\"https:\/\/blogs.diariosur.es\/tormentas-y-rayos\/2025\/03\/30\/un-antes-y-un-despues-del-pantano-del-agujero-y-embalse-del-limosnero-fotos-y-videos-de-francisco-javier-gonzalez-y-jose-luis-escudero\/\"><span style=\"color: #ff0000;\"><span style=\"color: #000000;\">Un antes y un despu\u00e9s del Pantano del Agujero y Embalse del Limosnero.<\/span><\/span><\/a><\/h3>\n<h3 data-pm-slice=\"1 1 []\"><strong>Abril comenzar\u00e1 en M\u00e1laga con polvo en suspensi\u00f3n. Ma\u00f1ana martes, pondr\u00e9 los probables acumulados del jueves d\u00eda 3.<\/strong><\/h3>\n<p>Tranquilos porque la concentraci\u00f3n <strong>no ser\u00e1 muy alta<\/strong>; por la tarde se ir\u00e1 quitando con la ayuda del poniente aterralado. Los cielos estar\u00e1n con nubes medias y altas; pueden caer algunas <strong>gotas<\/strong> en algunos puntos de la zona m\u00e1s occidental que ir\u00e1n acompa\u00f1adas de dep\u00f3sitos de barro.<\/p>\n<p>Os paso el mapa de concentraci\u00f3n de polvo en suspensi\u00f3n.<\/p>\n<p>&nbsp;<\/p>\n<p><a href=\"https:\/\/static-blogs.diariosur.es\/wp-content\/uploads\/sites\/12\/2025\/03\/polvo.jpg\"><img loading=\"lazy\" class=\"aligncenter size-full wp-image-44112\" src=\"https:\/\/static-blogs.diariosur.es\/wp-content\/uploads\/sites\/12\/2025\/03\/polvo.jpg\" alt=\"\" width=\"1155\" height=\"1227\" srcset=\"https:\/\/static-blogs.diariosur.es\/wp-content\/uploads\/sites\/12\/2025\/03\/polvo.jpg 1155w, https:\/\/static-blogs.diariosur.es\/wp-content\/uploads\/sites\/12\/2025\/03\/polvo-377x400.jpg 377w, https:\/\/static-blogs.diariosur.es\/wp-content\/uploads\/sites\/12\/2025\/03\/polvo-384x408.jpg 384w, https:\/\/static-blogs.diariosur.es\/wp-content\/uploads\/sites\/12\/2025\/03\/polvo-768x816.jpg 768w\" sizes=\"(max-width: 1155px) 100vw, 1155px\" \/><\/a><\/p>\n<p>Las temperaturas m\u00e1ximas subir\u00e1n en toda la provincia.<\/p>\n<p>&nbsp;<\/p>\n<p><a href=\"https:\/\/static-blogs.diariosur.es\/wp-content\/uploads\/sites\/12\/2025\/03\/martes-1.jpg\"><img loading=\"lazy\" class=\"aligncenter size-full wp-image-44115\" src=\"https:\/\/static-blogs.diariosur.es\/wp-content\/uploads\/sites\/12\/2025\/03\/martes-1.jpg\" alt=\"\" width=\"1048\" height=\"822\" srcset=\"https:\/\/static-blogs.diariosur.es\/wp-content\/uploads\/sites\/12\/2025\/03\/martes-1.jpg 1048w, https:\/\/static-blogs.diariosur.es\/wp-content\/uploads\/sites\/12\/2025\/03\/martes-1-510x400.jpg 510w, https:\/\/static-blogs.diariosur.es\/wp-content\/uploads\/sites\/12\/2025\/03\/martes-1-520x408.jpg 520w, https:\/\/static-blogs.diariosur.es\/wp-content\/uploads\/sites\/12\/2025\/03\/martes-1-768x602.jpg 768w\" sizes=\"(max-width: 1048px) 100vw, 1048px\" \/><\/a><\/p>\n<p>&nbsp;<\/p>\n<p>Nos vemos ma\u00f1ana<\/p>\n","protected":false},"excerpt":{"rendered":"<p>Buenos d\u00edas, amigos de la meteo. La temperatura m\u00ednima en M\u00e1laga capital la ha registrado el Centro Meteorol\u00f3gico con 9,5 \u00baC; hoy se espera una m\u00e1xima de entre 20 y 21 \u00baC. Os paso las m\u00e1ximas que prev\u00e9 la Aemet para hoy en la provincia malague\u00f1a. &nbsp; &nbsp; &nbsp; Si ayer no entrasteis al blog, [&hellip;]<\/p>\n","protected":false},"author":16,"featured_media":44116,"comment_status":"open","ping_status":"open","sticky":false,"template":"","format":"standard","meta":[],"categories":[2],"tags":[209,358,587,789,800,947],"_links":{"self":[{"href":"https:\/\/blogs.diariosur.es\/tormentas-y-rayos\/wp-json\/wp\/v2\/posts\/44111"}],"collection":[{"href":"https:\/\/blogs.diariosur.es\/tormentas-y-rayos\/wp-json\/wp\/v2\/posts"}],"about":[{"href":"https:\/\/blogs.diariosur.es\/tormentas-y-rayos\/wp-json\/wp\/v2\/types\/post"}],"author":[{"embeddable":true,"href":"https:\/\/blogs.diariosur.es\/tormentas-y-rayos\/wp-json\/wp\/v2\/users\/16"}],"replies":[{"embeddable":true,"href":"https:\/\/blogs.diariosur.es\/tormentas-y-rayos\/wp-json\/wp\/v2\/comments?post=44111"}],"version-history":[{"count":4,"href":"https:\/\/blogs.diariosur.es\/tormentas-y-rayos\/wp-json\/wp\/v2\/posts\/44111\/revisions"}],"predecessor-version":[{"id":46689,"href":"https:\/\/blogs.diariosur.es\/tormentas-y-rayos\/wp-json\/wp\/v2\/posts\/44111\/revisions\/46689"}],"wp:featuredmedia":[{"embeddable":true,"href":"https:\/\/blogs.diariosur.es\/tormentas-y-rayos\/wp-json\/wp\/v2\/media\/44116"}],"wp:attachment":[{"href":"https:\/\/blogs.diariosur.es\/tormentas-y-rayos\/wp-json\/wp\/v2\/media?parent=44111"}],"wp:term":[{"taxonomy":"category","embeddable":true,"href":"https:\/\/blogs.diariosur.es\/tormentas-y-rayos\/wp-json\/wp\/v2\/categories?post=44111"},{"taxonomy":"post_tag","embeddable":true,"href":"https:\/\/blogs.diariosur.es\/tormentas-y-rayos\/wp-json\/wp\/v2\/tags?post=44111"}],"curies":[{"name":"wp","href":"https:\/\/api.w.org\/{rel}","templated":true}]}}