{"id":44118,"date":"2025-04-01T08:46:12","date_gmt":"2025-04-01T06:46:12","guid":{"rendered":"https:\/\/blogs.diariosur.es\/tormentas-y-rayos\/?p=44118"},"modified":"2025-10-05T20:10:28","modified_gmt":"2025-10-05T18:10:28","slug":"probables-acumulados-de-precipitacion-el-jueves-en-la-provincia-de-malaga","status":"publish","type":"post","link":"https:\/\/blogs.diariosur.es\/tormentas-y-rayos\/2025\/04\/01\/probables-acumulados-de-precipitacion-el-jueves-en-la-provincia-de-malaga\/","title":{"rendered":"Probables acumulados de precipitaci\u00f3n el jueves en la provincia de M\u00e1laga"},"content":{"rendered":"<p><a href=\"https:\/\/static-blogs.diariosur.es\/wp-content\/uploads\/sites\/12\/2025\/03\/485061785_10232007549910525_80981998006536982_n-1.jpg\"><img loading=\"lazy\" class=\"aligncenter size-thumbnail wp-image-43964\" src=\"https:\/\/static-blogs.diariosur.es\/wp-content\/uploads\/sites\/12\/2025\/03\/485061785_10232007549910525_80981998006536982_n-1-150x150.jpg\" alt=\"\" width=\"150\" height=\"150\" \/><\/a><\/p>\n<p>Buenos d\u00edas, amigos de la meteo. Precioso amanecer que hemos tenido hoy 1 de abril a las ocho menos diez de la ma\u00f1ana.<\/p>\n<p>&nbsp;<\/p>\n<p><iframe loading=\"lazy\" title=\"Amanecer 1 de abril de 2025, en M\u00e1laga capital\" width=\"500\" height=\"281\" src=\"https:\/\/www.youtube.com\/embed\/kBuselNTFc0?feature=oembed\" frameborder=\"0\" allow=\"accelerometer; autoplay; clipboard-write; encrypted-media; gyroscope; picture-in-picture; web-share\" referrerpolicy=\"strict-origin-when-cross-origin\" allowfullscreen><\/iframe><\/p>\n<p>&nbsp;<\/p>\n<p>&nbsp;<\/p>\n<p data-pm-slice=\"1 1 []\">No esper\u00e9is mucha precipitaci\u00f3n el jueves en la provincia de M\u00e1laga, salvo sorpresas. La mayor probabilidad se dar\u00e1 de madrugada y por la ma\u00f1ana; <strong>a partir de la tarde baja mucho la probabilidad.\u00a0<\/strong><\/p>\n<p>&nbsp;<\/p>\n<p>Os pongo el mapa de superficie de la Aemet y a continuaci\u00f3n los acumulados.<\/p>\n<p>&nbsp;<\/p>\n<p><a href=\"https:\/\/static-blogs.diariosur.es\/wp-content\/uploads\/sites\/12\/2025\/04\/2025033112072_ww_g1x0a2d3-e1743483457243.gif\"><img loading=\"lazy\" class=\"aligncenter size-full wp-image-44119\" src=\"https:\/\/static-blogs.diariosur.es\/wp-content\/uploads\/sites\/12\/2025\/04\/2025033112072_ww_g1x0a2d3-e1743483457243.gif\" alt=\"\" width=\"1000\" height=\"700\" \/><\/a><\/p>\n<p>&nbsp;<\/p>\n<p>&nbsp;<\/p>\n<p><strong>Americano<\/strong><\/p>\n<p><a href=\"https:\/\/static-blogs.diariosur.es\/wp-content\/uploads\/sites\/12\/2025\/04\/americano.jpg\"><img loading=\"lazy\" class=\"aligncenter size-full wp-image-44120\" src=\"https:\/\/static-blogs.diariosur.es\/wp-content\/uploads\/sites\/12\/2025\/04\/americano.jpg\" alt=\"\" width=\"1165\" height=\"1243\" srcset=\"https:\/\/static-blogs.diariosur.es\/wp-content\/uploads\/sites\/12\/2025\/04\/americano.jpg 1165w, https:\/\/static-blogs.diariosur.es\/wp-content\/uploads\/sites\/12\/2025\/04\/americano-375x400.jpg 375w, https:\/\/static-blogs.diariosur.es\/wp-content\/uploads\/sites\/12\/2025\/04\/americano-382x408.jpg 382w, https:\/\/static-blogs.diariosur.es\/wp-content\/uploads\/sites\/12\/2025\/04\/americano-768x819.jpg 768w\" sizes=\"(max-width: 1165px) 100vw, 1165px\" \/><\/a><\/p>\n<p>&nbsp;<\/p>\n<p><strong>Europeo<\/strong><\/p>\n<p><a href=\"https:\/\/static-blogs.diariosur.es\/wp-content\/uploads\/sites\/12\/2025\/04\/europeo.jpg\"><img loading=\"lazy\" class=\"aligncenter size-full wp-image-44121\" src=\"https:\/\/static-blogs.diariosur.es\/wp-content\/uploads\/sites\/12\/2025\/04\/europeo.jpg\" alt=\"\" width=\"1150\" height=\"1245\" srcset=\"https:\/\/static-blogs.diariosur.es\/wp-content\/uploads\/sites\/12\/2025\/04\/europeo.jpg 1150w, https:\/\/static-blogs.diariosur.es\/wp-content\/uploads\/sites\/12\/2025\/04\/europeo-369x400.jpg 369w, https:\/\/static-blogs.diariosur.es\/wp-content\/uploads\/sites\/12\/2025\/04\/europeo-377x408.jpg 377w, https:\/\/static-blogs.diariosur.es\/wp-content\/uploads\/sites\/12\/2025\/04\/europeo-768x831.jpg 768w\" sizes=\"(max-width: 1150px) 100vw, 1150px\" \/><\/a><\/p>\n<p>&nbsp;<\/p>\n<p>Os dejo con esta bonita foto de mi amigo Crist\u00f3bal Gambero.<\/p>\n<p>&nbsp;<\/p>\n<p><a href=\"https:\/\/static-blogs.diariosur.es\/wp-content\/uploads\/sites\/12\/2025\/04\/480942656_9293668514015393_2069612182704295695_n-e1743489846407.jpg\"><img loading=\"lazy\" class=\"aligncenter size-full wp-image-44123\" src=\"https:\/\/static-blogs.diariosur.es\/wp-content\/uploads\/sites\/12\/2025\/04\/480942656_9293668514015393_2069612182704295695_n-e1743489846407.jpg\" alt=\"\" width=\"800\" height=\"1199\" \/><\/a><\/p>\n","protected":false},"excerpt":{"rendered":"<p>Buenos d\u00edas, amigos de la meteo. Precioso amanecer que hemos tenido hoy 1 de abril a las ocho menos diez de la ma\u00f1ana. &nbsp; &nbsp; &nbsp; No esper\u00e9is mucha precipitaci\u00f3n el jueves en la provincia de M\u00e1laga, salvo sorpresas. La mayor probabilidad se dar\u00e1 de madrugada y por la ma\u00f1ana; a partir de la tarde [&hellip;]<\/p>\n","protected":false},"author":16,"featured_media":44123,"comment_status":"open","ping_status":"open","sticky":false,"template":"","format":"standard","meta":[],"categories":[2],"tags":[100,151,209,358,587,2019],"_links":{"self":[{"href":"https:\/\/blogs.diariosur.es\/tormentas-y-rayos\/wp-json\/wp\/v2\/posts\/44118"}],"collection":[{"href":"https:\/\/blogs.diariosur.es\/tormentas-y-rayos\/wp-json\/wp\/v2\/posts"}],"about":[{"href":"https:\/\/blogs.diariosur.es\/tormentas-y-rayos\/wp-json\/wp\/v2\/types\/post"}],"author":[{"embeddable":true,"href":"https:\/\/blogs.diariosur.es\/tormentas-y-rayos\/wp-json\/wp\/v2\/users\/16"}],"replies":[{"embeddable":true,"href":"https:\/\/blogs.diariosur.es\/tormentas-y-rayos\/wp-json\/wp\/v2\/comments?post=44118"}],"version-history":[{"count":3,"href":"https:\/\/blogs.diariosur.es\/tormentas-y-rayos\/wp-json\/wp\/v2\/posts\/44118\/revisions"}],"predecessor-version":[{"id":46681,"href":"https:\/\/blogs.diariosur.es\/tormentas-y-rayos\/wp-json\/wp\/v2\/posts\/44118\/revisions\/46681"}],"wp:featuredmedia":[{"embeddable":true,"href":"https:\/\/blogs.diariosur.es\/tormentas-y-rayos\/wp-json\/wp\/v2\/media\/44123"}],"wp:attachment":[{"href":"https:\/\/blogs.diariosur.es\/tormentas-y-rayos\/wp-json\/wp\/v2\/media?parent=44118"}],"wp:term":[{"taxonomy":"category","embeddable":true,"href":"https:\/\/blogs.diariosur.es\/tormentas-y-rayos\/wp-json\/wp\/v2\/categories?post=44118"},{"taxonomy":"post_tag","embeddable":true,"href":"https:\/\/blogs.diariosur.es\/tormentas-y-rayos\/wp-json\/wp\/v2\/tags?post=44118"}],"curies":[{"name":"wp","href":"https:\/\/api.w.org\/{rel}","templated":true}]}}