{"id":44132,"date":"2025-04-02T09:00:09","date_gmt":"2025-04-02T07:00:09","guid":{"rendered":"https:\/\/blogs.diariosur.es\/tormentas-y-rayos\/?p=44132"},"modified":"2025-10-05T20:09:12","modified_gmt":"2025-10-05T18:09:12","slug":"asi-se-ve-el-tiempo-para-los-traslados-de-semana-santa-en-malaga","status":"publish","type":"post","link":"https:\/\/blogs.diariosur.es\/tormentas-y-rayos\/2025\/04\/02\/asi-se-ve-el-tiempo-para-los-traslados-de-semana-santa-en-malaga\/","title":{"rendered":"As\u00ed se ve el tiempo para los traslados de Semana Santa en M\u00e1laga"},"content":{"rendered":"<p><a href=\"https:\/\/static-blogs.diariosur.es\/wp-content\/uploads\/sites\/12\/2025\/03\/130738248_10221381944997043_6257362087676436516_n.jpg\"><img loading=\"lazy\" class=\"aligncenter size-thumbnail wp-image-44057\" src=\"https:\/\/static-blogs.diariosur.es\/wp-content\/uploads\/sites\/12\/2025\/03\/130738248_10221381944997043_6257362087676436516_n-150x150.jpg\" alt=\"\" width=\"150\" height=\"150\" srcset=\"https:\/\/static-blogs.diariosur.es\/wp-content\/uploads\/sites\/12\/2025\/03\/130738248_10221381944997043_6257362087676436516_n-150x150.jpg 150w, https:\/\/static-blogs.diariosur.es\/wp-content\/uploads\/sites\/12\/2025\/03\/130738248_10221381944997043_6257362087676436516_n-400x400.jpg 400w, https:\/\/static-blogs.diariosur.es\/wp-content\/uploads\/sites\/12\/2025\/03\/130738248_10221381944997043_6257362087676436516_n-408x408.jpg 408w, https:\/\/static-blogs.diariosur.es\/wp-content\/uploads\/sites\/12\/2025\/03\/130738248_10221381944997043_6257362087676436516_n.jpg 768w\" sizes=\"(max-width: 150px) 100vw, 150px\" \/><\/a><\/p>\n<p data-pm-slice=\"1 1 []\">Buenos d\u00edas, amigos de la meteo. De momento no me pid\u00e1is m\u00e1s; hay mucha incertidumbre para la predicci\u00f3n de Semana Santa. A d\u00eda de hoy, no hay nada claro de momento.<\/p>\n<p>Los modelos principales, incluso las anomal\u00edas de precipitaciones y temperatura que salen semanalmente, cambian muy a menudo.<\/p>\n<p>Hasta el mi\u00e9rcoles 9 o jueves 10, no estar\u00e1 claro qu\u00e9 tiempo har\u00e1 el Domingo de Ramos; incluso si hay incertidumbre por danas, frentes, habr\u00e1 que verlo d\u00eda a d\u00eda. Si al final entra la dorsal anticicl\u00f3nica, la predicci\u00f3n abarcar\u00e1 m\u00e1s d\u00edas.<\/p>\n<h3><span style=\"color: #ff0000;\"><strong><span style=\"color: #000000;\">As\u00ed se ve el tiempo para los traslados de Semana Santa el jueves 3 de abril en M\u00e1laga<\/span>\u00a0<\/strong><\/span><\/h3>\n<p class=\"v-a-t\"><span style=\"color: #ff00ff;\"><strong>Esperanza y Refugio<\/strong><\/span><\/p>\n<p class=\"v-p\">Imagen: Virgen de la Esperanza y Refugio.<\/p>\n<p class=\"v-p\">Salida: Asilo de los \u00c1ngeles (Miraflores de los \u00c1ngeles).<\/p>\n<p class=\"v-p\">Horario: 19 horas.<\/p>\n<p class=\"v-p\">Recorrido:\u00a0Cuesta del Asilo, Pedro G\u00f3mez Sancho, Bursoto, Arroyo de los \u00c1ngeles, Carraca, plaza Garo y tinglao.<\/p>\n<p class=\"v-p\">M\u00fasica: Quinteto de metales de la banda sinf\u00f3nica Virgen de la Trinidad<\/p>\n<p>Fuente Diario Sur<\/p>\n<h4 class=\"v-a-t\"><span style=\"color: #ff00ff;\">Humildad y Paciencia<\/span><\/h4>\n<p class=\"v-p\">Cristo de la Humildad y Paciencia y Virgen de Dolores y Esperanza.<\/p>\n<p class=\"v-p\">Salida: Parroquia de San Vicente de Pa\u00fal (Cruz del Humilladero).<\/p>\n<p class=\"v-p\">Horario: 21 horas.<\/p>\n<p class=\"v-p\">Recorrido:\u00a0La Uni\u00f3n, Amarguillo, Enrique Herrera Moll, Jos\u00e9 Garc\u00eda Herrero, Juan B\u00e1rcena Manche\u00f1o, Almanzor, Alfambra, La Uni\u00f3n, Gregorio de Fr\u00edas, Federico Alba Valera, Reboul, plazuela Mar\u00eda Sant\u00edsima de Dolores y Esperanza, y casa hermandad.<\/p>\n<p class=\"v-p\">M\u00fasica: El Se\u00f1or, en silencio y la Virgen con la banda de m\u00fasica Cruz del Humilladero.<\/p>\n<div class=\"v-c-cmp v-c-cmp--t2\">\n<div class=\"v-cmp-chp\">\n<header class=\"v-cmp-chp__h\">\n<div class=\"v-cmp-chp__c\"><\/div>\n<\/header>\n<\/div>\n<\/div>\n<p>Con los modelos actualizados, la probabilidad de precipitaciones en la capital bajara mucho a partir de las<strong> 14:00 de la tarde<\/strong>.\u00a0 A primera hora de la madrugada del viernes aumenta la probabilidad de precipitaciones. En cuanto a la temperatura no se espera fr\u00edo ni rachas de viento fuerte.<\/p>\n<p>&nbsp;<\/p>\n<p>&nbsp;<\/p>\n<p><a href=\"https:\/\/static-blogs.diariosur.es\/wp-content\/uploads\/sites\/12\/2025\/04\/486239727_10232150739770182_4888785797684369463_n-horz.jpg\"><img loading=\"lazy\" class=\"aligncenter size-full wp-image-44140\" src=\"https:\/\/static-blogs.diariosur.es\/wp-content\/uploads\/sites\/12\/2025\/04\/486239727_10232150739770182_4888785797684369463_n-horz.jpg\" alt=\"\" width=\"1197\" height=\"391\" srcset=\"https:\/\/static-blogs.diariosur.es\/wp-content\/uploads\/sites\/12\/2025\/04\/486239727_10232150739770182_4888785797684369463_n-horz.jpg 1197w, https:\/\/static-blogs.diariosur.es\/wp-content\/uploads\/sites\/12\/2025\/04\/486239727_10232150739770182_4888785797684369463_n-horz-640x209.jpg 640w, https:\/\/static-blogs.diariosur.es\/wp-content\/uploads\/sites\/12\/2025\/04\/486239727_10232150739770182_4888785797684369463_n-horz-960x314.jpg 960w, https:\/\/static-blogs.diariosur.es\/wp-content\/uploads\/sites\/12\/2025\/04\/486239727_10232150739770182_4888785797684369463_n-horz-768x251.jpg 768w\" sizes=\"(max-width: 1197px) 100vw, 1197px\" \/><\/a><\/p>\n<p>&nbsp;<\/p>\n<p>&nbsp;<\/p>\n<p>&nbsp;<\/p>\n<p>&nbsp;<\/p>\n<p>&nbsp;<\/p>\n<p>&nbsp;<\/p>\n<p>&nbsp;<\/p>\n<p>&nbsp;<\/p>\n<p>&nbsp;<\/p>\n<p>&nbsp;<\/p>\n","protected":false},"excerpt":{"rendered":"<p>Buenos d\u00edas, amigos de la meteo. De momento no me pid\u00e1is m\u00e1s; hay mucha incertidumbre para la predicci\u00f3n de Semana Santa. A d\u00eda de hoy, no hay nada claro de momento. Los modelos principales, incluso las anomal\u00edas de precipitaciones y temperatura que salen semanalmente, cambian muy a menudo. Hasta el mi\u00e9rcoles 9 o jueves 10, [&hellip;]<\/p>\n","protected":false},"author":16,"featured_media":44140,"comment_status":"open","ping_status":"open","sticky":false,"template":"","format":"standard","meta":[],"categories":[2],"tags":[358,888,902],"_links":{"self":[{"href":"https:\/\/blogs.diariosur.es\/tormentas-y-rayos\/wp-json\/wp\/v2\/posts\/44132"}],"collection":[{"href":"https:\/\/blogs.diariosur.es\/tormentas-y-rayos\/wp-json\/wp\/v2\/posts"}],"about":[{"href":"https:\/\/blogs.diariosur.es\/tormentas-y-rayos\/wp-json\/wp\/v2\/types\/post"}],"author":[{"embeddable":true,"href":"https:\/\/blogs.diariosur.es\/tormentas-y-rayos\/wp-json\/wp\/v2\/users\/16"}],"replies":[{"embeddable":true,"href":"https:\/\/blogs.diariosur.es\/tormentas-y-rayos\/wp-json\/wp\/v2\/comments?post=44132"}],"version-history":[{"count":16,"href":"https:\/\/blogs.diariosur.es\/tormentas-y-rayos\/wp-json\/wp\/v2\/posts\/44132\/revisions"}],"predecessor-version":[{"id":46680,"href":"https:\/\/blogs.diariosur.es\/tormentas-y-rayos\/wp-json\/wp\/v2\/posts\/44132\/revisions\/46680"}],"wp:featuredmedia":[{"embeddable":true,"href":"https:\/\/blogs.diariosur.es\/tormentas-y-rayos\/wp-json\/wp\/v2\/media\/44140"}],"wp:attachment":[{"href":"https:\/\/blogs.diariosur.es\/tormentas-y-rayos\/wp-json\/wp\/v2\/media?parent=44132"}],"wp:term":[{"taxonomy":"category","embeddable":true,"href":"https:\/\/blogs.diariosur.es\/tormentas-y-rayos\/wp-json\/wp\/v2\/categories?post=44132"},{"taxonomy":"post_tag","embeddable":true,"href":"https:\/\/blogs.diariosur.es\/tormentas-y-rayos\/wp-json\/wp\/v2\/tags?post=44132"}],"curies":[{"name":"wp","href":"https:\/\/api.w.org\/{rel}","templated":true}]}}