{"id":44150,"date":"2025-04-03T08:23:29","date_gmt":"2025-04-03T06:23:29","guid":{"rendered":"https:\/\/blogs.diariosur.es\/tormentas-y-rayos\/?p=44150"},"modified":"2025-10-05T20:06:06","modified_gmt":"2025-10-05T18:06:06","slug":"donde-ha-llovido-mas-en-la-provincia-de-malaga-esta-pasada-madrugada-hasta-la-ocho-de-la-manana","status":"publish","type":"post","link":"https:\/\/blogs.diariosur.es\/tormentas-y-rayos\/2025\/04\/03\/donde-ha-llovido-mas-en-la-provincia-de-malaga-esta-pasada-madrugada-hasta-la-ocho-de-la-manana\/","title":{"rendered":"\u00bfD\u00f3nde ha llovido m\u00e1s en la provincia de M\u00e1laga esta pasada madrugada hasta la ocho de la ma\u00f1ana?"},"content":{"rendered":"<p><a href=\"https:\/\/static-blogs.diariosur.es\/wp-content\/uploads\/sites\/12\/2025\/03\/474591997_10231480374091459_5977821584942016476_n.jpg\"><img loading=\"lazy\" class=\"aligncenter size-thumbnail wp-image-43666\" src=\"https:\/\/static-blogs.diariosur.es\/wp-content\/uploads\/sites\/12\/2025\/03\/474591997_10231480374091459_5977821584942016476_n-150x150.jpg\" alt=\"\" width=\"150\" height=\"150\" srcset=\"https:\/\/static-blogs.diariosur.es\/wp-content\/uploads\/sites\/12\/2025\/03\/474591997_10231480374091459_5977821584942016476_n-150x150.jpg 150w, https:\/\/static-blogs.diariosur.es\/wp-content\/uploads\/sites\/12\/2025\/03\/474591997_10231480374091459_5977821584942016476_n-400x400.jpg 400w, https:\/\/static-blogs.diariosur.es\/wp-content\/uploads\/sites\/12\/2025\/03\/474591997_10231480374091459_5977821584942016476_n-408x408.jpg 408w, https:\/\/static-blogs.diariosur.es\/wp-content\/uploads\/sites\/12\/2025\/03\/474591997_10231480374091459_5977821584942016476_n-768x768.jpg 768w, https:\/\/static-blogs.diariosur.es\/wp-content\/uploads\/sites\/12\/2025\/03\/474591997_10231480374091459_5977821584942016476_n.jpg 1000w\" sizes=\"(max-width: 150px) 100vw, 150px\" \/><\/a><\/p>\n<p data-pm-slice=\"1 1 []\">Muy buenos d\u00edas, amigos de la meteo. Qu\u00e9 alegr\u00eda volver a oler a petricor; esta pasada madrugada ha ca\u00eddo un agua muy buena en toda la provincia. A mi pregunta que hago en el post, la buena noticia es que ha sido en la zona alta de la Axarqu\u00eda y comarca de Antequera, tambi\u00e9n zonas del Valle del Genal. Todos los embalses han registrado precipitaciones, rondando entre los 3 y 6 mm.<\/p>\n<p>Os pongo algunos datos de la Red Hidrosur y Wedreground hasta las ocho de la ma\u00f1ana. En estos momentos siguen cayendo precipitaciones.<\/p>\n<p>Alfarnatejo 20 mm<\/p>\n<p>Alfarnate 25 mm<\/p>\n<p>Rio Benamargosa<\/p>\n<p>Periana\u00a029 mm<\/p>\n<p>Alcauc\u00edn 16 mm<\/p>\n<p>Guaro Axarqu\u00eda 26 mm<\/p>\n<p>Villanueva del Rosario\u00a011 mm<\/p>\n<p>Arriate\u00a016 mm<\/p>\n<p>Humilladero\u00a016 mm<\/p>\n<p>Laguna de Fuente Piedra: 14,9 mm<\/p>\n<p>Alameda\u00a018 mm<\/p>\n<p>Rio Guadalhorce Bobadilla 14 mm<\/p>\n<p>R\u00edo Guadalteba, aforo Teba 16 mm.<\/p>\n<p>Rio Tur\u00f3n Ardales 9 mm<\/p>\n<p>Majada de las Lomas\u00a013 mm<\/p>\n<p>El Burgo 14 mm<\/p>\n<p>Campillos\u00a018 mm<\/p>\n<p>Ronda\u00a012 mm<\/p>\n<p>Sierra Yeguas\u00a019,5 mm<\/p>\n<p>Antequera\u00a016 mm<\/p>\n<p>Pujerra 11 mm<\/p>\n<p>Las precipitaciones volver\u00e1n a la provincia de M\u00e1laga a partir de primeras horas de la madrugada del viernes. Es probable que se active alg\u00fan aviso amarillo por precipitaciones.<\/p>\n<p>&nbsp;<\/p>\n","protected":false},"excerpt":{"rendered":"<p>Muy buenos d\u00edas, amigos de la meteo. Qu\u00e9 alegr\u00eda volver a oler a petricor; esta pasada madrugada ha ca\u00eddo un agua muy buena en toda la provincia. A mi pregunta que hago en el post, la buena noticia es que ha sido en la zona alta de la Axarqu\u00eda y comarca de Antequera, tambi\u00e9n zonas [&hellip;]<\/p>\n","protected":false},"author":16,"featured_media":44154,"comment_status":"open","ping_status":"open","sticky":false,"template":"","format":"standard","meta":[],"categories":[2],"tags":[188,358,569,587,2020],"_links":{"self":[{"href":"https:\/\/blogs.diariosur.es\/tormentas-y-rayos\/wp-json\/wp\/v2\/posts\/44150"}],"collection":[{"href":"https:\/\/blogs.diariosur.es\/tormentas-y-rayos\/wp-json\/wp\/v2\/posts"}],"about":[{"href":"https:\/\/blogs.diariosur.es\/tormentas-y-rayos\/wp-json\/wp\/v2\/types\/post"}],"author":[{"embeddable":true,"href":"https:\/\/blogs.diariosur.es\/tormentas-y-rayos\/wp-json\/wp\/v2\/users\/16"}],"replies":[{"embeddable":true,"href":"https:\/\/blogs.diariosur.es\/tormentas-y-rayos\/wp-json\/wp\/v2\/comments?post=44150"}],"version-history":[{"count":3,"href":"https:\/\/blogs.diariosur.es\/tormentas-y-rayos\/wp-json\/wp\/v2\/posts\/44150\/revisions"}],"predecessor-version":[{"id":46678,"href":"https:\/\/blogs.diariosur.es\/tormentas-y-rayos\/wp-json\/wp\/v2\/posts\/44150\/revisions\/46678"}],"wp:featuredmedia":[{"embeddable":true,"href":"https:\/\/blogs.diariosur.es\/tormentas-y-rayos\/wp-json\/wp\/v2\/media\/44154"}],"wp:attachment":[{"href":"https:\/\/blogs.diariosur.es\/tormentas-y-rayos\/wp-json\/wp\/v2\/media?parent=44150"}],"wp:term":[{"taxonomy":"category","embeddable":true,"href":"https:\/\/blogs.diariosur.es\/tormentas-y-rayos\/wp-json\/wp\/v2\/categories?post=44150"},{"taxonomy":"post_tag","embeddable":true,"href":"https:\/\/blogs.diariosur.es\/tormentas-y-rayos\/wp-json\/wp\/v2\/tags?post=44150"}],"curies":[{"name":"wp","href":"https:\/\/api.w.org\/{rel}","templated":true}]}}