{"id":44155,"date":"2025-04-03T11:17:33","date_gmt":"2025-04-03T09:17:33","guid":{"rendered":"https:\/\/blogs.diariosur.es\/tormentas-y-rayos\/?p=44155"},"modified":"2025-10-05T20:07:34","modified_gmt":"2025-10-05T18:07:34","slug":"asi-se-ve-el-tiempo-manana-4-de-abril-para-los-traslados-de-semana-santa-en-malaga","status":"publish","type":"post","link":"https:\/\/blogs.diariosur.es\/tormentas-y-rayos\/2025\/04\/03\/asi-se-ve-el-tiempo-manana-4-de-abril-para-los-traslados-de-semana-santa-en-malaga\/","title":{"rendered":"As\u00ed se ve el tiempo ma\u00f1ana 4 de abril para los traslados de Semana Santa en M\u00e1laga"},"content":{"rendered":"<p><a href=\"https:\/\/static-blogs.diariosur.es\/wp-content\/uploads\/sites\/12\/2025\/03\/485061785_10232007549910525_80981998006536982_n-1.jpg\"><img loading=\"lazy\" class=\"aligncenter size-thumbnail wp-image-43964\" src=\"https:\/\/static-blogs.diariosur.es\/wp-content\/uploads\/sites\/12\/2025\/03\/485061785_10232007549910525_80981998006536982_n-1-150x150.jpg\" alt=\"\" width=\"150\" height=\"150\" \/><\/a><\/p>\n<p>.<\/p>\n<p data-pm-slice=\"1 1 []\">Hola de nuevo, amigos de la meteo. Ma\u00f1ana tenemos muchos traslados en M\u00e1laga capital; abajo pod\u00e9is ver los horarios de salida.<\/p>\n<p>Con los modelos actualizados, la probabilidad de precipitaciones bajar\u00e1 a partir de las 29:00 o 19:30 horas. <strong>Si no hay sorpresas de \u00faltima hora<\/strong>, la mayor\u00eda de los traslados podr\u00e1n salir.<\/p>\n<p>Hoy jueves, en algunos puntos de la provincia malague\u00f1a, llevan acumulados entre 20 mm y 35 mm.<\/p>\n<p>&nbsp;<\/p>\n<div class=\"v-c-cmp v-c-cmp--ab-m\">\n<div class=\"v-cmp-u-b\">\n<ol class=\"v-cmp-u-b__u\">\n<li class=\"v-cmp-u-b__l\">\n<header class=\"v-cmp-u-b__h\">\n<div class=\"v-a-pre-t\"><span class=\"v-a-pre-t__p\">Viernes 4 de abril<\/span><\/div>\n<h4 class=\"v-a-t\">Jes\u00fas de la Puente (Paloma)<\/h4>\n<\/header>\n<\/li>\n<\/ol>\n<\/div>\n<\/div>\n<p class=\"v-p\">Imagen: Jes\u00fas de la Puente del Cedr\u00f3n.<\/p>\n<p class=\"v-p\">Lugar: Capilla de la Paloma (Centro).<\/p>\n<p class=\"v-p\">Horario: 20 horas.<\/p>\n<p class=\"v-p\">Recorrido:\u00a0V\u00eda crucis y traslado claustral con entronizaci\u00f3n del Se\u00f1or, y encendido de velas del trono de la Virgen de la Paloma.<\/p>\n<p class=\"v-p\">M\u00fasica: M\u00fasica a \u00f3rgano.<\/p>\n<div class=\"v-c-cmp v-c-cmp--ab-m\">\n<div class=\"v-cmp-u-b\">\n<ol class=\"v-cmp-u-b__u\">\n<li class=\"v-cmp-u-b__l\">\n<header class=\"v-cmp-u-b__h\">\n<div class=\"v-a-pre-t\">\n<div class=\"texto1\">Viernes 4 de abril<\/div>\n<\/div>\n<h4 class=\"v-a-t\">Nueva Esperanza<\/h4>\n<\/header>\n<\/li>\n<\/ol>\n<\/div>\n<\/div>\n<p class=\"v-p\"><strong>Im\u00e1genes:\u00a0<\/strong>Nazareno del Perd\u00f3n y Virgen de Nueva Esperanza.<\/p>\n<p class=\"v-p\"><strong>Salida:<\/strong>\u00a0Parroquia de Santa Ana y San Joaqu\u00edn (Nueva M\u00e1laga).<\/p>\n<p class=\"v-p\"><strong>Horario:<\/strong>\u00a020 horas.<\/p>\n<p class=\"v-p\"><strong>Recorrido:<\/strong>\u00a0Parroquia de Santa Ana y San Joaqu\u00edn, plaza de Don Jos\u00e9 Mar\u00eda Ortega, calle Maestro Pablo Luna, calle Sondalezas, colegio de Gamarra (por la calle Doctor Lazarraga), estaci\u00f3n en colegio de Gamarra (21.45 horas), Carril de Gamarra, calle Rosa, calle Magistrado Salvador Barber\u00e1, Camino de Castillejos y casa de hermandad.<\/p>\n<p class=\"v-p\"><strong>M\u00fasica:<\/strong>\u00a0Banda de M\u00fasica de Zamarrilla.<\/p>\n<div class=\"v-c-cmp v-c-cmp--ab-m\">\n<div class=\"v-cmp-u-b\">\n<ol class=\"v-cmp-u-b__u\">\n<li class=\"v-cmp-u-b__l\">\n<header class=\"v-cmp-u-b__h\">\n<div class=\"v-a-pre-t\">\n<div class=\"texto1\">Viernes 4 de abril<\/div>\n<\/div>\n<h4 class=\"v-a-t\">Nazareno de la Salud<\/h4>\n<\/header>\n<\/li>\n<\/ol>\n<\/div>\n<\/div>\n<p class=\"v-p\">Imagen: Jes\u00fas Nazareno de la Salud.<\/p>\n<p class=\"v-p\">Lugar: Parroquia del Santo \u00c1ngel de la Guarda (Huelin).<\/p>\n<p class=\"v-p\">Horario: 20.30 horas.<\/p>\n<p class=\"v-p\">Recorrido:\u00a0Ayala, Ferrocarril del Puerto, Rio Gallo, L\u00f3pez Pinto y Cottolengo.<\/p>\n<p class=\"v-p\">M\u00fasica: En silencio.<\/p>\n<div class=\"v-c-cmp v-c-cmp--ab-m\">\n<div class=\"v-cmp-u-b\">\n<ol class=\"v-cmp-u-b__u\">\n<li class=\"v-cmp-u-b__l\">\n<header class=\"v-cmp-u-b__h\">\n<div class=\"v-a-pre-t\">\n<div class=\"texto1\">Viernes 4 de abril<\/div>\n<\/div>\n<h4 class=\"v-a-t\">Rescate<\/h4>\n<\/header>\n<\/li>\n<\/ol>\n<\/div>\n<\/div>\n<p class=\"v-p\"><strong>Im\u00e1genes:<\/strong>\u00a0Jes\u00fas del Rescate y Virgen de Gracia.<\/p>\n<p class=\"v-p\"><strong>Salida<\/strong>: Capilla de calle Agua (Victoria).<\/p>\n<p class=\"v-p\"><strong>Horario:<\/strong>\u00a021 horas.<\/p>\n<p class=\"v-p\"><strong>Recorrido:<\/strong>\u00a0Agua y casa hermandad.<\/p>\n<p class=\"v-p\"><strong>M\u00fasica:<\/strong>\u00a0Capilla musical Nuestra Se\u00f1ora de la Concepci\u00f3n.<\/p>\n<div class=\"v-c-cmp v-c-cmp--ab-m\">\n<div class=\"v-cmp-u-b\">\n<ol class=\"v-cmp-u-b__u\">\n<li class=\"v-cmp-u-b__l\">\n<header class=\"v-cmp-u-b__h\">\n<div class=\"v-a-pre-t\">\n<div class=\"texto1\">Viernes 4 de abril<\/div>\n<\/div>\n<h4 class=\"v-a-t\">Esperanza<\/h4>\n<\/header>\n<\/li>\n<\/ol>\n<\/div>\n<\/div>\n<p class=\"v-p\"><strong>Im\u00e1genes:<\/strong>\u00a0Nazareno del Paso y Virgen de la Esperanza.<\/p>\n<p class=\"v-p\"><strong>Salida:<\/strong>\u00a0Bas\u00edlica de la Esperanza (El Perchel).<\/p>\n<p class=\"v-p\"><strong>Horario:<\/strong>\u00a0Hacia las 21 horas, tras el v\u00eda crucis, que comenzar\u00e1 a las 20 horas.<\/p>\n<p class=\"v-p\"><strong>Recorrido:<\/strong>\u00a0Hilera y casa hermandad.<\/p>\n<p class=\"v-p\"><strong>M\u00fasica:<\/strong>\u00a0Escolan\u00eda Aromas de Mayo, de la Hermandad de los Verdes, de Alhaur\u00edn.<\/p>\n<div class=\"v-c-cmp v-c-cmp--ab-m\">\n<div class=\"v-cmp-u-b\">\n<ol class=\"v-cmp-u-b__u\">\n<li class=\"v-cmp-u-b__l\">\n<header class=\"v-cmp-u-b__h\">\n<div class=\"v-a-pre-t\">\n<div class=\"texto1\">Viernes 4 de abril<\/div>\n<\/div>\n<h4 class=\"v-a-t\">Crucifixi\u00f3n<\/h4>\n<\/header>\n<\/li>\n<\/ol>\n<\/div>\n<\/div>\n<p class=\"v-p\"><strong>Im\u00e1genes:<\/strong>\u00a0Cristo de la Crucifixi\u00f3n y Virgen del Mayor Dolor en su Soledad.<\/p>\n<p class=\"v-p\"><strong>Salida:<\/strong>\u00a0Parroquia del Buen Pastor (El Ejido).<\/p>\n<p class=\"v-p\"><strong>Horario:<\/strong>\u00a0Hacia las 21.30 horas, tras la santa misa, que se oficiar\u00e1 a las 21 horas.<\/p>\n<p class=\"v-p\"><strong>Recorrido:<\/strong>\u00a0Plazuela Cristo de la Crucifixi\u00f3n, Hermosilla, Diego de Silo\u00e9 y casa hermandad. El traslado comenzar\u00e1, una vez finalizada la santa misa, que se oficiar\u00e1 a las 21 horas.<\/p>\n<p class=\"v-p\"><strong>M\u00fasica:<\/strong>\u00a0Capilla musical Nuestra Se\u00f1ora del Carmen Doloroso.<\/p>\n<p>&nbsp;<\/p>\n<p>El s\u00e1bado y el domingo baja mucho la probabilidad de precipitaciones en M\u00e1laga capital.<\/p>\n","protected":false},"excerpt":{"rendered":"<p>. Hola de nuevo, amigos de la meteo. Ma\u00f1ana tenemos muchos traslados en M\u00e1laga capital; abajo pod\u00e9is ver los horarios de salida. Con los modelos actualizados, la probabilidad de precipitaciones bajar\u00e1 a partir de las 29:00 o 19:30 horas. Si no hay sorpresas de \u00faltima hora, la mayor\u00eda de los traslados podr\u00e1n salir. Hoy jueves, [&hellip;]<\/p>\n","protected":false},"author":16,"featured_media":44140,"comment_status":"open","ping_status":"open","sticky":false,"template":"","format":"standard","meta":[],"categories":[2],"tags":[],"_links":{"self":[{"href":"https:\/\/blogs.diariosur.es\/tormentas-y-rayos\/wp-json\/wp\/v2\/posts\/44155"}],"collection":[{"href":"https:\/\/blogs.diariosur.es\/tormentas-y-rayos\/wp-json\/wp\/v2\/posts"}],"about":[{"href":"https:\/\/blogs.diariosur.es\/tormentas-y-rayos\/wp-json\/wp\/v2\/types\/post"}],"author":[{"embeddable":true,"href":"https:\/\/blogs.diariosur.es\/tormentas-y-rayos\/wp-json\/wp\/v2\/users\/16"}],"replies":[{"embeddable":true,"href":"https:\/\/blogs.diariosur.es\/tormentas-y-rayos\/wp-json\/wp\/v2\/comments?post=44155"}],"version-history":[{"count":4,"href":"https:\/\/blogs.diariosur.es\/tormentas-y-rayos\/wp-json\/wp\/v2\/posts\/44155\/revisions"}],"predecessor-version":[{"id":46679,"href":"https:\/\/blogs.diariosur.es\/tormentas-y-rayos\/wp-json\/wp\/v2\/posts\/44155\/revisions\/46679"}],"wp:featuredmedia":[{"embeddable":true,"href":"https:\/\/blogs.diariosur.es\/tormentas-y-rayos\/wp-json\/wp\/v2\/media\/44140"}],"wp:attachment":[{"href":"https:\/\/blogs.diariosur.es\/tormentas-y-rayos\/wp-json\/wp\/v2\/media?parent=44155"}],"wp:term":[{"taxonomy":"category","embeddable":true,"href":"https:\/\/blogs.diariosur.es\/tormentas-y-rayos\/wp-json\/wp\/v2\/categories?post=44155"},{"taxonomy":"post_tag","embeddable":true,"href":"https:\/\/blogs.diariosur.es\/tormentas-y-rayos\/wp-json\/wp\/v2\/tags?post=44155"}],"curies":[{"name":"wp","href":"https:\/\/api.w.org\/{rel}","templated":true}]}}