{"id":44165,"date":"2025-04-05T10:59:33","date_gmt":"2025-04-05T08:59:33","guid":{"rendered":"https:\/\/blogs.diariosur.es\/tormentas-y-rayos\/?p=44165"},"modified":"2025-04-06T08:22:21","modified_gmt":"2025-04-06T06:22:21","slug":"acumulados-de-precipitacion-en-la-provincia-de-malaga-3-y-4-de-abril-estado-actual-de-los-embalses","status":"publish","type":"post","link":"https:\/\/blogs.diariosur.es\/tormentas-y-rayos\/2025\/04\/05\/acumulados-de-precipitacion-en-la-provincia-de-malaga-3-y-4-de-abril-estado-actual-de-los-embalses\/","title":{"rendered":"Acumulados de precipitaci\u00f3n en la provincia de M\u00e1laga 3 y 4 de abril. Estado actual de los embalses"},"content":{"rendered":"<p><a href=\"https:\/\/static-blogs.diariosur.es\/wp-content\/uploads\/sites\/12\/2025\/03\/130738248_10221381944997043_6257362087676436516_n.jpg\"><img loading=\"lazy\" class=\"aligncenter size-thumbnail wp-image-44057\" src=\"https:\/\/static-blogs.diariosur.es\/wp-content\/uploads\/sites\/12\/2025\/03\/130738248_10221381944997043_6257362087676436516_n-150x150.jpg\" alt=\"\" width=\"150\" height=\"150\" srcset=\"https:\/\/static-blogs.diariosur.es\/wp-content\/uploads\/sites\/12\/2025\/03\/130738248_10221381944997043_6257362087676436516_n-150x150.jpg 150w, https:\/\/static-blogs.diariosur.es\/wp-content\/uploads\/sites\/12\/2025\/03\/130738248_10221381944997043_6257362087676436516_n-400x400.jpg 400w, https:\/\/static-blogs.diariosur.es\/wp-content\/uploads\/sites\/12\/2025\/03\/130738248_10221381944997043_6257362087676436516_n-408x408.jpg 408w, https:\/\/static-blogs.diariosur.es\/wp-content\/uploads\/sites\/12\/2025\/03\/130738248_10221381944997043_6257362087676436516_n.jpg 768w\" sizes=\"(max-width: 150px) 100vw, 150px\" \/><\/a><\/p>\n<p>Buenas tardes, amigos de la meteo. Antes de poneros los datos de precipitaciones y estado de los Embalses de M\u00e1laga. Pinchar a continuaci\u00f3n<\/p>\n<h3 class=\"voc-blogs-section\"><a href=\"https:\/\/blogs.diariosur.es\/tormentas-y-rayos\/2025\/04\/05\/que-podemos-esperar-para-esta-semana-santa-en-espana\/\"><span style=\"color: #ff0000;\">\u00bfQu\u00e9 podemos esperar para esta Semana Santa en Espa\u00f1a?<\/span><\/a><\/h3>\n<p>Os paso el estado actual de los embalses de la provincia de la M\u00e1laga. Os recuerdo que el a\u00f1o pasado en febrero estaban al<strong> 15,7 %<\/strong>. Destacando el Embalse de la Vi\u00f1uela a tan solo el <strong>7,4%<\/strong><\/p>\n<p>Pero tenemos que seguir siendo prudentes<\/p>\n<p>&nbsp;<\/p>\n<p><a href=\"https:\/\/static-blogs.diariosur.es\/wp-content\/uploads\/sites\/12\/2025\/04\/ABRIL-2025-e1743843156499.jpg\"><img loading=\"lazy\" class=\"aligncenter size-full wp-image-44178\" src=\"https:\/\/static-blogs.diariosur.es\/wp-content\/uploads\/sites\/12\/2025\/04\/ABRIL-2025-e1743843156499.jpg\" alt=\"\" width=\"1200\" height=\"469\" \/><\/a><\/p>\n<h3><\/h3>\n<p>&nbsp;<\/p>\n<h3><span style=\"color: #0000ff;\"><strong>Acumulados de precipitaci\u00f3n 3 y 4 de abril en la provincia de M\u00e1laga.<\/strong><\/span><\/h3>\n<h3><strong>Fuente Acamet\u00a0<\/strong><\/h3>\n<p>Los Valientes 60 mm<\/p>\n<p>Pilones Sierra de las Nieves\u00a0 69,9 mm<\/p>\n<p>Coto de las Corchas\u00a0 33,1 mm<\/p>\n<h3><strong>Fuente Meteoclimatic<\/strong><\/h3>\n<p>Alameda\u00a0 33,8 mm<\/p>\n<p>Algatoc\u00edn 24,9 mm<\/p>\n<p>Alhaur\u00edn de la Torre\u00a0 10 mm<\/p>\n<p>Alhaur\u00edn el Grande 17,6\u00a0 mm<\/p>\n<p>Archidona Norte\u00a0 30,3 mm<\/p>\n<p>Archidona Huertas del R\u00edo 24,8 mm<\/p>\n<p>Benalm\u00e1dena Arroyo de la Miel\u00a0 6,8 mm<\/p>\n<p>C\u00e1rtama Sierra Llana\u00a0 16,3 mm<\/p>\n<p>El Colmenar las Buitreras 24,6 mm<\/p>\n<p>Frigiliana 6,3 mm<\/p>\n<p>Ist\u00e1n\u00a0 30,4 mm<\/p>\n<p>La Cala del Moral\u00a0 12,4 mm<\/p>\n<p>La Cala de Mijas 9 mm<\/p>\n<p>Mijas Pueblo\u00a0 11,4 mm<\/p>\n<p>Nerja Las Palmeras 5,5 mm<\/p>\n<p>Tolox\u00a0 31,3 mm<\/p>\n<h3><strong>Fuente Red Hidrosur<\/strong><\/h3>\n<p>Sierra Mijas 5,7 mm<\/p>\n<p>Los Reales 18,6 mm<\/p>\n<p>Majada de las Lomas 31,4 mm<\/p>\n<p>R\u00edo Genal Jubrique\u00a0 21,2\u00a0 mm<\/p>\n<p>Pujerra 20 mm<\/p>\n<p>Cuevas del Becerro\u00a0 16,5 mm<\/p>\n<p>Oj\u00e9n\u00a0 21,2 mm<\/p>\n<p>El Torcal no hay dato<\/p>\n<p>M\u00e1laga Paseo de la Farola\u00a0 8,8 mm<\/p>\n<p>Depuradora de Marbella 19,8 mm<\/p>\n<p>Santo Pitar 20,6 mm<\/p>\n<p>Ca\u00f1ete la Real 16,1 mm<\/p>\n<p>Laguna Fuente Piedra 23,8<\/p>\n<p>Canal la Encantada\u00a0 24,1 mm<\/p>\n<p>Azud de Paredones 15,3 mm<\/p>\n<p>Coin\u00a0 22,9 mm<\/p>\n<p>Alcauc\u00edn\u00a0 28 mm<\/p>\n<p>Rio Guadalhorce C\u00e1rtama\u00a0 20,3 mm<\/p>\n<p>Villanueva de la Concepci\u00f3n 30,7 mm<\/p>\n<p>Casarabonela\u00a0 30,6 mm<\/p>\n<p>Colmenar\u00a0 25 mm<\/p>\n<p>Alfarnatejo\u00a0 42,1 mm<\/p>\n<p>Rio Benamargosa\u00a0 21,7 mm<\/p>\n<p>Torrox 4,1 mm<\/p>\n<p>Torre del Mar 11 mm<\/p>\n<p>La Ara\u00f1a\u00a0 10,1 mm<\/p>\n<p>Rio Guadiaro Majaceite\u00a0 26,6 mm<\/p>\n<p>Rio Grande 21,1 mm<\/p>\n<p>Las Golondrinas\u00a0 no hay datos<\/p>\n<p>Depuradora del Trapiche\u00a0 7,5 mm<\/p>\n<p>Fahala\u00a0 16,3 mm<\/p>\n<p>Rio Guadalhorce Bobadilla\u00a0 22,7 mm<\/p>\n<p>Rio Tur\u00f3n Ardales\u00a0 15,9 mm<\/p>\n<p>Rio Guadalteba Aforo Teba 21,3 mm<\/p>\n<p>Rio Guadalhorce Archidona 26,5 mm<\/p>\n<p>Embalse de la Concepci\u00f3n\u00a0 \u00a018,6 mm<\/p>\n<p>Embalse del Guadalteba 12,4 mm<\/p>\n<p>Embalse Conde del Guadalhorce\u00a0 11,6 mm<\/p>\n<p>Embalse del Limonero\u00a0 9,1 mm<\/p>\n<p>Embalse de la Vi\u00f1uela\u00a0 22,3 mm<\/p>\n<p>Embalse de Casasola 15,3 mm<\/p>\n<p>Embalse Guadalmina 21,2 mm<\/p>\n<p>Embalse Guadalmansa 23,6 mm<\/p>\n<h3><strong>Fuente Aemet<\/strong><\/h3>\n<p>Cortes de la Frontera\u00a0 24,2 mm<\/p>\n<p>Alpande\u00edre\u00a0 25,4 mm<\/p>\n<p>Gauc\u00edn 21 mm<\/p>\n<p>Manilva\u00a0 12,1 mm<\/p>\n<p>Benahavis 20,1 mm<\/p>\n<p>Estepona\u00a0 18,2 mm<\/p>\n<p>Fuengirola 8,4 mm<\/p>\n<p>Co\u00edn\u00a0 25 mm<\/p>\n<p>Fuente de Piedra\u00a0 28,8 mm<\/p>\n<p>Torremolinos 8,6 mm<\/p>\n<p>M\u00e1laga Aeropuerto 12,3 mm<\/p>\n<p>M\u00e1laga Centro Meteorol\u00f3gico 14,6 mm<\/p>\n<p>\u00c1lora 24,1 mm<\/p>\n<p>Ronda Instituto\u00a0 21,2 mm<\/p>\n<p>V\u00e9lez M\u00e1laga 13,8 mm<\/p>\n<p>Antequera\u00a0 27 mm<\/p>\n<p>Fuente de Piedra 30,1 mm<\/p>\n<h3><strong>Fuente Wunderground<\/strong><\/h3>\n<p>Yunquera\u00a0 24,2 mm<\/p>\n<p>El Burgo\u00a0 26,2 mm<\/p>\n<p>Arriate\u00a0 21,3 mm<\/p>\n<p>Ardales\u00a0 33,8 mm<\/p>\n<p>Campillos\u00a0 33,7<\/p>\n<p>Sierra Yeguas\u00a0 33,5 mm<\/p>\n<p>Humilladero 28,9 mm<\/p>\n<p>Cuevas de San Marcos\u00a0 30 mm,1 mm<\/p>\n<p>Villanueva de Algaidas\u00a0 29,2 mm<\/p>\n<p>Villanueva de Tapia 28,8 mm<\/p>\n<p>Villanueva del Trabuco 37,2 mm<\/p>\n<p>Villanueva del Rosario\u00a0 38,6 mm<\/p>\n<p>Casabermeja Arroyo Cauche 34,5 mm<\/p>\n<p>Periana\u00a0 55 mm<\/p>\n<p>Guaro\u00a0 53,5 mm<\/p>\n<p>Alfarnate 56,9 mm<\/p>\n<p>Canillas del Aceituno\u00a0 40,1 mm<\/p>\n<p>Benamocarra\u00a0 16,5 mm<\/p>\n<p>Almachar\u00a0 20 mm<\/p>\n<p>El Borge 20,8 mm<\/p>\n<p>Pizarra 30 mm<\/p>\n<p>Oj\u00e9n 28,2 mm<\/p>\n","protected":false},"excerpt":{"rendered":"<p>Buenas tardes, amigos de la meteo. Antes de poneros los datos de precipitaciones y estado de los Embalses de M\u00e1laga. Pinchar a continuaci\u00f3n \u00bfQu\u00e9 podemos esperar para esta Semana Santa en Espa\u00f1a? Os paso el estado actual de los embalses de la provincia de la M\u00e1laga. Os recuerdo que el a\u00f1o pasado en febrero estaban [&hellip;]<\/p>\n","protected":false},"author":16,"featured_media":44176,"comment_status":"open","ping_status":"open","sticky":false,"template":"","format":"standard","meta":[],"categories":[2],"tags":[2021,35,45,360,587,1154],"_links":{"self":[{"href":"https:\/\/blogs.diariosur.es\/tormentas-y-rayos\/wp-json\/wp\/v2\/posts\/44165"}],"collection":[{"href":"https:\/\/blogs.diariosur.es\/tormentas-y-rayos\/wp-json\/wp\/v2\/posts"}],"about":[{"href":"https:\/\/blogs.diariosur.es\/tormentas-y-rayos\/wp-json\/wp\/v2\/types\/post"}],"author":[{"embeddable":true,"href":"https:\/\/blogs.diariosur.es\/tormentas-y-rayos\/wp-json\/wp\/v2\/users\/16"}],"replies":[{"embeddable":true,"href":"https:\/\/blogs.diariosur.es\/tormentas-y-rayos\/wp-json\/wp\/v2\/comments?post=44165"}],"version-history":[{"count":8,"href":"https:\/\/blogs.diariosur.es\/tormentas-y-rayos\/wp-json\/wp\/v2\/posts\/44165\/revisions"}],"predecessor-version":[{"id":44183,"href":"https:\/\/blogs.diariosur.es\/tormentas-y-rayos\/wp-json\/wp\/v2\/posts\/44165\/revisions\/44183"}],"wp:featuredmedia":[{"embeddable":true,"href":"https:\/\/blogs.diariosur.es\/tormentas-y-rayos\/wp-json\/wp\/v2\/media\/44176"}],"wp:attachment":[{"href":"https:\/\/blogs.diariosur.es\/tormentas-y-rayos\/wp-json\/wp\/v2\/media?parent=44165"}],"wp:term":[{"taxonomy":"category","embeddable":true,"href":"https:\/\/blogs.diariosur.es\/tormentas-y-rayos\/wp-json\/wp\/v2\/categories?post=44165"},{"taxonomy":"post_tag","embeddable":true,"href":"https:\/\/blogs.diariosur.es\/tormentas-y-rayos\/wp-json\/wp\/v2\/tags?post=44165"}],"curies":[{"name":"wp","href":"https:\/\/api.w.org\/{rel}","templated":true}]}}